{"id":377606,"date":"2025-09-09T11:35:11","date_gmt":"2025-09-09T11:35:11","guid":{"rendered":"https:\/\/www.europesays.com\/fr\/377606\/"},"modified":"2025-09-09T11:35:11","modified_gmt":"2025-09-09T11:35:11","slug":"top-14-bayonne-swan-cormenier-et-arthur-iturria-aptes-luke-tagi-menage-lors-de-lentrainement-du-mardi","status":"publish","type":"post","link":"https:\/\/www.europesays.com\/fr\/377606\/","title":{"rendered":"Top 14 \u2013 Bayonne\u00a0: Swan Cormenier et Arthur Iturria aptes, Luke Tagi m\u00e9nag\u00e9 lors de l\u2019entra\u00eenement du mardi"},"content":{"rendered":"<p>\n                Le capitaine de l\u2019Aviron bayonnais Arthur Iturria, touch\u00e9 au dos face \u00e0 Perpignan, s\u2019est entra\u00een\u00e9 ce mardi matin \u00e0 quatre jours de la r\u00e9ception de Montpellier, tout comme Swan Cormenier. Le pilier droit Luke Tagi, qui se plaint d\u2019une cheville, n\u2019a pas particip\u00e9 \u00e0 la s\u00e9ance matinale.\n            <\/p>\n<p><strong><a href=\"https:\/\/www.rugbyrama.fr\/2025\/09\/08\/top-14-bayonne-la-force-tranquille-brise-un-demi-siecle-dattente-en-simposant-a-aime-giral-12916695.php\" target=\"_self\" rel=\"nofollow noopener\">Sorti vainqueur haut la main du match \u00e0 Perpignan la semaine pass\u00e9e (19-26)<\/a><\/strong>, l\u2019Aviron bayonnais va disputer son premier match \u00e0 domicile samedi (16h30), face \u00e0 une \u00e9quipe de Montpellier battue par Toulon lors de la premi\u00e8re journ\u00e9e (17-27). Ce week-end, les joueurs de Gr\u00e9gory Patat vont pouvoir d\u00e9couvrir la nouvelle extension de la tribune de Jean-Dauger, qui va permettre d\u2019accueillir 1\u00a0100 personnes suppl\u00e9mentaires pour satisfaire plus de supporters, les billets \u00e9tant souvent pris d\u2019assaut lorsque Bayonne joue \u00e0 domicile. Ce mardi matin, les ouvriers \u00e9taient encore en action pour que tout soit pr\u00eat \u00e0 temps, dans quelques jours.<\/p>\n<p>Tagi, en d\u00e9licatesse avec une cheville, absent de l\u2019entra\u00eenement<\/p>\n<p>En parall\u00e8le,<strong><a href=\"https:\/\/www.rugbyrama.fr\/equipe\/aviron-bayonnais\/\" target=\"_self\" rel=\"nofollow noopener\"> les joueurs de l\u2019Aviron <\/a><\/strong>ont effectu\u00e9 leur seconde s\u00e9ance d\u2019entra\u00eenement de la semaine. Vincent Giudicelli, bless\u00e9 au coude pour six \u00e0 huit semaines, s\u2019est entra\u00een\u00e9 seul. Il a \u00e9t\u00e9 le premier \u00e0 arriver sur la pelouse pour faire du physique. Quelques minutes plus tard, l\u2019ensemble du groupe ciel et blanc est arriv\u00e9 sur la pelouse, et Swan Cormenier, sorti avant la fin du match \u00e0 Aim\u00e9-Giral, ou Arthur Iturria, l\u00e9g\u00e8rement touch\u00e9 au dos lors du match face \u00e0 Perpignan, \u00e9taient bien pr\u00e9sents. Ce dernier s\u2019est entra\u00een\u00e9 aux c\u00f4t\u00e9s d\u2019Alexander Moon. S\u2019il a \u00e9t\u00e9 m\u00e9nag\u00e9 en milieu de s\u00e9ance, le capitaine ciel et blanc a ensuite repris sa place lorsque le collectif a d\u00e9marr\u00e9.<\/p>\n<p class=\"std-elt__inline\">\n        <strong>\u00c0 lire aussi :<\/strong><br \/>\n        <a href=\"https:\/\/www.rugbyrama.fr\/2025\/09\/08\/top-14-lenseignement-de-la-premiere-journee-pau-bayonne-toulon-et-lyon-les-quatre-outsiders-impressionnent-12916708.php\" rel=\"nofollow noopener\" target=\"_blank\">Top 14 \u2013 L\u2019enseignement de la premi\u00e8re journ\u00e9e\u00a0: Pau, Bayonne, Toulon et Lyon, les quatre outsiders impressionnent<\/a>\n    <\/p>\n<p>En premi\u00e8re ligne, ce mardi matin, <strong><a href=\"https:\/\/www.rugbyrama.fr\/2025\/09\/06\/top-14-lenvironnement-etait-hostile-je-suis-fier-de-lequipe-declare-andy-bordelai-bayonne-12914916.php\" target=\"_self\" rel=\"nofollow noopener\">c\u2019est le m\u00eame trio que celui qui est sorti vainqueur du match \u00e0 Perpignan<\/a><\/strong> (Andy Bordelai, Facundo Bosch et Emerick Setiano) qui s\u2019est entra\u00een\u00e9 c\u00f4te \u00e0 c\u00f4te. \u00c0 gauche, Gr\u00e9gory Patat a encore du choix, puisque Castillon et Cormenier sont aptes. En revanche, \u00e0 droite, Pascal Cotet \u00e9tait le seul suppl\u00e9ant \u00e0 Setiano, ce matin, sur la pelouse de Jean Dauger. Luke Tagi, en d\u00e9licatesse avec une cheville, a \u00e9t\u00e9 m\u00e9nag\u00e9 mardi, mais il devrait s\u2019entra\u00eener jeudi.<\/p>\n<p>Capilla ou H\u00e9guy en sept\u00a0?<\/p>\n<p>En troisi\u00e8me ligne et au cours de la s\u00e9ance matinale, on a pu observer que Baptiste H\u00e9guy, rempla\u00e7ant lors de la premi\u00e8re journ\u00e9e, s\u2019est entra\u00een\u00e9 avec les titulaires probables, en lieu et place d\u2019Esteban Capilla lors du s\u00e9par\u00e9, avant que Capilla ne reprenne sa place de titulaire pour le collectif. Rodrigo Bruni tient la corde pour encha\u00eener une seconde titularisation de suite. Il a d\u00e9marr\u00e9 la s\u00e9ance en six, avant de glisser en huit car Giovanni Habel Kuffner a \u00e9court\u00e9 sa s\u00e9ance, mais sa participation au match de ce week-end ne semble pas compromise. En son absence, Alexandre Fischer est pass\u00e9 avec les potentiels titulaires. Rob Leota, qui \u00e9tait absent de l\u2019entra\u00eenement la semaine pass\u00e9e \u00e0 cause d\u2019un l\u00e9ger souci \u00e0 l\u2019\u00e9paule, a fait son retour avec le collectif.<\/p>\n<p class=\"std-elt__inline\">\n        <strong>\u00c0 lire aussi :<\/strong><br \/>\n        <a href=\"https:\/\/www.rugbyrama.fr\/2025\/09\/06\/top-14-laviron-a-assume-son-statut-lopinion-du-midol-apres-perpignan-bayonne-12915112.php\" rel=\"nofollow noopener\" target=\"_blank\">Top 14 \u2013 \u00ab\u00a0L\u2019Aviron a assum\u00e9 son statut\u00a0\u00bb\u00a0: l\u2019opinion du Midol apr\u00e8s Perpignan-Bayonne<\/a>\n    <\/p>\n<p>Chez les trois-quarts, Guillaume Martocq a \u00e9t\u00e9 m\u00e9nag\u00e9, alors que les autres centres disponibles (Manu Tuilagi, Sireli Maqala, Federico Mori) ont particip\u00e9 \u00e0 toute la s\u00e9ance. Manu Tuilagi et Sireli Maqala ont travaill\u00e9 ensemble pendant l\u2019entra\u00eenement collectif, o\u00f9 Maxime Machenaud et Joris Segonds ont form\u00e9 la charni\u00e8re. Arnaud Erbinartegaray et Victor Hannoun ont pris place sur les ailes de l\u2019attaque bayonnaise ce matin, alors que le fond du terrain \u00e9tait gard\u00e9 par Cheikh Tiberghien, auteur d\u2019un tr\u00e8s bon match \u00e0 Perpignan.<\/p>\n","protected":false},"excerpt":{"rendered":"Le capitaine de l\u2019Aviron bayonnais Arthur Iturria, touch\u00e9 au dos face \u00e0 Perpignan, s\u2019est entra\u00een\u00e9 ce mardi matin&hellip;\n","protected":false},"author":2,"featured_media":377607,"comment_status":"","ping_status":"","sticky":false,"template":"","format":"standard","meta":{"footnotes":""},"categories":[1416],"tags":[1011,27,479,1468,60],"class_list":{"0":"post-377606","1":"post","2":"type-post","3":"status-publish","4":"format-standard","5":"has-post-thumbnail","7":"category-rugby","8":"tag-fr","9":"tag-france","10":"tag-rugby","11":"tag-rugby-football","12":"tag-sports"},"share_on_mastodon":{"url":"https:\/\/pubeurope.com\/@fr\/115174134602148038","error":""},"_links":{"self":[{"href":"https:\/\/www.europesays.com\/fr\/wp-json\/wp\/v2\/posts\/377606","targetHints":{"allow":["GET"]}}],"collection":[{"href":"https:\/\/www.europesays.com\/fr\/wp-json\/wp\/v2\/posts"}],"about":[{"href":"https:\/\/www.europesays.com\/fr\/wp-json\/wp\/v2\/types\/post"}],"author":[{"embeddable":true,"href":"https:\/\/www.europesays.com\/fr\/wp-json\/wp\/v2\/users\/2"}],"replies":[{"embeddable":true,"href":"https:\/\/www.europesays.com\/fr\/wp-json\/wp\/v2\/comments?post=377606"}],"version-history":[{"count":0,"href":"https:\/\/www.europesays.com\/fr\/wp-json\/wp\/v2\/posts\/377606\/revisions"}],"wp:featuredmedia":[{"embeddable":true,"href":"https:\/\/www.europesays.com\/fr\/wp-json\/wp\/v2\/media\/377607"}],"wp:attachment":[{"href":"https:\/\/www.europesays.com\/fr\/wp-json\/wp\/v2\/media?parent=377606"}],"wp:term":[{"taxonomy":"category","embeddable":true,"href":"https:\/\/www.europesays.com\/fr\/wp-json\/wp\/v2\/categories?post=377606"},{"taxonomy":"post_tag","embeddable":true,"href":"https:\/\/www.europesays.com\/fr\/wp-json\/wp\/v2\/tags?post=377606"}],"curies":[{"name":"wp","href":"https:\/\/api.w.org\/{rel}","templated":true}]}}