{"id":377609,"date":"2025-09-09T11:37:35","date_gmt":"2025-09-09T11:37:35","guid":{"rendered":"https:\/\/www.europesays.com\/fr\/377609\/"},"modified":"2025-09-09T11:37:35","modified_gmt":"2025-09-09T11:37:35","slug":"avec-alex-vialaret-en-moteur-bordeaux-3x3-lance-son-equipe-professionnelle-sur-le-circuit-mondial","status":"publish","type":"post","link":"https:\/\/www.europesays.com\/fr\/377609\/","title":{"rendered":"Avec Alex Vialaret en moteur, Bordeaux 3&#215;3 lance son \u00e9quipe professionnelle sur le circuit mondial"},"content":{"rendered":"<p>Sur le World Tour 3\u00d73, les derbys entre Toulouse et Bordeaux ne manqueront pas d\u2019\u00eatre piment\u00e9s cette ann\u00e9e ! \u00c0 <a target=\"_blank\" rel=\"noopener\" href=\"https:\/\/www.bebasket.fr\/les-joueurs-de-paris-3x3-medailles-aux-jo-forment-la-team-toulouse\">la cr\u00e9ation d\u2019une \u00e9quipe haut-garonnaise<\/a> (sous l\u2019\u00e9gide de Franck Seguela et Jules Rambaut) est venue s\u2019ajouter celle de son homologue girondine, Bordeaux 3\u00d73, notamment pilot\u00e9e par <a title=\"Alex Vialaret\" target=\"_blank\" rel=\"noopener\" href=\"https:\/\/www.bebasket.fr\/joueur\/alex-vialaret\">Alex Vialaret<\/a>.<\/p>\n<p>En pr\u00e9sence de Jean-Pierre Hunckler, le pr\u00e9sident de la FFBB, dont la venue valait signe de soutien f\u00e9d\u00e9ral, le capitaine des Bleus (forfait pour les JO de Paris en raison d\u2019une blessure \u00e0 la cheville) a act\u00e9 l\u2019av\u00e8nement de son projet d\u2019une \u00e9quipe professionnelle de 3\u00d73 \u00e0 Bordeaux.<\/p>\n<p><a href=\"https:\/\/www.europesays.com\/fr\/wp-content\/uploads\/2025\/09\/DUF00411-scaled.jpg\"><img decoding=\"async\" loading=\"lazy\" class=\" wp-image-176941\" src=\"https:\/\/www.europesays.com\/fr\/wp-content\/uploads\/2025\/09\/DUF00411-scaled.jpg\" alt=\"\" width=\"865\" height=\"577\"  \/><\/a>Une conf\u00e9rence de presse s\u2019est tenue \u00e0 Bordeaux mardi, en pr\u00e9sence de Jean-Pierre Hunckler, afin d\u2019officialiser la cr\u00e9ation de l\u2019\u00e9quipe professionnelle de 3\u00d73 (photo : Tom Dufour)<\/p>\n<p>Le nom Bordeaux r\u00e9sonnait d\u00e9j\u00e0 dans le 3\u00d73 gr\u00e2ce \u00e0 l\u2019\u00e9quipe Bordeaux Ballistik, mais dont les activit\u00e9s \u00e9taient essentiellement cantonn\u00e9es \u00e0 la p\u00e9riode estivale avec le renfort de joueurs de 5\u00d75, comme Antoine E\u00efto. Une pr\u00e9sence sporadique qui n\u2019a pas emp\u00each\u00e9 l\u2019association cr\u00e9\u00e9e en 2016 de devenir championne de France ou de se hisser dans le Top 35 mondial.<\/p>\n<p>D\u00e9sormais, Bordeaux 3\u00d73 va se professionnaliser \u00e0 l\u2019ann\u00e9e, avec des joueurs enti\u00e8rement tourn\u00e9s vers le 3\u00d73, comme Alex Vialaret ou la recrue serbe Petar Sucur, 76e joueur mondial, d\u00e9bauch\u00e9 de l\u2019\u00e9quipe japonaise d\u2019Utsunomiya.<\/p>\n<p><strong>\u00ab\u00a0Un projet prometteur\u00a0\u00bb <\/strong><strong>pour la FFBB<\/strong><\/p>\n<p class=\"p1\">\u00ab\u00a0Je veux saluer l\u2019initiative de l\u2019\u00e9quipe pro, qui, de son propre chef, s\u2019investit pour structurer le 3\u00d73 en France\u00a0\u00bb, se r\u00e9jouit Jean-Pierre Hunckler. \u00ab\u00a0C\u2019est une grande satisfaction pour la FFBB de voir ce travail r\u00e9alis\u00e9 \u00e0 Bordeaux, et nous allons suivre de pr\u00e8s leur \u00e9volution,en les accompagnant pour p\u00e9renniser et performer sur la sc\u00e8ne mondiale. Bordeaux 3\u00d73 est un projet prometteur, et nous sommes fiers de le soutenir.\u00a0\u00bb<\/p>\n<p>Alors que Bordeaux disputera sa premi\u00e8re \u00e9tape sur le circuit le 29 mars lors d\u2019un stop de la Superleague pro \u00e0 Beauvais, six joueurs sont actuellement enregistr\u00e9s dans le roster girondin : les deux fondateurs de Ballistik (Eddy Steiner et Alex Vialaret), le nouveau venu Petar Sucur,\u00a0<a title=\"Emmanuel Monceau\" target=\"_blank\" rel=\"noopener\" href=\"https:\/\/www.bebasket.fr\/joueur\/emmanuel-monceau\">Emmanuel Monceau<\/a> mais \u00e9galement les professionnels de 5\u00d75,\u00a0<a title=\"Antoine Eito\" target=\"_blank\" rel=\"noopener\" href=\"https:\/\/www.bebasket.fr\/joueur\/antoine-eito\">Antoine Eito<\/a> (Antibes) et\u00a0<a title=\"Baptiste Oger\" target=\"_blank\" rel=\"noopener\" href=\"https:\/\/www.bebasket.fr\/joueur\/baptiste-oger\">Baptiste Oger<\/a> (Angers).<\/p>\n<p><a href=\"https:\/\/wp.bebasket.fr\/images\/2025\/03\/Capture-de\u0301cran-2025-03-19-a\u0300-13.44.15.png\" target=\"_blank\" rel=\"noopener\"><img decoding=\"async\" loading=\"lazy\" class=\" wp-image-176940\" src=\"https:\/\/wp.bebasket.fr\/images\/2025\/03\/Capture-de\u0301cran-2025-03-19-a\u0300-13.44.15.png\" alt=\"\" width=\"648\" height=\"352\"  \/><\/a>Le logo de la nouvelle \u00e9quipe de Bordeaux<\/p>\n<blockquote class=\"normal\"><p>\n<strong>Alex Vialaret :<br \/>\u00ab\u00a0Notre objectif est de franchir un cap\u00a0\u00bb<\/strong><\/p>\n<p class=\"p1\" style=\"text-align:left\">\u00ab\u00a0Le projet Bordeaux 3\u00d73 pro s\u2019inscrit dans une ambition claire : performer sur le World Tour et structurer une \u00e9quipe avec des joueurs contractualis\u00e9s \u00e0 l\u2019ann\u00e9e. Aujourd\u2019hui, le 3\u00d73 est devenu un circuit annuel, avec le World Tour qui s\u2019\u00e9tend d\u2019avril \u00e0 d\u00e9cembre, et un \u00e9cosyst\u00e8me de ligues et de Quests qui rythment la premi\u00e8re partie de saison. Pour \u00eatre comp\u00e9titif, l\u2019investissement doit \u00eatre total. Je l\u2019ai constat\u00e9 ces derni\u00e8res ann\u00e9es \u00e0 travers le projet f\u00e9d\u00e9ral : la r\u00e9ussite passe par un engagement \u00e0 plein temps. C\u2019est pourquoi notre objectif est de pouvoir contractualiser nos joueurs sur l\u2019ann\u00e9e.<\/p>\n<p class=\"p1\" style=\"text-align:left\">Nous avons d\u00e9j\u00e0 une \u00e9quipe f\u00e9minine bien \u00e9tablie, qui \u00e9volue sur le circuit des Women Series et sur des comp\u00e9titions europ\u00e9ennes. Ce projet f\u00e9minin fait partie int\u00e9grante de notre structure et continuera \u00e0 se d\u00e9velopper. L\u2019\u00e9volution majeure concerne donc l\u2019\u00e9quipe masculine. Jusqu\u2019ici, la pratique \u00e9tait essentiellement estivale. Depuis 2016, notre \u00e9quipe a \u00e9t\u00e9 championne de France, a disput\u00e9 des tournois partout dans le monde, et l\u2019an dernier, elle a r\u00e9ussi \u00e0 se hisser dans le Top 35 mondial.<\/p>\n<p><a href=\"https:\/\/www.europesays.com\/fr\/wp-content\/uploads\/2025\/09\/SteinerVialaret-scaled.jpg\"><img decoding=\"async\" loading=\"lazy\" class=\" wp-image-176942\" src=\"https:\/\/www.europesays.com\/fr\/wp-content\/uploads\/2025\/09\/SteinerVialaret-scaled.jpg\" alt=\"\" width=\"495\" height=\"743\"  \/><\/a>Eddy Steiner et Alex Vialaret, les pionniers du 3\u00d73 \u00e0 Bordeaux (photo : Tom Dufour)<\/p>\n<p class=\"p1\" style=\"text-align:left\">\u00c0 partir de cette base solide, notre objectif est de franchir un cap : renforcer notre structure, affiner notre recrutement et nous donner les moyens d\u2019\u00eatre encore plus comp\u00e9titifs sur le circuit international. Un roster comp\u00e9titif construit gr\u00e2ce \u00e0 un recrutement strat\u00e9gique. Nous nous appuyons sur une base solide de quatre joueurs de la saison pass\u00e9e, renforc\u00e9e par l\u2019arriv\u00e9e d\u2019un joueur serbe, international jeune, ayant \u00e9volu\u00e9 ces deux derni\u00e8res ann\u00e9es au Japon. Son int\u00e9gration, combin\u00e9e \u00e0 mon apport, nous permet d\u2019accumuler suffisamment de points pour figurer dans le top 25 mondial et b\u00e9n\u00e9ficier des avantages r\u00e9serv\u00e9s aux meilleures \u00e9quipes du circuit.<\/p>\n<p class=\"p1\" style=\"text-align:left\">Notre \u00e9quipe est compos\u00e9e de joueurs r\u00e9f\u00e9renc\u00e9s, dont tous les Fran\u00e7ais font partie du groupe France. Nous avons aussi pour ambition de devenir un vivier pour la s\u00e9lection nationale et ses diff\u00e9rentes comp\u00e9titions.\u00a0\u00bb<\/p>\n<\/blockquote>\n","protected":false},"excerpt":{"rendered":"Sur le World Tour 3\u00d73, les derbys entre Toulouse et Bordeaux ne manqueront pas d\u2019\u00eatre piment\u00e9s cette ann\u00e9e&hellip;\n","protected":false},"author":2,"featured_media":377610,"comment_status":"","ping_status":"","sticky":false,"template":"","format":"standard","meta":{"footnotes":""},"categories":[1414],"tags":[1465,1464,1011,27,60],"class_list":{"0":"post-377609","1":"post","2":"type-post","3":"status-publish","4":"format-standard","5":"has-post-thumbnail","7":"category-basket","8":"tag-basket","9":"tag-basketball","10":"tag-fr","11":"tag-france","12":"tag-sports"},"share_on_mastodon":{"url":"https:\/\/pubeurope.com\/@fr\/115174142468284355","error":""},"_links":{"self":[{"href":"https:\/\/www.europesays.com\/fr\/wp-json\/wp\/v2\/posts\/377609","targetHints":{"allow":["GET"]}}],"collection":[{"href":"https:\/\/www.europesays.com\/fr\/wp-json\/wp\/v2\/posts"}],"about":[{"href":"https:\/\/www.europesays.com\/fr\/wp-json\/wp\/v2\/types\/post"}],"author":[{"embeddable":true,"href":"https:\/\/www.europesays.com\/fr\/wp-json\/wp\/v2\/users\/2"}],"replies":[{"embeddable":true,"href":"https:\/\/www.europesays.com\/fr\/wp-json\/wp\/v2\/comments?post=377609"}],"version-history":[{"count":0,"href":"https:\/\/www.europesays.com\/fr\/wp-json\/wp\/v2\/posts\/377609\/revisions"}],"wp:featuredmedia":[{"embeddable":true,"href":"https:\/\/www.europesays.com\/fr\/wp-json\/wp\/v2\/media\/377610"}],"wp:attachment":[{"href":"https:\/\/www.europesays.com\/fr\/wp-json\/wp\/v2\/media?parent=377609"}],"wp:term":[{"taxonomy":"category","embeddable":true,"href":"https:\/\/www.europesays.com\/fr\/wp-json\/wp\/v2\/categories?post=377609"},{"taxonomy":"post_tag","embeddable":true,"href":"https:\/\/www.europesays.com\/fr\/wp-json\/wp\/v2\/tags?post=377609"}],"curies":[{"name":"wp","href":"https:\/\/api.w.org\/{rel}","templated":true}]}}