{"id":377618,"date":"2025-09-09T11:42:11","date_gmt":"2025-09-09T11:42:11","guid":{"rendered":"https:\/\/www.europesays.com\/fr\/377618\/"},"modified":"2025-09-09T11:42:11","modified_gmt":"2025-09-09T11:42:11","slug":"laura-smet-explique-pourquoi-elle-a-toujours-prefere-le-nom-de-smet-a-hallyday","status":"publish","type":"post","link":"https:\/\/www.europesays.com\/fr\/377618\/","title":{"rendered":"Laura Smet explique pourquoi elle a toujours pr\u00e9f\u00e9r\u00e9 le nom de \u00ab\u00a0Smet\u00a0\u00bb \u00e0 \u00ab\u00a0Hallyday\u00a0\u00bb"},"content":{"rendered":"<p><a href=\"https:\/\/www.20minutes.fr\/arts-stars\/serie\/4171792-20250908-surface-noemie-personnage-vraiment-apaisee-confie-laura-smet\" target=\"_blank\" class=\"c-link c-link--is-underlined\" rel=\"noopener\">Laura Smet<\/a> est et restera toujours une \u00ab\u00a0Smet\u00a0\u00bb. La fille de Johnny Hallyday, nom de sc\u00e8ne de Jean-Philippe Smet, et de <a href=\"https:\/\/www.20minutes.fr\/arts-stars\/people\/4162976-20250710-laura-smet-dement-mere-hospitalisee-apres-souci-sante\" target=\"_blank\" class=\"c-link c-link--is-underlined\" rel=\"noopener\">Nathalie Baye<\/a> a r\u00e9v\u00e9l\u00e9 cette semaine au micro de France Inter pourquoi elle avait toujours conserv\u00e9 le nom de naissance moins connu de son p\u00e8re, \u00e0 l\u2019inverse de son demi-fr\u00e8re David et de ses deux demi-s\u0153urs, Jade et Joy, qui se font appeler \u00ab\u00a0Hallyday\u00a0\u00bb en public.<\/p>\n<p>Cette d\u00e9cision a d\u2019abord \u00e9t\u00e9 prise par <a href=\"https:\/\/www.20minutes.fr\/people\/2250191-20180406-heritage-johnny-hallyday-nathalie-baye-estime-affaire-odieuse-vulgaire\" target=\"_blank\" class=\"c-link c-link--is-underlined\" rel=\"noopener\">Nathalie Baye<\/a> lorsque Laura Smet \u00e9tait encore enfant. \u00ab\u00a0Quand je suis all\u00e9e \u00e0 l\u2019\u00e9cole, ma m\u00e8re a tenu \u00e0 ce que je garde le vrai nom de mon p\u00e8re, c\u2019est Jean-Philippe Smet, donc j\u2019ai gard\u00e9 Smet\u00a0\u00bb, <a href=\"https:\/\/www.radiofrance.fr\/franceinter\/podcasts\/le-grand-portrait\/le-grand-portrait-du-lundi-08-septembre-2025-6468636\" rel=\"nofollow noopener\" target=\"_blank\" class=\"c-link c-link--is-underlined\">a expliqu\u00e9<\/a> l\u2019actrice de 41 ans avant d\u2019\u00e9voquer un petit malentendu de l\u2019\u00e9poque. \u00ab\u00a0Je me rappelle que ma m\u00e8re me disait\u00a0: \u00ab\u00a0Tu t\u2019appelles Smet\u00a0\u00bb, et j\u2019avais compris \u00ab\u00a0Spet\u00a0\u00bb. J\u2019ai pleur\u00e9 en disant\u00a0: \u00ab\u00a0Je ne veux pas m\u2019appeler Spet\u00a0!\u00a0\u00bb\u00a0\u00bb, s\u2019est-elle rem\u00e9mor\u00e9 en riant.<\/p>\n<p>Un choix \u00ab\u00a0tr\u00e8s naturel\u00a0\u00bb<\/p>\n<p>L\u2019occasion pour l\u2019animatrice Sonia Devillers de rappeler que <a href=\"https:\/\/www.20minutes.fr\/arts-stars\/people\/4160186-20250624-johnny-hallyday-laeticia-enfin-reussi-vendre-somptueuse-villa-chanteur-marnes-coquette\" target=\"_blank\" class=\"c-link c-link--is-underlined\" rel=\"noopener\">Johnny Hallyday<\/a> \u00e0 sa naissance ne \u00ab\u00a0s\u2019appelait pas (encore) Smet\u00a0\u00bb puisque le chanteur a \u00e9t\u00e9 reconnu plus tard par son p\u00e8re. \u00ab\u00a0Oui c\u2019est vrai mais \u00e7a a toujours \u00e9t\u00e9 Jean-Philippe Smet\u00a0\u00bb, a encha\u00een\u00e9 Laura Smet. \u00ab\u00a0Il le disait m\u00eame\u00a0: \u00ab\u00a0Vous me connaissez mieux sous le nom de Johnny Hallyday, mais je suis n\u00e9 Jean-Philippe Smet\u00a0\u00bb\u00a0\u00bb. Un nom que le Taulier a d\u2019ailleurs repris en\u00a02006 pour un film de fiction, Jean-Philippe, dans lequel il a jou\u00e9 son propre r\u00f4le.<\/p>\n<p>Une fois devenue c\u00e9l\u00e8bre apr\u00e8s une enfance \u00ab\u00a0<a href=\"https:\/\/www.20minutes.fr\/arts-stars\/people\/4159948-20250623-johnny-hallyday-demande-pascal-obispo-surveiller-laura-smet-boite-nuit\" target=\"_blank\" class=\"c-link c-link--is-underlined\" rel=\"noopener\">tr\u00e8s prot\u00e9g\u00e9e<\/a>\u00a0\u00bb et \u00ab\u00a0normale\u00a0\u00bb malgr\u00e9 la popularit\u00e9 de ses parents, Laura Smet a pris \u00e0 son tour la d\u00e9cision de conserver son patronyme. \u00ab\u00a0Pour moi, c\u2019\u00e9tait tr\u00e8s naturel de rester avec mon nom\u00a0\u00bb, a-t-elle ajout\u00e9, estimant aussi que \u00ab\u00a0Hallyday\u00a0\u00bb s\u2019apparentait davantage \u00e0 un \u00ab\u00a0nom de sc\u00e8ne\u00a0\u00bb pour \u00ab\u00a0chanteur\u00a0\u00bb, alors qu\u2019elle s\u2019est plut\u00f4t tourn\u00e9e vers la com\u00e9die.<\/p>\n","protected":false},"excerpt":{"rendered":"Laura Smet est et restera toujours une \u00ab\u00a0Smet\u00a0\u00bb. La fille de Johnny Hallyday, nom de sc\u00e8ne de Jean-Philippe&hellip;\n","protected":false},"author":2,"featured_media":377619,"comment_status":"","ping_status":"","sticky":false,"template":"","format":"standard","meta":{"footnotes":""},"categories":[1359],"tags":[58,59,1011,27,9102,1304,15910,973,133],"class_list":{"0":"post-377618","1":"post","2":"type-post","3":"status-publish","4":"format-standard","5":"has-post-thumbnail","7":"category-people","8":"tag-divertissement","9":"tag-entertainment","10":"tag-fr","11":"tag-france","12":"tag-france-inter","13":"tag-johnny-hallyday","14":"tag-laura-smet","15":"tag-people","16":"tag-video"},"share_on_mastodon":{"url":"https:\/\/pubeurope.com\/@fr\/115174162388302881","error":""},"_links":{"self":[{"href":"https:\/\/www.europesays.com\/fr\/wp-json\/wp\/v2\/posts\/377618","targetHints":{"allow":["GET"]}}],"collection":[{"href":"https:\/\/www.europesays.com\/fr\/wp-json\/wp\/v2\/posts"}],"about":[{"href":"https:\/\/www.europesays.com\/fr\/wp-json\/wp\/v2\/types\/post"}],"author":[{"embeddable":true,"href":"https:\/\/www.europesays.com\/fr\/wp-json\/wp\/v2\/users\/2"}],"replies":[{"embeddable":true,"href":"https:\/\/www.europesays.com\/fr\/wp-json\/wp\/v2\/comments?post=377618"}],"version-history":[{"count":0,"href":"https:\/\/www.europesays.com\/fr\/wp-json\/wp\/v2\/posts\/377618\/revisions"}],"wp:featuredmedia":[{"embeddable":true,"href":"https:\/\/www.europesays.com\/fr\/wp-json\/wp\/v2\/media\/377619"}],"wp:attachment":[{"href":"https:\/\/www.europesays.com\/fr\/wp-json\/wp\/v2\/media?parent=377618"}],"wp:term":[{"taxonomy":"category","embeddable":true,"href":"https:\/\/www.europesays.com\/fr\/wp-json\/wp\/v2\/categories?post=377618"},{"taxonomy":"post_tag","embeddable":true,"href":"https:\/\/www.europesays.com\/fr\/wp-json\/wp\/v2\/tags?post=377618"}],"curies":[{"name":"wp","href":"https:\/\/api.w.org\/{rel}","templated":true}]}}