{"id":377620,"date":"2025-09-09T11:43:33","date_gmt":"2025-09-09T11:43:33","guid":{"rendered":"https:\/\/www.europesays.com\/fr\/377620\/"},"modified":"2025-09-09T11:43:33","modified_gmt":"2025-09-09T11:43:33","slug":"nicole-tung-clot-lhistoire-du-prix-carmignac-du-photojournalisme-avec-un-reportage-saisissant-sur-la-peche-en-asie-du-sud-est","status":"publish","type":"post","link":"https:\/\/www.europesays.com\/fr\/377620\/","title":{"rendered":"Nicole Tung cl\u00f4t l\u2019histoire du Prix Carmignac du photojournalisme avec un reportage saisissant sur la p\u00eache en Asie du Sud-Est"},"content":{"rendered":"<p class=\"editor-content__paragraph\">Le rideau tombe sur <strong>quinze ann\u00e9es d\u2019un prix devenu incontournable<\/strong>. Ce jeudi 4\u00a0septembre, la photojournaliste ind\u00e9pendante <strong>Nicole Tung<\/strong> est consacr\u00e9e laur\u00e9ate de la 15e \u2013\u00a0<a href=\"https:\/\/www.beauxarts.com\/grand-format\/le-prix-carmignac-du-photojournalisme-sarrete\/\" target=\"_blank\" rel=\"noopener\">et ultime \u2013 \u00e9dition du Prix Carmignac du photojournalisme<\/a>. L\u2019annonce s\u2019est faite dans le cadre du c\u00e9l\u00e8bre <strong>festival Visa pour l\u2019image<\/strong> qui se tient \u00e0 Perpignan <strong>jusqu\u2019au 14\u00a0septembre<\/strong>. Son enqu\u00eate, men\u00e9e durant neuf mois en Tha\u00eflande, aux Philippines et en Indon\u00e9sie avec le soutien de la <a href=\"https:\/\/www.beauxarts.com\/grand-format\/la-fondation-carmignac-a-porquerolles-une-ile-ou-lart-nous-transporte\/\" target=\"_blank\" rel=\"noopener\"><strong>Fondation Carmignac<\/strong><\/a>, y l\u00e8ve le voile sur l\u2019un des secteurs les plus opaques au monde\u00a0: <strong>la p\u00eache industrielle en Asie du Sud-Est.<\/strong><\/p>\n<p class=\"editor-content__paragraph\">Dans une r\u00e9gion qui fournit plus de la moiti\u00e9 du poisson consomm\u00e9 sur la plan\u00e8te, Nicole Tung documente <strong>les coulisses d\u2019une industrie<\/strong> marqu\u00e9e par la surp\u00eache, la p\u00eache ill\u00e9gale, les abus envers les travailleurs migrants et les ravages environnementaux.<\/p>\n<p>    <img loading=\"lazy\" decoding=\"async\" class=\"image__img\" src=\"https:\/\/www.europesays.com\/fr\/wp-content\/uploads\/2025\/09\/modnt-20250118_247-964x644.jpg\" alt=\"Oranee Jongkolpath, 30 ans, v\u00e9t\u00e9rinaire au Centre tha\u00eflandais de recherche et de d\u00e9veloppement sur les ressources marines et c\u00f4ti\u00e8res de la province de Rayong, s\u2019appr\u00eate \u00e0 nettoyer une tortue ayant subi une double amputation \u00e0 Prasae, en Tha\u00eflande, le samedi 18 janvier 2025.\" width=\"964\" height=\"644\"\/><\/p>\n<p>Oranee Jongkolpath, 30\u00a0ans, v\u00e9t\u00e9rinaire au Centre tha\u00eflandais de recherche et de d\u00e9veloppement sur les ressources marines et c\u00f4ti\u00e8res de la province de Rayong, s\u2019appr\u00eate \u00e0 nettoyer une tortue ayant subi une double amputation \u00e0 Prasae, en Tha\u00eflande, le samedi 18\u00a0janvier 2025.<\/p>\n<p>    i<\/p>\n<p class=\"legende__cartel\">\u00a9 Nicole Tung pour la Fondation Carmignac<\/p>\n<p class=\"editor-content__paragraph\">Ses images r\u00e9v\u00e8lent <strong>des r\u00e9alit\u00e9s rarement visibles<\/strong>\u00a0: des marins soumis \u00e0 la servitude pour dettes en Indon\u00e9sie, des ouvriers triant des cargaisons de poissons destin\u00e9es aux usines de farine animale en Tha\u00eflande, des <strong>tortues amput\u00e9es<\/strong> par des filets abandonn\u00e9s en mer\u2026 Nicole Tung met en lumi\u00e8re <strong>les paradoxes d\u2019un secteur vital<\/strong> pour des millions de familles, mais <strong>menac\u00e9 par ses propres exc\u00e8s.<\/strong><\/p>\n<p>        \u00c0 lire aussi :<br \/>\n        <a class=\"renvoi-explicite__link\" href=\"https:\/\/www.beauxarts.com\/videos\/le-prix-carmignac-du-photojournalisme-10-ans-de-reportages-a-porquerolles\/\" target=\"_blank\" rel=\"noopener\">Le \u00ab\u00a0Prix Carmignac du photojournalisme\u00a0: 10 ans de reportages\u00a0\u00bb \u00e0 Porquerolles<\/a><\/p>\n<p>Des bouleversements contemporains<\/p>\n<p class=\"editor-content__paragraph\">\u00c0 travers son travail, la photographe s\u2019attache \u00e9galement \u00e0 <strong>r\u00e9v\u00e9ler les dynamiques g\u00e9opolitiques<\/strong> qui exacerbent la crise. Aux Philippines, la militarisation croissante des mers par la Chine rend des zones de p\u00eache enti\u00e8res inaccessibles, <strong>privant les communaut\u00e9s locales de leurs revenus.<\/strong> En Tha\u00eflande, les r\u00e9formes introduites apr\u00e8s les r\u00e9v\u00e9lations sur <strong>l\u2019esclavage en mer en 2015<\/strong> risquent d\u2019\u00eatre affaiblies par le rapprochement entre le gouvernement et les grands acteurs de l\u2019industrie.<\/p>\n<p>    <img loading=\"lazy\" decoding=\"async\" class=\"image__img\" src=\"https:\/\/www.europesays.com\/fr\/wp-content\/uploads\/2025\/09\/webnt-20250123_166-964x644.jpg\" alt=\"Des dockers birmans trient diff\u00e9rentes esp\u00e8ces de poissons apr\u00e8s le d\u00e9chargement d\u2019un navire tha\u00eflandais \u00e0 Ranong, en Tha\u00eflande, le jeudi 23 janvier 2025.\" width=\"964\" height=\"644\"\/><\/p>\n<p>Des dockers birmans trient diff\u00e9rentes esp\u00e8ces de poissons apr\u00e8s le d\u00e9chargement d\u2019un navire tha\u00eflandais \u00e0 Ranong, en Tha\u00eflande, le jeudi 23\u00a0janvier 2025.<\/p>\n<p>    i<\/p>\n<p class=\"legende__cartel\">\u00a9 Nicole Tung pour la Fondation Carmignac<\/p>\n<p class=\"editor-content__paragraph\">N\u00e9e \u00e0 Hong Kong et dipl\u00f4m\u00e9e de l\u2019universit\u00e9 de New York, Nicole Tung s\u2019est forg\u00e9e <strong>une r\u00e9putation sur certains des terrains les plus sensibles<\/strong> de la derni\u00e8re d\u00e9cennie. De la guerre en Syrie aux manifestations pro-d\u00e9mocratiques de Hong Kong, en passant par les s\u00e9quelles laiss\u00e9es par l\u2019\u00c9tat islamique en Irak et en Syrie, elle a document\u00e9 de front <strong>les bouleversements contemporains.<\/strong> Pour Harper\u2019s Magazine, le Washington Post ou le New York Times, elle couvre depuis 2022 <strong>l\u2019invasion russe de l\u2019Ukraine<\/strong>. Laur\u00e9ate de nombreux prix et <strong>finaliste du Pulitzer en 2025<\/strong> avec l\u2019\u00e9quipe du New York Times, elle met au c\u0153ur de son travail <strong>les visages et les histoires<\/strong> de celles et ceux qui subissent directement les crises.<\/p>\n<p>        \u00c0 lire aussi :<br \/>\n        <a class=\"renvoi-explicite__link\" href=\"https:\/\/www.beauxarts.com\/expos\/la-difficile-resistance-des-femmes-afghanes-a-lhonneur-du-prix-carmignac-2024\/\" target=\"_blank\" rel=\"noopener\">La difficile r\u00e9sistance des femmes afghanes \u00e0 l\u2019honneur du Prix Carmignac 2024<\/a><\/p>\n<p>L\u2019ultime Prix Carmignac du photojournalisme<\/p>\n<p>    <img loading=\"lazy\" decoding=\"async\" class=\"image__img\" src=\"https:\/\/www.europesays.com\/fr\/wp-content\/uploads\/2025\/09\/webnicoletung-headshot-by-chris-mcgrath-964x1446.jpg\" alt=\"Nicole Tung est la 15e et derni\u00e8re laur\u00e9ate du Prix Carmignac du photojournalisme.\" width=\"964\" height=\"1446\"\/><\/p>\n<p>Nicole Tung est la 15e et derni\u00e8re laur\u00e9ate du Prix Carmignac du photojournalisme.<\/p>\n<p>    i<\/p>\n<p class=\"editor-content__paragraph\"><a href=\"https:\/\/www.beauxarts.com\/expos\/la-difficile-resistance-des-femmes-afghanes-a-lhonneur-du-prix-carmignac-2024\/\" target=\"_blank\" rel=\"noopener\">Contrairement aux \u00e9ditions pr\u00e9c\u00e9dentes, <\/a> le reportage de Nicole Tung <strong>ne donnera pas lieu \u00e0 une exposition.<\/strong> La Fondation Carmignac a en effet choisi de suspendre le prix apr\u00e8s cette 15e \u00e9dition. Cr\u00e9\u00e9 en 2009, ce prix prestigieux <strong>offrait chaque ann\u00e9e 50\u00a0000\u00a0euros<\/strong> et une visibilit\u00e9 exceptionnelle \u00e0 <strong>un photojournaliste engag\u00e9 dans une zone de tension.<\/strong> Sa disparition laisse un vide consid\u00e9rable dans le paysage du photojournalisme, tant il avait permis de r\u00e9v\u00e9ler <strong>des r\u00e9alit\u00e9s souvent occult\u00e9es.<\/strong><\/p>\n<p class=\"editor-content__paragraph\">\u00a0<\/p>\n<p class=\"editor-content__paragraph\">Avec ce reportage, Nicole Tung signe donc non seulement <strong>un travail essentiel<\/strong> sur un pan invisible du commerce mondial et la surexploitation des oc\u00e9ans, mais aussi <strong>la derni\u00e8re page d\u2019une histoire<\/strong> qui aura marqu\u00e9 la photographie documentaire.<\/p>\n<p>        \u00c0 lire aussi :<br \/>\n        <a class=\"renvoi-explicite__link\" href=\"https:\/\/www.beauxarts.com\/grand-format\/le-prix-carmignac-du-photojournalisme-sarrete\/\" target=\"_blank\" rel=\"noopener\">Le prix Carmignac du photojournalisme tire sa r\u00e9v\u00e9rence<\/a><\/p>\n","protected":false},"excerpt":{"rendered":"Le rideau tombe sur quinze ann\u00e9es d\u2019un prix devenu incontournable. Ce jeudi 4\u00a0septembre, la photojournaliste ind\u00e9pendante Nicole Tung&hellip;\n","protected":false},"author":2,"featured_media":377621,"comment_status":"","ping_status":"","sticky":false,"template":"","format":"standard","meta":{"footnotes":""},"categories":[1358],"tags":[1396,1348,1384,1385,1386,58,59,51132,1011,27,1756,14151],"class_list":{"0":"post-377620","1":"post","2":"type-post","3":"status-publish","4":"format-standard","5":"has-post-thumbnail","7":"category-arts-et-design","8":"tag-art-contemporain","9":"tag-arts","10":"tag-arts-and-design","11":"tag-arts-et-design","12":"tag-design","13":"tag-divertissement","14":"tag-entertainment","15":"tag-fondation-carmignac","16":"tag-fr","17":"tag-france","18":"tag-photographie","19":"tag-photojournalisme"},"share_on_mastodon":{"url":"https:\/\/pubeurope.com\/@fr\/115174166309970278","error":""},"_links":{"self":[{"href":"https:\/\/www.europesays.com\/fr\/wp-json\/wp\/v2\/posts\/377620","targetHints":{"allow":["GET"]}}],"collection":[{"href":"https:\/\/www.europesays.com\/fr\/wp-json\/wp\/v2\/posts"}],"about":[{"href":"https:\/\/www.europesays.com\/fr\/wp-json\/wp\/v2\/types\/post"}],"author":[{"embeddable":true,"href":"https:\/\/www.europesays.com\/fr\/wp-json\/wp\/v2\/users\/2"}],"replies":[{"embeddable":true,"href":"https:\/\/www.europesays.com\/fr\/wp-json\/wp\/v2\/comments?post=377620"}],"version-history":[{"count":0,"href":"https:\/\/www.europesays.com\/fr\/wp-json\/wp\/v2\/posts\/377620\/revisions"}],"wp:featuredmedia":[{"embeddable":true,"href":"https:\/\/www.europesays.com\/fr\/wp-json\/wp\/v2\/media\/377621"}],"wp:attachment":[{"href":"https:\/\/www.europesays.com\/fr\/wp-json\/wp\/v2\/media?parent=377620"}],"wp:term":[{"taxonomy":"category","embeddable":true,"href":"https:\/\/www.europesays.com\/fr\/wp-json\/wp\/v2\/categories?post=377620"},{"taxonomy":"post_tag","embeddable":true,"href":"https:\/\/www.europesays.com\/fr\/wp-json\/wp\/v2\/tags?post=377620"}],"curies":[{"name":"wp","href":"https:\/\/api.w.org\/{rel}","templated":true}]}}