{"id":377624,"date":"2025-09-09T11:45:15","date_gmt":"2025-09-09T11:45:15","guid":{"rendered":"https:\/\/www.europesays.com\/fr\/377624\/"},"modified":"2025-09-09T11:45:15","modified_gmt":"2025-09-09T11:45:15","slug":"lea-salame-perd-patience-au-jt-de-20-heures-de-france-2-face-a-son-invite-il-lui-repond-vous-faites-les-questions-les-reponses","status":"publish","type":"post","link":"https:\/\/www.europesays.com\/fr\/377624\/","title":{"rendered":"L\u00e9a Salam\u00e9 perd patience au JT de 20 heures de France 2 face \u00e0 son invit\u00e9, il lui r\u00e9pond : \u00ab\u00a0Vous faites les questions, les r\u00e9ponses\u00a0\u00bb"},"content":{"rendered":"<p>            <img loading=\"lazy\" decoding=\"async\" src=\"https:\/\/www.europesays.com\/fr\/wp-content\/uploads\/2025\/04\/4-656d937be89b8-35x35-1.jpg\" class=\"author-article-picture\" width=\"35\" height=\"35\"\/><\/p>\n<p>                Par<br \/>\n                                    <a class=\"author-article-bio-link\" href=\"https:\/\/www.purepeople.com\/auteur\/olivia-maunoury_a4\" rel=\"nofollow noopener\" target=\"_blank\">Olivia Maunoury<\/a><br \/>\n                                                    | R\u00e9dactrice en chef<\/p>\n<p>\n                Apr\u00e8s des \u00e9tudes de sciences politiques et une \u00e9cole de journalisme, le people s&rsquo;est invit\u00e9 dans son quotidien. Comment, pourquoi ? Elle ne le sait toujours pas vraiment&#8230; Mais une chose est s\u00fbre, suivre les p\u00e9rip\u00e9ties des stars est l&rsquo;assurance de ne jamais s&rsquo;ennuyer. Et on ne s\u2019ennuie jamais chez Purepeople !\n            <\/p>\n<p>\n    Actualit\u00e9 politique \u00e0 nouveau charg\u00e9e en ce d\u00e9but du mois de septembre. A l&rsquo;issue du vote de confiance \u00e0 l&rsquo;Assembl\u00e9e nationale, en sa d\u00e9faveur, Fran\u00e7ois Bayrou est un Premier ministre d\u00e9chu. Dans son JT de 20 heures sur France 2, dont elle est aux commandes depuis le 1er septembre dernier, L\u00e9a Salam\u00e9 recevait Jean-Luc M\u00e9lenchon. Un face-\u00e0-face en direct pour le moins houleux&#8230;\n<\/p>\n<p>                            <img loading=\"lazy\" decoding=\"async\" class=\"player-thumbnail\" src=\"https:\/\/www.europesays.com\/fr\/wp-content\/uploads\/2025\/09\/038afba3dd56299a-580x326-2.png\" width=\"580\" height=\"326\"\/><\/p>\n<p>                    L\u00e9a Salam\u00e9 perd patience face \u00e0 Jean-Luc M\u00e9lenchon sur le plateau du JT de 20 heures de France 2. \u00a9 France 2<\/p>\n<p>La suite apr\u00e8s la publicit\u00e9<\/p>\n<p>Actualit\u00e9 importante et ambiance tendue lundi 8 septembre 2025 sur le plateau du JT de 20 heures de France 2. Quelques heures apr\u00e8s le vote de confiance \u00e0 l&rsquo;Assembl\u00e9e nationale qui a conduit \u00e0 la destitution du Premier ministre <a href=\"https:\/\/www.purepeople.com\/people\/francois-bayrou_p2388\" rel=\"nofollow noopener\" target=\"_blank\">Fran\u00e7ois Bayrou<\/a>, Bruno Retailleau (pr\u00e9sident du groupe Les R\u00e9publicains au S\u00e9nat et ministre de l&rsquo;Int\u00e9rieur) et <a href=\"https:\/\/www.purepeople.com\/people\/jean-luc-melenchon_p351601\" rel=\"nofollow noopener\" target=\"_blank\">Jean-Luc M\u00e9lenchon<\/a> (chef de file de La France insoumise) \u00e9taient les invit\u00e9s de <a href=\"https:\/\/www.purepeople.com\/people\/lea-salame_p149105\" rel=\"nofollow noopener\" target=\"_blank\">L\u00e9a Salam\u00e9<\/a>.\u00a0<\/p>\n<p>Aux commandes du JT de 20 heures de France depuis le 1er septembre dernier, <a href=\"https:\/\/www.purepeople.com\/article\/cest-officiel-anne-sophie-lapix-quitte-le-jt-de-france-2-la-date-de-son-dernier-numero-annoncee_a538625\/1\" rel=\"nofollow noopener\" target=\"_blank\">Anne-Sophie Lapix ayant \u00e9t\u00e9 remerci\u00e9e par France T\u00e9l\u00e9visions avant l&rsquo;\u00e9t\u00e9<\/a> (<a href=\"https:\/\/www.purepeople.com\/article\/anne-sophie-lapix-rejoint-m6-apres-son-depart-du-jt-de-20-heures-sur-france-2-tous-les-details-sur-ses-nouvelles-emissions_a539375\/1\" rel=\"nofollow noopener\" target=\"_blank\">elle a rebondi chez M6 et RTL<\/a>), L\u00e9a Salam\u00e9 a partag\u00e9 plusieurs \u00e9changes muscl\u00e9s avec Jean-Luc M\u00e9lenchon. Bien d\u00e9cid\u00e9e \u00e0 ma\u00eetriser l&rsquo;entretien en direct, la pr\u00e9sentatrice a tant bien que mal tent\u00e9 plusieurs relances pour obtenir la r\u00e9ponse \u00e0 sa question principale : Jean-Luc M\u00e9lenchon est-il pour la destitution d&rsquo;<a href=\"https:\/\/www.purepeople.com\/people\/emmanuel-macron_p543847\" rel=\"nofollow noopener\" target=\"_blank\">Emmanuel Macron<\/a> et que veut-il pour la suite ?<\/p>\n<p>Jean-Luc M\u00e9lenchon agac\u00e9 par les questions de L\u00e9a Salam\u00e9 au JT de 20 heures de France 2<\/p>\n<p>Quelque peu agac\u00e9e, L\u00e9a Salam\u00e9 n&rsquo;a alors pas h\u00e9sit\u00e9 \u00e0 mettre les pieds dans le plat tr\u00e8s directement. \u00ab\u00a0Ca fait 5 minutes que je vous pose des questions, vous ne m&rsquo;avez toujours pas dit &lsquo;Moi ce que je veux c&rsquo;est destituer le pr\u00e9sident de la R\u00e9publique\u00a0\u00bb, a lanc\u00e9 <a href=\"https:\/\/www.purepeople.com\/article\/lea-salame-et-raphael-glucksmann-ont-emmenage-dans-un-nouvel-et-grand-appartement-a-paris-un-lieu-tres-symbolique_a540782\/1\" rel=\"nofollow noopener\" target=\"_blank\">la compagne de Rapha\u00ebl Glucksmann<\/a> \u00e0 Jean-Luc M\u00e9lenchon. Agac\u00e9, le leader de La France insoumise l&rsquo;\u00e9tait tout autant. \u00ab\u00a0J&rsquo;y viens mais laissez-moi le temps de vous expliquer \u00e0 mesure\u00a0\u00bb, a-t-il r\u00e9pondu \u00e0 L\u00e9a Salam\u00e9 avant d&rsquo;ajouter : \u00ab\u00a0<strong>Je sais tout tr\u00e8s bien, vous faites les questions, les r\u00e9ponses. Je ne vous ai pas r\u00e9pondu comme vous attendiez. Ayez la patience de supporter qu&rsquo;on pense en plus de 140 signes.<\/strong>\u00ab\u00a0<\/p>\n<p>L\u00e9a Salam\u00e9 a alors laiss\u00e9 le temps \u00e0 Jean-Luc M\u00e9lenchon d&rsquo;expliciter son propos, appuyant sur le fait qu&rsquo;Emmanuel Macron a perdu toutes les derni\u00e8res \u00e9lections. La pr\u00e9sentatrice du 20 heures de France 2 n&rsquo;a alors pas manqu\u00e9 de rappeler \u00e0 son invit\u00e9 que le pr\u00e9sident de la R\u00e9publique a pourtant \u00e9t\u00e9 r\u00e9\u00e9lu pour un second mandat. \u00ab\u00a0<strong>Heureusement que vous \u00eates l\u00e0 pour le rappeler sinon on aurait oubli\u00e9 que monsieur Macron est pr\u00e9sident de la R\u00e9publique<\/strong>\u00ab\u00a0, a alors r\u00e9torqu\u00e9 Jean-Luc M\u00e9lenchon.\u00a0<\/p>\n<p>Audacieuse jusqu&rsquo;au bout, L\u00e9a Salam\u00e9 a fini ce face-\u00e0-face avec son invit\u00e9 en lui demandant s&rsquo;il serait candidat \u00e0 l&rsquo;\u00e9lection pr\u00e9sidentielle en 2027, ce \u00e0 quoi Jean-Luc M\u00e9lenchon n&rsquo;a pas vraiment r\u00e9pondu.<\/p>\n","protected":false},"excerpt":{"rendered":"Par Olivia Maunoury | R\u00e9dactrice en chef Apr\u00e8s des \u00e9tudes de sciences politiques et une \u00e9cole de journalisme,&hellip;\n","protected":false},"author":2,"featured_media":377625,"comment_status":"","ping_status":"","sticky":false,"template":"","format":"standard","meta":{"footnotes":""},"categories":[1356],"tags":[58,59,1011,27,252,1364],"class_list":{"0":"post-377624","1":"post","2":"type-post","3":"status-publish","4":"format-standard","5":"has-post-thumbnail","7":"category-television","8":"tag-divertissement","9":"tag-entertainment","10":"tag-fr","11":"tag-france","12":"tag-television","13":"tag-tv"},"share_on_mastodon":{"url":"https:\/\/pubeurope.com\/@fr\/115174173932085046","error":""},"_links":{"self":[{"href":"https:\/\/www.europesays.com\/fr\/wp-json\/wp\/v2\/posts\/377624","targetHints":{"allow":["GET"]}}],"collection":[{"href":"https:\/\/www.europesays.com\/fr\/wp-json\/wp\/v2\/posts"}],"about":[{"href":"https:\/\/www.europesays.com\/fr\/wp-json\/wp\/v2\/types\/post"}],"author":[{"embeddable":true,"href":"https:\/\/www.europesays.com\/fr\/wp-json\/wp\/v2\/users\/2"}],"replies":[{"embeddable":true,"href":"https:\/\/www.europesays.com\/fr\/wp-json\/wp\/v2\/comments?post=377624"}],"version-history":[{"count":0,"href":"https:\/\/www.europesays.com\/fr\/wp-json\/wp\/v2\/posts\/377624\/revisions"}],"wp:featuredmedia":[{"embeddable":true,"href":"https:\/\/www.europesays.com\/fr\/wp-json\/wp\/v2\/media\/377625"}],"wp:attachment":[{"href":"https:\/\/www.europesays.com\/fr\/wp-json\/wp\/v2\/media?parent=377624"}],"wp:term":[{"taxonomy":"category","embeddable":true,"href":"https:\/\/www.europesays.com\/fr\/wp-json\/wp\/v2\/categories?post=377624"},{"taxonomy":"post_tag","embeddable":true,"href":"https:\/\/www.europesays.com\/fr\/wp-json\/wp\/v2\/tags?post=377624"}],"curies":[{"name":"wp","href":"https:\/\/api.w.org\/{rel}","templated":true}]}}