{"id":377626,"date":"2025-09-09T11:46:10","date_gmt":"2025-09-09T11:46:10","guid":{"rendered":"https:\/\/www.europesays.com\/fr\/377626\/"},"modified":"2025-09-09T11:46:10","modified_gmt":"2025-09-09T11:46:10","slug":"tous-les-soirs-je-lis-des-histoires-a-mes-enfants","status":"publish","type":"post","link":"https:\/\/www.europesays.com\/fr\/377626\/","title":{"rendered":"\u00abTous les soirs, je lis des histoires \u00e0 mes enfants\u00bb"},"content":{"rendered":"<p><strong>ENTRETIEN &#8211; <\/strong>Plus jeune, le chanteur et vainqueur de \u00abThe Voice\u00bb a eu de grosses difficult\u00e9s pour \u00e9crire. Aujourd\u2019hui, il d\u00e9fend fi\u00e8rement la cause de l\u2019illettrisme.<\/p>\n<p class=\"fig-paragraph\">\u00c0 l\u2019instar de 1,5 million de personnes en France,\u00a0<a href=\"https:\/\/www.lefigaro.fr\/tag\/kendji-girac\" target=\"_blank\" rel=\"noopener\" data-gtm-custom-categorie=\"navigation\" data-gtm-custom-action=\"crossclick\" data-gtm-custom-label=\"Contextuel\" data-gtm-event=\"customEventSPE\"><strong>Kendji Girac<\/strong><\/a> \u00a0a souffert d\u2019illettrisme. Un probl\u00e8me qu\u2019il a r\u00e9solu quand il a particip\u00e9 \u00e0 \u00abThe Voice\u00bb en 2014. \u00c0 bient\u00f4t 30 ans, le chanteur souhaite montrer que tout le monde peut apprendre \u00e0 lire et \u00e0 \u00e9crire, peu importe l\u2019\u00e2ge. C\u2019est d\u2019ailleurs la raison pour laquelle il a accept\u00e9 de prendre part \u00e0 la soir\u00e9e sp\u00e9ciale de\u00a0<a href=\"https:\/\/tvmag.lefigaro.fr\/programme-tv\/chaine\/4\/tous-les-programmes-de-france-2\" target=\"_blank\" rel=\"noopener\" data-gtm-custom-categorie=\"navigation\" data-gtm-custom-action=\"crossclick\" data-gtm-custom-label=\"Contextuel\" data-gtm-event=\"customEventSPE\">France 2<\/a>,\u00a0<a href=\"https:\/\/tvmag.lefigaro.fr\/programme-tv\/programme\/j-ai-pas-les-mots-8-semaines-pour-sortir-de-l-illettrisme-f979505187\" target=\"_blank\" rel=\"noopener\" data-gtm-custom-categorie=\"navigation\" data-gtm-custom-action=\"crossclick\" data-gtm-custom-label=\"Contextuel\" data-gtm-event=\"customEventSPE\"><strong>\u00abJ\u2019ai pas les mots, 8 semaines pour sortir de l\u2019illettrisme\u00bb<\/strong><\/a>, diffus\u00e9e ce mardi \u00e0 21h10.<\/p>\n<p class=\"fig-paragraph\"><strong>TV MAGAZINE. &#8211; Comment vous \u00eates-vous retrouv\u00e9 dans \u00abJ\u2019ai pas les mots\u00bb\u00a0?<\/strong><br \/><strong>Kendji GIRAC. &#8211; <\/strong>Je connais bien le patron d\u2019Endemol, Jean-Louis Blot. On s\u2019\u00e9tait crois\u00e9 dans un restaurant dans le Sud. Il m\u2019avait parl\u00e9 du t\u00e9l\u00e9film dans lequel j\u2019avais jou\u00e9,\u00a0<a href=\"https:\/\/tvmag.lefigaro.fr\/programme-tv\/programme\/champion-d800334042\" target=\"_blank\" rel=\"noopener\" data-gtm-custom-categorie=\"navigation\" data-gtm-custom-action=\"crossclick\" data-gtm-custom-label=\"Contextuel\" data-gtm-event=\"customEventSPE\">Champion<\/a> \u00a0sur TF1. Il m\u2019avait alors annonc\u00e9 qu\u2019il voulait faire un documentaire sur l\u2019illettrisme et je lui ai dit que \u00e7a m\u2019int\u00e9resserait d\u2019y participer.<\/p>\n<p class=\"fig-body-link\">\n            \u00c0 lire aussi<br \/>\n        <a class=\"fig-body-link__link\" href=\"http:\/\/tvmag.lefigaro.fr\/programme-tv\/ce-soir-tele\/j-ai-pas-les-mots-france-2-comment-surmonter-l-illettrisme-20250909\" target=\"_blank\" data-fig-type=\"Article\" rel=\"noopener\" data-gtm-custom-categorie=\"navigation\" data-gtm-custom-action=\"crossclick\" data-gtm-custom-label=\"Contextuel\" data-gtm-event=\"customEventSPE\" data-fig-domain=\"TVMAG\">\u00abJ\u2019ai pas les mots\u00bb (France 2)\u00a0: comment surmonter l\u2019illettrisme<br \/>\n    <\/a>\n<\/p>\n<p>                                    <a class=\"fig-a11y-skip a11y-hidden\" href=\"#fig-a11y-skip-main-inarticle\"><br \/>\n        Passer la publicit\u00e9<br \/>\n    <\/a><\/p>\n<p class=\"fig-paragraph\"><strong>Il ne s\u2019agit pas d\u2019un simple documentaire mais d\u2019une aventure&#8230;<\/strong><br \/>Quand j\u2019ai d\u00e9couvert le principe de l\u2019\u00e9mission avec les apprenants, je me suis dit\u00a0: \u00abParfait, je vais pouvoir encore aider d\u2019autres personnes\u00bb. C\u2019est incroyable de voir des gens de leur \u00e2ge vouloir se battre encore pour r\u00e9ussir. De savoir qu\u2019ils voulaient surmonter leurs probl\u00e8mes d\u2019\u00e9criture et de lecture m\u2019a touch\u00e9. Tout de suite, j\u2019ai voulu prendre part aux ateliers avec eux. Je voulais les encourager et leur montrer que c\u2019est un probl\u00e8me que l\u2019on peut surmonter.<\/p>\n<p class=\"fig-paragraph\"><strong>Quel \u00e9tait votre objectif en participant \u00e0 ce documentaire\u00a0?<\/strong><br \/>De montrer que malgr\u00e9 notre difficult\u00e9, ce n\u2019est pas si grave que \u00e7a. Beaucoup de gens sont confront\u00e9s \u00e0 l\u2019illettrisme et se cachent, c\u2019est bien \u00e7a le probl\u00e8me. Ce n\u2019est pas grave, on fait du mal \u00e0 personne si on n\u2019a pas assez appris \u00e0 l\u2019\u00e9cole \u00e0 \u00e9crire ou \u00e0 lire. L\u2019id\u00e9e de participer \u00e0 cette aventure est de crever l\u2019abc\u00e8s. Je suis connu, je suis devant les cam\u00e9ras, sous les projecteurs, je suis coiff\u00e9 comme Elvis Presley (rires), mais j\u2019ai eu un petit probl\u00e8me comme vous, et ce n\u2019est pas grave. De le dire m\u2019a fait avancer. Il faut accepter ses lacunes pour essayer de les surmonter. J\u2019ai voulu donner confiance \u00e0 ces personnes en disant d\u2019assumer leur probl\u00e8me. En l\u2019assumant, ils vont apprendre plus vite, et surtout, la chose la plus importante, une fois qu\u2019ils auront r\u00e9appris, ils vont sentir libre.<\/p>\n<p class=\"fig-paragraph\"><strong>Quel \u00e9tait votre probl\u00e8me\u00a0?<\/strong><br \/>Je ne savais pas \u00e9crire, j\u2019\u00e9crivais avec beaucoup de fautes de fran\u00e7ais, et j\u2019avais un vocabulaire assez limit\u00e9. Aujourd\u2019hui, on n\u2019\u00e9crit plus avec des stylos, des feuilles, on n\u2019a plus cette habitude \u00e0 cause des smartphones, des ordinateurs et Internet o\u00f9 tout est pr\u00e9rempli. R\u00e9\u00e9crire a \u00e9t\u00e9 compliqu\u00e9. Mettre les bonnes lettres au bon endroit a \u00e9t\u00e9 dur. Je trouve que c\u2019est plus facile de lire que d\u2019\u00e9crire. Quand on \u00e9crit, on oublie toujours une petite lettre, on fait toujours une faute.<\/p>\n<p class=\"fig-paragraph\"><strong>Comment s\u2019est pass\u00e9e l\u2019\u00e9cole pour vous\u00a0?<\/strong><br \/>J\u2019y allais de temps en temps. J\u2019ai des tr\u00e8s bons souvenirs, j\u2019adorais mes ma\u00eetresses mais je repartais \u00e0 la maison avec le peu que j\u2019avais appris. Chaque ann\u00e9e, j\u2019\u00e9tais dans la m\u00eame classe entour\u00e9 de gitans comme moi, on n\u2019\u00e9tait pas m\u00e9lang\u00e9s aux autres \u00e9l\u00e8ves, on n\u2019avait pas les m\u00eames cours. De fait, on n\u2019\u00e9tait pas tir\u00e9s vers le haut et on ne voyait pas si on progressait ou non. Quand je rentrais \u00e0 la maison, personne ne pouvait m\u2019aider pour faire mes devoirs. Heureusement, je savais lire.<\/p>\n<p class=\"fig-body-link\">\n            \u00c0 lire aussi<br \/>\n        <a class=\"fig-body-link__link\" href=\"http:\/\/www.lefigaro.fr\/culture\/mon-tresor-ma-fierte-kendji-girac-devient-pere-pour-la-deuxieme-fois-20250518\" target=\"_blank\" data-fig-type=\"NewsFlash\" rel=\"noopener\" data-gtm-custom-categorie=\"navigation\" data-gtm-custom-action=\"crossclick\" data-gtm-custom-label=\"Contextuel\" data-gtm-event=\"customEventSPE\" data-fig-domain=\"LEFIGARO\">\u00abMon tr\u00e9sor, ma fiert\u00e9\u00bb\u00a0: Kendji Girac devient p\u00e8re pour la deuxi\u00e8me fois<br \/>\n    <\/a>\n<\/p>\n<p class=\"fig-paragraph\"><strong>En avez-vous souffert\u00a0?\u00a0<\/strong><br \/>\u00c7a a commenc\u00e9 \u00e0 me g\u00eaner quand je suis pass\u00e9 devant les cam\u00e9ras. J\u2019\u00e9tais mal \u00e0 l\u2019aise de voir que je n\u2019avais pas le m\u00eame vocabulaire que les autres. J\u2019ai \u00e9t\u00e9 \u00e9lev\u00e9 dans une famille o\u00f9 on parle catalan et dans une communaut\u00e9 o\u00f9 on n\u2019a pas beaucoup \u00e9t\u00e9 \u00e0 l\u2019\u00e9cole. Quand j\u2019ai remport\u00e9 \u00abThe Voice\u00bb, j\u2019ai commenc\u00e9 \u00e0 me poser des questions, je paniquais quand on me demandait d\u2019\u00e9crire quelque chose.<\/p>\n<blockquote class=\"fig-quote&#10;    \">\n<p class=\"fig-quote__text\">J\u2019ai surmont\u00e9 ce probl\u00e8me, c\u2019est ma grande victoire<\/p>\n<p>            Kendji Girac\n    <\/p><\/blockquote>\n<p>                                    <a class=\"fig-a11y-skip a11y-hidden\" href=\"#fig-a11y-skip-main-inarticle_mtf\"><br \/>\n        Passer la publicit\u00e9<br \/>\n    <\/a><\/p>\n<p class=\"fig-paragraph\"><strong>Comment avez-vous r\u00e9solu votre probl\u00e8me\u00a0?<\/strong><br \/>Je me suis rachet\u00e9 des stylos et des feuilles, je r\u00e9\u00e9crivais des mots. Et je me suis remis \u00e0 lire. Tout doucement, j\u2019ai pris un peu plus de libert\u00e9 sur l\u2019\u00e9criture. Remplir mes papiers sans stress m\u2019a beaucoup aid\u00e9 \u00e0 accepter mon probl\u00e8me. Je prenais mon temps en me disant que ce n\u2019\u00e9tait pas grave et en n\u2019ayant pas peur de le faire. Aujourd\u2019hui, j\u2019ai surmont\u00e9 ce probl\u00e8me, c\u2019est ma grande victoire.<\/p>\n<p class=\"fig-paragraph\"><strong>Vous arrive-t-il de faire encore des fautes aujourd\u2019hui\u00a0?<\/strong><br \/>Oui quand \u00e7a m\u2019arrive d\u2019en faire, je me mords les l\u00e8vres. Aujourd\u2019hui, je me sens totalement libre, on peut me laisser tout seul, je peux remplir mes papiers et \u00e9crire mes chansons.<\/p>\n<p class=\"fig-paragraph\"><strong>Vous \u00eates papa de deux enfants, une petite fille de 4 ans et un gar\u00e7on \u00e2g\u00e9 de 4 mois. Que faites-vous pour qu\u2019ils ne connaissent pas le m\u00eame probl\u00e8me que vous\u00a0?<\/strong><br \/>J\u2019accompagne ma fille chaque matin \u00e0 l\u2019\u00e9cole quand je peux le faire. Et tous les soirs, je leur lis des histoires. Je leur montre qu\u2019en lisant on peut vivre des moments incroyables et de belles \u00e9motions. Je serai l\u00e0 pour eux jusqu\u2019\u00e0 la fin de leurs \u00e9tudes.<\/p>\n<p class=\"fig-paragraph\"><strong>Vous avez d\u00e9cid\u00e9 d\u2019\u00e9crire votre autobiographie&#8230;<\/strong><br \/>Je vais bient\u00f4t avoir 30 ans, j\u2019ai v\u00e9cu assez de choses pour pouvoir raconter mon histoire. Dans Mi Vida (Flammarion), j\u2019\u00e9voque plein de passages de ma vie, de mon enfance \u00e0 aujourd\u2019hui. \u00c7a m\u2019a pris du temps mais \u00e7a m\u2019a fait du bien de me replonger dans mes souvenirs. Je suis pass\u00e9 par de belles \u00e9motions en \u00e9crivant ce livre.<\/p>\n<p class=\"fig-paragraph\"><strong>Et de l\u2019enregistrer en audio&#8230;\u00a0<\/strong><br \/>Pour ma m\u00e8re, surtout, et pour les gens qui ne savent pas lire parce que je pense aussi \u00e0 eux. J\u2019aimerais leur montrer que tout le monde peut apprendre \u00e0 lire et \u00e0 \u00e9crire. Je pr\u00e9f\u00e9rerais qu\u2019ils le lisent bien s\u00fbr mais pour les y aider, j\u2019ai enregistr\u00e9 les 300 pages.<\/p>\n<p>                                    <a class=\"fig-a11y-skip a11y-hidden\" href=\"#fig-a11y-skip-main-inarticle_btf\"><br \/>\n        Passer la publicit\u00e9<br \/>\n    <\/a><\/p>\n<p class=\"fig-paragraph\"><strong>Votre maman est en situation d\u2019illettrisme. Comment l\u2019aidez-vous \u00e0 surmonter son probl\u00e8me\u00a0?<\/strong><br \/>Parfois, je lui fais un petit peu l\u2019\u00e9cole. Quand on est \u00e0 la maison, quand on boit le caf\u00e9, je lui fais lire des mots. \u00c7a fait deux fois qu\u2019elle me dit qu\u2019elle a envie de r\u00e9apprendre, je vais tout faire pour l\u2019y aider.<\/p>\n","protected":false},"excerpt":{"rendered":"ENTRETIEN &#8211; Plus jeune, le chanteur et vainqueur de \u00abThe Voice\u00bb a eu de grosses difficult\u00e9s pour \u00e9crire.&hellip;\n","protected":false},"author":2,"featured_media":377627,"comment_status":"","ping_status":"","sticky":false,"template":"","format":"standard","meta":{"footnotes":""},"categories":[1355],"tags":[58,59,1011,27,594,50298,7780,1361,873],"class_list":{"0":"post-377626","1":"post","2":"type-post","3":"status-publish","4":"format-standard","5":"has-post-thumbnail","7":"category-musique","8":"tag-divertissement","9":"tag-entertainment","10":"tag-fr","11":"tag-france","12":"tag-france-2","13":"tag-illettrisme","14":"tag-kendji-girac","15":"tag-music","16":"tag-musique"},"share_on_mastodon":{"url":"https:\/\/pubeurope.com\/@fr\/115174177816380354","error":""},"_links":{"self":[{"href":"https:\/\/www.europesays.com\/fr\/wp-json\/wp\/v2\/posts\/377626","targetHints":{"allow":["GET"]}}],"collection":[{"href":"https:\/\/www.europesays.com\/fr\/wp-json\/wp\/v2\/posts"}],"about":[{"href":"https:\/\/www.europesays.com\/fr\/wp-json\/wp\/v2\/types\/post"}],"author":[{"embeddable":true,"href":"https:\/\/www.europesays.com\/fr\/wp-json\/wp\/v2\/users\/2"}],"replies":[{"embeddable":true,"href":"https:\/\/www.europesays.com\/fr\/wp-json\/wp\/v2\/comments?post=377626"}],"version-history":[{"count":0,"href":"https:\/\/www.europesays.com\/fr\/wp-json\/wp\/v2\/posts\/377626\/revisions"}],"wp:featuredmedia":[{"embeddable":true,"href":"https:\/\/www.europesays.com\/fr\/wp-json\/wp\/v2\/media\/377627"}],"wp:attachment":[{"href":"https:\/\/www.europesays.com\/fr\/wp-json\/wp\/v2\/media?parent=377626"}],"wp:term":[{"taxonomy":"category","embeddable":true,"href":"https:\/\/www.europesays.com\/fr\/wp-json\/wp\/v2\/categories?post=377626"},{"taxonomy":"post_tag","embeddable":true,"href":"https:\/\/www.europesays.com\/fr\/wp-json\/wp\/v2\/tags?post=377626"}],"curies":[{"name":"wp","href":"https:\/\/api.w.org\/{rel}","templated":true}]}}