{"id":377631,"date":"2025-09-09T11:49:42","date_gmt":"2025-09-09T11:49:42","guid":{"rendered":"https:\/\/www.europesays.com\/fr\/377631\/"},"modified":"2025-09-09T11:49:42","modified_gmt":"2025-09-09T11:49:42","slug":"le-bilan-individuel-des-bleus-a-leuro-jaiteh-aurait-merite-mieux-cordinier-a-perdu-la-magie-olympique-maledon-sest-rate","status":"publish","type":"post","link":"https:\/\/www.europesays.com\/fr\/377631\/","title":{"rendered":"Le bilan individuel des Bleus \u00e0 l&rsquo;Euro : Jaiteh aurait m\u00e9rit\u00e9 mieux, Cordinier a perdu la magie olympique, Maledon s&rsquo;est rat\u00e9"},"content":{"rendered":"<p>Au Radisson Blu de Riga lundi apr\u00e8s-midi, on croisait encore Luka Doncic, attendu par des jeunes supporters pendant plusieurs heures, des joueurs g\u00e9orgiens tout contents de prolonger leur s\u00e9jour ou m\u00eame l\u2019\u00e9quipe isra\u00e9lienne, repartie tr\u00e8s tard pour Tel-Aviv. Mais plus l\u2019\u00e9quipe de France\u2026<\/p>\n<p>Apr\u00e8s une derni\u00e8re nuit d\u00e9primante en Lettonie, les Bleus se sont envol\u00e9s en vol priv\u00e9 sur les coups de midi pour Paris. Laissant derri\u00e8re eux les traces d\u2019un championnat d\u2019Europe particuli\u00e8rement frustrant, conclu d\u00e8s les 1\/8e de finale face \u00e0 la modeste G\u00e9orgie (70-80). Deux jours apr\u00e8s la d\u00e9sillusion, il est temps de tirer le bilan individuel de cette premi\u00e8re comp\u00e9tition de l\u2019\u00e8re Fauthoux.<\/p>\n<p>En un match, il a scor\u00e9 plus de points (32) que sur tout le reste de son tournoi (27). Face \u00e0 la Slov\u00e9nie, le meneur du Zalgiris Kaunas a livr\u00e9 l\u2019un des plus grands chefs-d\u2019\u0153uvre des derni\u00e8res ann\u00e9es en s\u00e9lection, malheureusement terni par une <a target=\"_blank\" rel=\"noopener nofollow\" href=\"https:\/\/www.bebasket.fr\/dernier-panier-polemique-mea-culpa-de-francisco-critiques-de-prepelic-hifi-expulse-fin-de-match-tendue-entre-la-france-et-la-slovenie\">faute de go\u00fbt<\/a> sur l\u2019ultime possession qui lui a valu un <a target=\"_blank\" rel=\"noopener nofollow\" href=\"https:\/\/www.bebasket.fr\/sylvain-francisco-a-recu-3-000-messages-racistes\">d\u00e9ferlement de haine<\/a> et de b\u00eatise raciste sur ses r\u00e9seaux sociaux.<\/p>\n<p>Un peu trop \u00e0 g\u00e9rer pour un seul homme, atteint par la situation, et qui n\u2019a plus r\u00e9ussi \u00e0 retrouver le m\u00eame rayonnement ensuite. Au-dessus du lot d\u2019un point de vue athl\u00e9tique, avec des qualit\u00e9s de vitesse inou\u00efes, le Francilien a beaucoup cherch\u00e9 \u00e0 r\u00e9pondre aux attentes du staff, allant parfois trop tenter de trouver la passe alors qu\u2019il s\u2019\u00e9tait d\u00e9j\u00e0 ouvert le chemin du cercle.<\/p>\n<p>Un profil parfait de sixi\u00e8me homme avec une intensit\u00e9 remarquable lors de toutes ses entr\u00e9es en jeu. Mais un money-time qui fait mal contre la G\u00e9orgie : une balle perdue sur la premi\u00e8re possession du quatri\u00e8me quart-temps et 0\/4 de loin dans les deux derni\u00e8res minutes.<\/p>\n<p><strong>Ses statistiques :\u00a0<\/strong>9,8 points \u00e0 33%, 3,8 rebonds et 3,7 passes d\u00e9cisives en 21 minutes<\/p>\n<p><a href=\"https:\/\/www.europesays.com\/fr\/wp-content\/uploads\/2025\/09\/54754516064_d7346a5c59_k.jpg\"><img decoding=\"async\" loading=\"lazy\" class=\" wp-image-226954\" src=\"https:\/\/www.europesays.com\/fr\/wp-content\/uploads\/2025\/09\/54754516064_d7346a5c59_k.jpg\" alt=\"\" width=\"900\" height=\"600\"  \/><\/a>Le temps d\u2019un match, Sylvain Francisco a \u00e9clips\u00e9 Luka Doncic (photo : Julie Dum\u00e9li\u00e9)<br \/>\n<strong>#0 \u00c9lie Okobo<\/strong><\/p>\n<p>Tout bon\u2026 jusqu\u2019au vrai match important, comme malheureusement un peu trop souvent dans sa carri\u00e8re. Frustr\u00e9 jusque-l\u00e0 en \u00e9quipe de France, mal \u00e0 l\u2019aise sous l\u2019\u00e9gide de Vincent Collet, le Bordelais a enfin obtenu la libert\u00e9 qu\u2019il esp\u00e9rait avec Fr\u00e9d\u00e9ric Fauthoux, un coach qu\u2019il connait depuis (tr\u00e8s) longtemps.<\/p>\n<p>Sur tout le premier tour, cela a port\u00e9 ses fruits. Utilis\u00e9 en joker offensif de luxe, tant\u00f4t au poste 2, tant\u00f4t \u00e0 la m\u00e8ne (ce qu\u2019il r\u00e9clamait), le gaucher de l\u2019AS Monaco a \u00e9t\u00e9 brillant \u00e0 Katowice, avec un remarquable investissement d\u00e9fensif pour ne rien g\u00e2cher. Son match contre la Pologne (14 points et 10 passes d\u00e9cisives) est s\u00fbrement le plus abouti de sa carri\u00e8re internationale.<\/p>\n<p>Mais alors qu\u2019il a d\u00e9sormais pass\u00e9 le cap des 50 s\u00e9lections, Okobo s\u2019est rat\u00e9 sur le couac g\u00e9orgien. De plus en plus tendu au fil des quarts-temps, l\u2019ancien Palois a finalement \u00e9t\u00e9 assez peu influent dans tous les secteurs, trop maladroit (4\/12, dont 1\/5 \u00e0 3-points) et auteur de son plus faible match \u00e0 la cr\u00e9ation (3 passes d\u00e9cisives). Dommage, car la premi\u00e8re impression \u00e9tait tr\u00e8s bonne.<\/p>\n<p><strong>Ses statistiques :<\/strong> 12,7 points \u00e0 48%, 5 passes d\u00e9cisives et 1,7 interception en 22 minutes<\/p>\n<p><a href=\"https:\/\/www.europesays.com\/fr\/wp-content\/uploads\/2025\/09\/54771658425_7948ac6705_k.jpg\"><img decoding=\"async\" loading=\"lazy\" class=\" wp-image-226956\" src=\"https:\/\/www.europesays.com\/fr\/wp-content\/uploads\/2025\/09\/54771658425_7948ac6705_k.jpg\" alt=\"\" width=\"901\" height=\"601\"  \/><\/a>\u00c9lie Okobo a sign\u00e9 la meilleure de ses trois campagnes avec les Bleus (photo : Julie Dum\u00e9li\u00e9)<br \/>\n<strong>#2 Nadir Hifi<\/strong><\/p>\n<p>Signe de la dimension in\u00e9dite pour un 12e homme d\u2019une comp\u00e9tition internationale, <a target=\"_blank\" rel=\"noopener nofollow\" href=\"https:\/\/www.bebasket.fr\/fauthoux-explique-pourquoi-il-na-pas-fait-jouer-nadir-hifi-trop-difficile-de-le-relancer-dans-un-match-couperet\">la question<\/a> sur son cas est venue d\u2019un journaliste serbe en conf\u00e9rence de presse. L\u2019une des toutes premi\u00e8res adress\u00e9es \u00e0 Fr\u00e9d\u00e9ric Fauthoux apr\u00e8s l\u2019\u00e9limination.<\/p>\n<p>N\u2019importe quelle mention de l\u2019arri\u00e8re du Paris Basketball, devenu une vraie figure populaire ces derniers mois, d\u00e9cha\u00eene les passions et son seul cas a cristallis\u00e9 quelques critiques \u00e0 l\u2019encontre du s\u00e9lectionneur. Il est vrai qu\u2019Hifi aurait, au moins, pu \u00eatre essay\u00e9 2 minutes sur un match o\u00f9 les Bleus ont shoot\u00e9 \u00e0 6\/36 \u00e0 3-points. Il est vrai, aussi, que le timing ne s\u2019est jamais vrai ouvert au fait d\u2019abattre l\u2019ultime carte Hifi, les tricolores revenant instantan\u00e9ment de -9 au moment o\u00f9 cela aurait pu \u00eatre le plus opportun (de 54-63 \u00e0 66-66).<\/p>\n<p>LIRE AUSSI<\/p>\n<p><a href=\"https:\/\/www.bebasket.fr\/fauthoux-explique-pourquoi-il-na-pas-fait-jouer-nadir-hifi-trop-difficile-de-le-relancer-dans-un-match-couperet\" rel=\"nofollow noopener\" target=\"_blank\"> <img decoding=\"async\" src=\"https:\/\/www.europesays.com\/fr\/wp-content\/uploads\/2025\/09\/54771553899-b0b7fc3bc5-k-1f08c20a-409f-6536-98dc-fd179d161279.jpg\" alt=\"\"\/> <\/a><\/p>\n<p>Rappel\u00e9 en derni\u00e8re minute pour remplacer Matthew Strazel, le Strasbourgeois a finalement eu du mal \u00e0 trouver sa place, payant sa contre-performance contre Isra\u00ebl (2 points \u00e0 1\/8 en 15 minutes) tout le reste du tournoi. \u00c0 son avantage dans les sorties faciles (10 points en 9 minutes contre la Belgique, 11 en 12 minutes face \u00e0 l\u2019Islande), il est cependant l\u2019un des seuls joueurs, avec Isa\u00efa Cordinier, \u00e0 pr\u00e9senter un +\/- n\u00e9gatif sur l\u2019ensemble de l\u2019Euro, trahissant quelques difficult\u00e9s d\u00e9fensives, lui qui avait notamment la f\u00e2cheuse d\u2019habitude d\u2019encaisser un and one d\u00e8s son entr\u00e9e puisqu\u2019il se mettait en surpression.<\/p>\n<p><strong style=\"text-transform:initial\">Ses statistiques :<\/strong> 5,8 points \u00e0 36%, 1 rebond et 0,5 passe d\u00e9cisive en 9 minutes<\/p>\n<p><a href=\"https:\/\/www.europesays.com\/fr\/wp-content\/uploads\/2025\/09\/54756257216_532b629eed_k.jpg\"><img decoding=\"async\" loading=\"lazy\" class=\" wp-image-226959\" src=\"https:\/\/www.europesays.com\/fr\/wp-content\/uploads\/2025\/09\/54756257216_532b629eed_k.jpg\" alt=\"\" width=\"901\" height=\"601\"  \/><\/a>Nadir Hifi n\u2019a pas souvent enlev\u00e9 le surmaillot (photo : Julie Dum\u00e9li\u00e9)<br \/>\n<strong>#3 Timoth\u00e9 Luwawu-Cabarrot<\/strong><\/p>\n<p>Ah, quel dommage que ses deux tirs compl\u00e8tement ouverts dans le corner \u00e0 la 33e minute contre la G\u00e9orgie n\u2019aient pas trouv\u00e9 la cible\u2026 Ce cruel reflet de l\u2019incapacit\u00e9 tricolore \u00e0 trouver la faille de loin en 1\/8e (6\/36) vient quelque peu ternir le bilan de TLC, globalement satisfaisant par ailleurs.<\/p>\n<p>LIRE AUSSI<\/p>\n<p><a href=\"https:\/\/www.bebasket.fr\/on-etait-inconnus-des-cadets-dantibes-a-leuro-la-folle-histoire-de-cordinier-et-luwawu-cabarrot\" rel=\"nofollow noopener\" target=\"_blank\"> <img decoding=\"async\" src=\"https:\/\/www.europesays.com\/fr\/wp-content\/uploads\/2025\/09\/54749331490-5c22c679ca-k-1f0838d6-49ec-65fc-a582-6f2f5b91df6c.jpg\" alt=\"\"\/> <\/a><\/p>\n<p>Pas sp\u00e9cialement attendu dans la liste des 12, l\u2019ailier de Vitoria a coll\u00e9 \u00e0 son r\u00f4le de soldat, exemplaire dans le sacrifice, pr\u00e9cieux d\u00e9fensivement comme lors de son gros passage sur Mateusz Ponitka contre la Pologne au premier tour, r\u00e9guli\u00e8rement d\u00e9cal\u00e9 au poste 4 afin de pallier les d\u00e9faillances de la raquette. Dans un bon esprit tout au long de la comp\u00e9tition.<\/p>\n<p><strong>Ses statistiques :\u00a0<\/strong>3,3 points \u00e0 32% et 2,3 rebonds en 14 minutes<\/p>\n<p><a href=\"https:\/\/www.europesays.com\/fr\/wp-content\/uploads\/2025\/09\/54761749538_662df40b49_k.jpg\"><img decoding=\"async\" loading=\"lazy\" class=\" wp-image-226964\" src=\"https:\/\/www.europesays.com\/fr\/wp-content\/uploads\/2025\/09\/54761749538_662df40b49_k.jpg\" alt=\"\" width=\"900\" height=\"600\"  \/><\/a>Apr\u00e8s deux ans d\u2019\u00e9clipse, Timoth\u00e9 Luwawu-Cabarrot a renou\u00e9 avec le fil de sa carri\u00e8re internationale cette ann\u00e9e (photo : Julie Dum\u00e9li\u00e9)<br \/>\n<strong>#7 Guerschon Yabusele<\/strong><\/p>\n<p>Un Euro particuli\u00e8rement frustrant pour le capitaine. Auteur d\u2019une performance monumentale contre la Pologne (36 points), l\u2019int\u00e9rieur new-yorkais a eu du mal \u00e0 peser par ailleurs, \u00e0 l\u2019image de son 1\/8e de finale face \u00e0 la G\u00e9orgie (12 points \u00e0 4\/10, 3 rebonds et 3 passes d\u00e9cisives) o\u00f9 il a perdu son duel avec Toko Shengelia.<\/p>\n<p>LIRE AUSSI<\/p>\n<p><a href=\"https:\/\/www.bebasket.fr\/on-dit-quon-est-des-kairas-mais-on-ne-montre-rien-le-gros-coup-de-gueule-de-yabusele-dans-les-vestiaires\" rel=\"nofollow noopener\" target=\"_blank\"> <img decoding=\"async\" src=\"https:\/\/www.europesays.com\/fr\/wp-content\/uploads\/2025\/09\/54761732219-fc562d7f4c-k-1f08b007-9537-6964-bc15-973103b12d70.jpg\" alt=\"\"\/> <\/a><\/p>\n<p>Particuli\u00e8rement investi dans son r\u00f4le de capitaine, <a target=\"_blank\" rel=\"noopener nofollow\" href=\"https:\/\/www.bebasket.fr\/on-dit-quon-est-des-kairas-mais-on-ne-montre-rien-le-gros-coup-de-gueule-de-yabusele-dans-les-vestiaires\">dans l\u2019intimit\u00e9 des vestiaires<\/a> ou devant les m\u00e9dias, le natif de Dreux s\u2019y est peut-\u00eatre un peu perdu au d\u00e9but, oubliant d\u2019\u00eatre agressif, avant de signer une r\u00e9ponse de patron face \u00e0 la Pologne. Trop souvent trapp\u00e9 par les d\u00e9fenses adverses, cibl\u00e9 en sa qualit\u00e9 de menace n\u00b01, il a p\u00e2ti des absences des autres leaders, lui qui a besoin de pouvoir b\u00e9n\u00e9ficier d\u2019espaces afin de s\u2019exprimer.<\/p>\n<p><strong>Ses statistiques :\u00a0<\/strong>13,7 points \u00e0 47%, 4,2 rebonds et 2,5 passes d\u00e9cisives en 27 minutes<\/p>\n<p><a href=\"https:\/\/www.europesays.com\/fr\/wp-content\/uploads\/2025\/09\/54770478527_b484fc9ce3_k.jpg\"><img decoding=\"async\" loading=\"lazy\" class=\" wp-image-226968\" src=\"https:\/\/www.europesays.com\/fr\/wp-content\/uploads\/2025\/09\/54770478527_b484fc9ce3_k.jpg\" alt=\"\" width=\"900\" height=\"600\"  \/><\/a>Guerschon Yabusele a v\u00e9cu sa premi\u00e8re campagne en tant que capitaine des Bleus (photo : Julie Dum\u00e9li\u00e9)<br \/>\n<strong>#8 Isa\u00efa Cordinier<\/strong><\/p>\n<p>\u00c0 quel point ses genoux, r\u00e9guli\u00e8rement envelopp\u00e9s dans des poches de glace, l\u2019ont emp\u00each\u00e9 de donner sa pleine mesure ? Car du formidable dynamiteur de Paris 2024, il ne restait malheureusement plus grand chose\u2026 Le futur joueur de l\u2019Anadolu Efes Istanbul a tr\u00e8s rarement r\u00e9ussi \u00e0 peser, cherchant, en vain, \u00e0 se rassurer dans le tir (3\/11 \u00e0 3-points sur la comp\u00e9tition).<\/p>\n<p>Son envie de bien faire n\u2019est cependant pas en cause, ni son exemplarit\u00e9 dans l\u2019\u00e9nergie, mais on l\u2019a r\u00e9guli\u00e8rement vu se faire passer en d\u00e9fense. Certes ind\u00e9boulonnable dans le cinq de d\u00e9part, il a souvent fait les frais des options du staff, tentant de se remettre des entames trop souvent poussives. Le chiffre le plus cruel ? Il poss\u00e8de le pire +\/- de toute l\u2019\u00e9quipe de France sur la comp\u00e9tition : -15 au total.<\/p>\n<p><strong>Ses statistiques :\u00a0<\/strong>5,2 points \u00e0 40%, 2 rebonds et 0,8 passe d\u00e9cisive en 13 minutes<\/p>\n<p><a href=\"https:\/\/www.europesays.com\/fr\/wp-content\/uploads\/2025\/09\/54771346151_7b181608ed_k.jpg\"><img decoding=\"async\" loading=\"lazy\" class=\" wp-image-226966\" src=\"https:\/\/www.europesays.com\/fr\/wp-content\/uploads\/2025\/09\/54771346151_7b181608ed_k.jpg\" alt=\"\" width=\"900\" height=\"600\"  \/><\/a>Isa\u00efa Cordinier d\u00e9pit\u00e9 apr\u00e8s l\u2019\u00e9limination tricolore (photo : Julie Dum\u00e9li\u00e9)<br \/>\n<strong>#11 Th\u00e9o Maledon<\/strong><\/p>\n<p>La grosse d\u00e9ception de l\u2019EuroBasket. Intronis\u00e9 meneur titulaire avec le forfait de Matthew Strazel, l\u2019ancien poste 1 de l\u2019ASVEL n\u2019a pas saisi la formidable opportunit\u00e9 qui lui \u00e9tait donn\u00e9e de renouer avec le fil de sa carri\u00e8re internationale.<\/p>\n<p>Pire que \u00e7a, le Normand n\u2019a pas r\u00e9pondu aux attentes. Emb\u00eat\u00e9 par les fautes lors de ses premi\u00e8res sorties, maladroit au possible (1\/16 \u00e0 3-points !), il n\u2019a jamais r\u00e9ussi \u00e0 trouver le rythme, et son \u00e9claircie contre l\u2019Islande n\u2019aura \u00e9t\u00e9 qu\u2019un feu de paille. On aura cru \u00e0 la r\u00e9volte dans le troisi\u00e8me quart-temps face \u00e0 la G\u00e9orgie, avec notamment une interception dans les mains du jeune Giorgi Ochkhikidze, joueur de\u2026 Batumi, mais ses deux \u00e9checs successifs derri\u00e8re la ligne major\u00e9e lors des premi\u00e8res possessions du quatri\u00e8me quart-temps ont scell\u00e9 la fin de son Euro. Une neutralit\u00e9 sur et en dehors des parquets, assez difficilement lisible, m\u00eame pour le staff.<\/p>\n<p><strong>Ses statistiques\u00a0<\/strong><strong>:\u00a0<\/strong>4,3 points \u00e0 29%, 1,8 rebond et 2,2 passes d\u00e9cisives en 14 minutes<\/p>\n<p><a href=\"https:\/\/www.europesays.com\/fr\/wp-content\/uploads\/2025\/09\/54771652815_d6e4fc4d08_k.jpg\"><img decoding=\"async\" loading=\"lazy\" class=\" wp-image-226970\" src=\"https:\/\/www.europesays.com\/fr\/wp-content\/uploads\/2025\/09\/54771652815_d6e4fc4d08_k.jpg\" alt=\"\" width=\"900\" height=\"600\"  \/><\/a>Th\u00e9o Maledon est l\u2019un des flops de l\u2019Euro (photo : Julie Dum\u00e9li\u00e9)<br \/>\n<strong>#14 Mouhammadou Jaiteh<\/strong><\/p>\n<p>C\u2019\u00e9tait l\u2019opportunit\u00e9 de sa vie chez les Bleus. Face \u00e0 l\u2019incroyable p\u00e9nurie \u00e0 son poste, Mam\u2019 s\u2019est d\u2019abord retrouv\u00e9 propuls\u00e9 pivot titulaire de l\u2019\u00e9quipe de France. Puis seul pivot de l\u2019\u00e9quipe de France. Et lui pourra se regarder dans sa glace.<\/p>\n<p>Vaillant au possible, le futur int\u00e9rieur de Duba\u00ef a formidablement masqu\u00e9 les manques. Le costume avait beau \u00eatre trop grand pour lui, pour un seul homme en g\u00e9n\u00e9ral, il a donn\u00e9 pleine satisfaction avec une vraie activit\u00e9 en d\u00e9fense et une \u00e9norme pr\u00e9sence aux rebonds, notamment offensifs. Alors bien s\u00fbr, on trouvera toujours quelque chose \u00e0 redire sur ses hooks et autres petits tirs manqu\u00e9s pr\u00e8s du cercle, mais comment lui reprocher quoi que ce soit vu le contexte ?<\/p>\n<p>LIRE AUSSI<\/p>\n<p><a href=\"https:\/\/www.bebasket.fr\/comment-mam-jaiteh-apprehende-son-statut-de-seul-pivot-apte-des-bleus\" rel=\"nofollow noopener\" target=\"_blank\"> <img decoding=\"async\" src=\"https:\/\/www.europesays.com\/fr\/wp-content\/uploads\/2025\/09\/54761498706-c20088289e-k-1f088b56-a767-601a-b3df-95fca77e803a.jpg\" alt=\"\"\/> <\/a><\/p>\n<p>Au vu de l\u2019immense concurrence (Wembanyama, Gobert, Lessort, Sarr, Beringer, Raynaud) mettant en p\u00e9ril son retour dans une grande comp\u00e9tition internationale, il aurait m\u00e9rit\u00e9 une toute autre sortie. Une statistique ? Contre la G\u00e9orgie, Jaiteh aura \u00e9t\u00e9, de loin, la meilleure \u00e9valuation bleue (18), le plus gros temps de jeu (31) mais aussi le seul dot\u00e9 d\u2019un +\/- positif (+2).<\/p>\n<p><strong>Ses statistiques :\u00a0<\/strong>8,2 points \u00e0 64%, 4,7 rebonds et 1,3 passe d\u00e9cisive en 20 minutes<\/p>\n<p><a href=\"https:\/\/www.europesays.com\/fr\/wp-content\/uploads\/2025\/09\/54770479117_4e75ceefdd_k.jpg\"><img decoding=\"async\" loading=\"lazy\" class=\" wp-image-226969\" src=\"https:\/\/www.europesays.com\/fr\/wp-content\/uploads\/2025\/09\/54770479117_4e75ceefdd_k.jpg\" alt=\"\" width=\"901\" height=\"601\"  \/><\/a>Mam\u2019 Jaiteh, un peu seul contre tous dans les raquettes (photo : Julie Dum\u00e9li\u00e9)<br \/>\n<strong>#21 Zaccharie Risacher<\/strong><\/p>\n<p>En regardant dans le d\u00e9tail, quelques erreurs de na\u00efvet\u00e9 que l\u2019on voit rarement \u00e0 ce niveau de comp\u00e9tition, et deux contre-performances, dans les plus gros matchs (0 point contre la Pologne, 2\/8 face \u00e0 la G\u00e9orgie). Mais en prenant la vision plus globale, un premier EuroBasket r\u00e9ussi, avec une fiabilit\u00e9 rare dans le shoot (42% \u00e0 3-points) et des flashs athl\u00e9tiques assez impressionnants.<\/p>\n<p>Appel\u00e9 \u00e0 reprendre le flambeau de Nicolas Batum, l\u2019ailier des Hawks suit, pour l\u2019instant, les traces de son a\u00een\u00e9 qui n\u2019avait pas non plus remport\u00e9 de m\u00e9daille lors de sa premi\u00e8re comp\u00e9tition (EuroBasket 2009). Il fait partie des joueurs qui auront certainement grandi sur cette campagne letto-polonaise.<\/p>\n<p><strong>Ses statistiques :\u00a0<\/strong>9,7 points \u00e0 48%, 4,2 rebonds et 1,7 passe d\u00e9cisive en 18 minutes<\/p>\n<p><a href=\"https:\/\/www.europesays.com\/fr\/wp-content\/uploads\/2025\/09\/54764852621_67ec773cae_k.jpg\"><img decoding=\"async\" loading=\"lazy\" class=\" wp-image-226972\" src=\"https:\/\/www.europesays.com\/fr\/wp-content\/uploads\/2025\/09\/54764852621_67ec773cae_k.jpg\" alt=\"\" width=\"901\" height=\"601\"  \/><\/a>Zaccharie Risacher, mention B+ (photo : Julie Dum\u00e9li\u00e9)<br \/>\n<strong>#34 Jaylen Hoard<\/strong><\/p>\n<p>L\u2019une des bonnes surprises de l\u2019\u00e9t\u00e9. Particuli\u00e8rement m\u00e9connu du grand public fran\u00e7ais, qui avait perdu sa trace depuis son d\u00e9part du P\u00f4le France en 2016, l\u2019int\u00e9rieur du Maccabi Tel-Aviv a aussi tent\u00e9 de colmater toutes les fuites dans la raquette.<\/p>\n<p>LIRE AUSSI<\/p>\n<p><a href=\"https:\/\/www.bebasket.fr\/lheritage-bleu-de-jaylen-hoard\" rel=\"nofollow noopener\" target=\"_blank\"> <img decoding=\"async\" src=\"https:\/\/www.europesays.com\/fr\/wp-content\/uploads\/2025\/09\/montage-deux-photos-bebasket-2-1f08b1d5-0255-6c34-a499-21f3ef986e07.jpg\" alt=\"\"\/> <\/a><\/p>\n<p>Extr\u00eamement rentable (0,43 point par minute), il pouvait proposer une multitude d\u2019options lorsqu\u2019il \u00e9tait sur le terrain, notamment pr\u00e8s du cercle. Compar\u00e9 \u00e0 Florent Pi\u00e9trus pour son intensit\u00e9 d\u00e9fensive, il a cependant compliqu\u00e9 la t\u00e2che du staff lors du 1\/8e de finale en signant des fautes rapides (5 en moins de 17 minutes), qui ont encore plus d\u00e9peupl\u00e9 la raquette. Polyvalent des autres int\u00e9rieurs (quand il y en a\u2026), capable d\u2019effectuer le travail de l\u2019ombre, il m\u00e9ritera d\u2019\u00eatre revu dans les prochaines ann\u00e9es.<\/p>\n<p><strong>Ses statistiques :\u00a0<\/strong>8,3 points \u00e0 62%, 3,5 rebonds et 1,2 interception en 20 minutes<\/p>\n<p><a href=\"https:\/\/www.europesays.com\/fr\/wp-content\/uploads\/2025\/09\/54761738178_bd17de17e0_k.jpg\"><img decoding=\"async\" loading=\"lazy\" class=\" wp-image-226977\" src=\"https:\/\/www.europesays.com\/fr\/wp-content\/uploads\/2025\/09\/54761738178_bd17de17e0_k.jpg\" alt=\"\" width=\"898\" height=\"599\"  \/><\/a>Pr\u00e8s du cercle, Jaylen Hoard aura \u00e9t\u00e9 chirurgical (photo : Julie Dum\u00e9li\u00e9)<br \/>\n<strong>#44 Alexandre Sarr<\/strong><\/p>\n<p>La plus grande frustration de l\u2019EuroBasket. Que se serait-il pass\u00e9 s\u2019il ne s\u2019\u00e9tait pas <a target=\"_blank\" rel=\"noopener nofollow\" href=\"https:\/\/www.bebasket.fr\/alexandre-sarr-serait-forfait-pour-le-reste-de-leurobasket\">bless\u00e9<\/a> d\u00e8s le deuxi\u00e8me match, contre la Slov\u00e9nie ? La question risque de hanter longtemps l\u2019esprit de Fr\u00e9d\u00e9ric Fauthoux.<\/p>\n<p>Capital lors du money-time de la Slov\u00e9nie, l\u2019int\u00e9rieur des Wizards avait \u00e9tal\u00e9 toute la panoplie du pivot moderne : \u00e9nergie, envergure, dissuasion, shoot, etc. Sans m\u00eame mentionner qu\u2019il a \u00e9t\u00e9 l\u2019un des rares de l\u2019Euro, pour l\u2019instant, \u00e0 g\u00eaner Luka Doncic sur pick and roll.<\/p>\n<p>LIRE AUSSI<\/p>\n<p><a href=\"https:\/\/www.bebasket.fr\/il-progresse-enormement-alexandre-sarr-essentiel-face-a-la-slovenie\" rel=\"nofollow noopener\" target=\"_blank\"> <img decoding=\"async\" src=\"https:\/\/www.europesays.com\/fr\/wp-content\/uploads\/2025\/09\/alexandre-sarr-a-regne-sous-les-paniers-contre-la-slovenie-1f085e28-f521-6f90-9222-57ddb6675c8f.jpg\" alt=\"\"\/> <\/a><\/p>\n<p>En progr\u00e8s fulgurants depuis le d\u00e9but de l\u2019\u00e9t\u00e9, le Toulousain ne pouvait pas \u00eatre fauch\u00e9 au pire moment\u2026 Un cr\u00e8ve-c\u0153ur.<\/p>\n<p><strong>Ses statistiques\u00a0:<\/strong> 9,5 points \u00e0 73%, 4,5 rebonds et 1 contre en 20 minutes<\/p>\n<p><a href=\"https:\/\/www.europesays.com\/fr\/wp-content\/uploads\/2025\/09\/54753607557_e67e06d31f_k-1.jpg\"><img decoding=\"async\" loading=\"lazy\" class=\" wp-image-226974\" src=\"https:\/\/www.europesays.com\/fr\/wp-content\/uploads\/2025\/09\/54753607557_e67e06d31f_k-1.jpg\" alt=\"\" width=\"900\" height=\"600\"  \/><\/a>Alex Sarr avait \u00e9t\u00e9 d\u00e9cisif dans le money-time face \u00e0 la Slov\u00e9nie (photo : Julie Dum\u00e9li\u00e9)<br \/>\n<strong>#99 Bilal Coulibaly<\/strong><\/p>\n<p>On a cru, pendant les deux premiers matchs, qu\u2019il avait pris la mesure de ce maillot, de la dimension d\u2019une comp\u00e9tition internationale. Avec 25 points et 11 rebonds pour d\u00e9marrer, cela partait tr\u00e8s bien\u2026 Il y avait m\u00eame eu cette <a target=\"_blank\" rel=\"noopener nofollow\" href=\"https:\/\/www.bebasket.fr\/cest-insane-bilal-coulibaly-impressionne-pour-son-premier-match-a-leurobasket\">s\u00e9quence dingue<\/a> du double contres contre la Belgique, signe de sa constance d\u00e9fensive. Et puis, la lumi\u00e8re s\u2019est \u00e9teinte.<\/p>\n<p>L\u2019ailier de Washington s\u2019est progressivement d\u00e9lit\u00e9, jusqu\u2019\u00e0 livrer une tr\u00e8s vilaine copie lors du funeste 1\/8e de finale face \u00e0 la G\u00e9orgie : 0 point \u00e0 0\/3 en 20 minutes, et quelques sacr\u00e9s trous d\u2019air en d\u00e9fense. D\u2019immenses qualit\u00e9s athl\u00e9tiques, qui peuvent faire du bien \u00e0 une \u00e9quipe, mais pour l\u2019instant des lacunes techniques encore trop r\u00e9dhibitoires en FIBA.<\/p>\n<p><strong>Ses statistiques :\u00a0<\/strong>6,3 points \u00e0 41% et 4,3 rebonds en 19 minutes<\/p>\n<p><a href=\"https:\/\/www.europesays.com\/fr\/wp-content\/uploads\/2025\/09\/54754516943_e6bb2708ed_k.jpg\"><img decoding=\"async\" loading=\"lazy\" class=\" wp-image-226975\" src=\"https:\/\/www.europesays.com\/fr\/wp-content\/uploads\/2025\/09\/54754516943_e6bb2708ed_k.jpg\" alt=\"\" width=\"900\" height=\"600\"  \/><\/a>Bilal Coulibaly, encore un d\u00e9collage retard\u00e9 avec les Bleus (photo : Julie Dum\u00e9li\u00e9)<br \/>\n<strong>Fr\u00e9d\u00e9ric Fauthoux<\/strong><\/p>\n<p>Marqu\u00e9 par l\u2019\u00e9limination pr\u00e9matur\u00e9e, Fr\u00e9d\u00e9ric Fauthoux \u00e9tait encore groggy quelques heures plus tard. Il a m\u00eame propos\u00e9 sa d\u00e9mission si la f\u00e9d\u00e9ration l\u2019avait estim\u00e9 n\u00e9cessaire. Cependant, il a tr\u00e8s vite \u00e9t\u00e9 confort\u00e9 \u00e0 son poste par le pr\u00e9sident Jean-Pierre Hunckler.<\/p>\n<p>Si son premier EuroBasket est ind\u00e9niablement un \u00e9chec, puisque l\u2019on n\u2019attendait pas forc\u00e9ment de m\u00e9daille mais certainement pas une sortie en 1\/8e de finale contre la G\u00e9orgie, l\u2019entra\u00eeneur de la JL Bourg dispose de vraies circonstances att\u00e9nuantes. Il a subi les \u00e9l\u00e9ments et a d\u00fb composer avec une vague de forfaits qui ne s\u2019est jamais enray\u00e9e. Wembanyama, Gobert, Fournier et Lessort out avant le d\u00e9but de la pr\u00e9pa ? Poirier s\u2019est ensuite ajout\u00e9 \u00e0 la liste, avant les deux blessures tardives, qui ont peut-\u00eatre fait le plus de mal : Strazel et Sarr.<\/p>\n<p><a href=\"https:\/\/www.europesays.com\/fr\/wp-content\/uploads\/2025\/09\/54765097353_e46a1c1032_k.jpg\"><img decoding=\"async\" loading=\"lazy\" class=\" wp-image-226979\" src=\"https:\/\/www.europesays.com\/fr\/wp-content\/uploads\/2025\/09\/54765097353_e46a1c1032_k.jpg\" alt=\"\" width=\"901\" height=\"601\"  \/><\/a>Les forfaits de derni\u00e8re minute, comme Strazel, ont fait tr\u00e8s mal \u00e0 Freddy Fauthoux (photo : Julie Dum\u00e9li\u00e9)<\/p>\n<p>Dans ce contexte, Fr\u00e9d\u00e9ric Fauthoux a commis la premi\u00e8re erreur majeure de son mandat : ne pas remplacer Vincent Poirier, suite au refus de Moussa Diabat\u00e9, et partir avec seulement quatre int\u00e9rieurs. Il s\u2019en est d\u00e9fendu, \u00e9voquant \u00ab\u00a0un choix pos\u00e9 et mesur\u00e9\u00a0\u00bb\u00a0mais la blessure d\u2019Alexandre Sarr est venue sanctionner ce risque, d\u00e9peuplant de mani\u00e8re affolante la raquette tricolore. Ce qui a ensuite un peu trop fait basculer le jeu derri\u00e8re la ligne major\u00e9e, co\u00fbtant la perte des Bleus dimanche (6\/36 \u00e0 3-points).<\/p>\n<p>Dans les minutes suivant la d\u00e9faite face \u00e0 la G\u00e9orgie, Fr\u00e9d\u00e9ric Fauthoux a laiss\u00e9 entrevoir quelques regrets. \u00ab\u00a0J\u2019aurais pu mettre dans le confort certains joueurs et faire des choix plus forts plus t\u00f4t.\u00a0\u00bb Peut-\u00eatre pensait-il \u00e0 Th\u00e9o Maledon, hors sujet toute la comp\u00e9tition et qu\u2019il n\u2019a cess\u00e9 de vouloir relancer, jusqu\u2019\u00e0 la fin du 1\/8e de finale. On pourra \u00e9galement regretter le manque d\u2019adaptation offensive contre les hommes d\u2019Aleksandar Dzikic.<\/p>\n<p>\u00c0 premi\u00e8re vue, une priorit\u00e9 semble \u00e9vidente : renforcer le staff (Laurent Vila \u2013 Bryan George \u2013 Joseph Gomis). Ils ont obtenu l\u2019adh\u00e9sion des joueurs, ce qui est un bon point, mais ils m\u00e9riteraient d\u2019\u00eatre aid\u00e9s par un peu de sang-neuf, soit pour apporter plus de v\u00e9cu, soit une autre vision, \u00e0 l\u2019image de Kenny Atkinson l\u2019an dernier.<\/p>\n<p><a href=\"https:\/\/www.europesays.com\/fr\/wp-content\/uploads\/2025\/09\/54754517384_4433773f2e_k.jpg\"><img decoding=\"async\" loading=\"lazy\" class=\" wp-image-226978\" src=\"https:\/\/www.europesays.com\/fr\/wp-content\/uploads\/2025\/09\/54754517384_4433773f2e_k.jpg\" alt=\"\" width=\"901\" height=\"601\"  \/><\/a>Le staff de Freddy Fauthoux m\u00e9riterait d\u2019\u00eatre \u00e9toff\u00e9 (photo : Julie Dum\u00e9li\u00e9)<\/p>\n<p>Si Fr\u00e9d\u00e9ric Fauthoux a clam\u00e9 que les joueurs auront \u00ab\u00a0\u00e9norm\u00e9ment grandi\u00a0\u00bb gr\u00e2ce \u00e0 cet Euro, ce sera \u00e9galement le cas pour lui et son staff.\u00a0\u00ab\u00a0On fera les choses diff\u00e9remment \u00e0 l\u2019avenir\u00a0\u00bb, a-t-il promis. Un peu sur la r\u00e9serve tout au long des dix jours, loin du caract\u00e8re volcanique qu\u2019on peut lui conna\u00eetre lors de ses d\u00e9faites en club, le Landais a grill\u00e9 un premier joker mais reste, pour l\u2019instant, l\u2019homme de la situation pour Los Angeles 2028. Un chemin olympique qui d\u00e9marre dans moins de trois mois, \u00e0 Rouen, face \u00e0 la Belgique pour les qualifications de la Coupe du Monde 2027, la comp\u00e9tition qui d\u00e9livrera ensuite les tickets pour l\u2019olympiade am\u00e9ricaine et les diff\u00e9rents TQO.<\/p>\n<p style=\"text-align:right\"><strong>\u00c0 Katowice et Riga,<\/strong><\/p>\n","protected":false},"excerpt":{"rendered":"Au Radisson Blu de Riga lundi apr\u00e8s-midi, on croisait encore Luka Doncic, attendu par des jeunes supporters pendant&hellip;\n","protected":false},"author":2,"featured_media":377632,"comment_status":"","ping_status":"","sticky":false,"template":"","format":"standard","meta":{"footnotes":""},"categories":[9],"tags":[1011,27,60],"class_list":{"0":"post-377631","1":"post","2":"type-post","3":"status-publish","4":"format-standard","5":"has-post-thumbnail","7":"category-sports","8":"tag-fr","9":"tag-france","10":"tag-sports"},"share_on_mastodon":{"url":"https:\/\/pubeurope.com\/@fr\/115174190203079890","error":""},"_links":{"self":[{"href":"https:\/\/www.europesays.com\/fr\/wp-json\/wp\/v2\/posts\/377631","targetHints":{"allow":["GET"]}}],"collection":[{"href":"https:\/\/www.europesays.com\/fr\/wp-json\/wp\/v2\/posts"}],"about":[{"href":"https:\/\/www.europesays.com\/fr\/wp-json\/wp\/v2\/types\/post"}],"author":[{"embeddable":true,"href":"https:\/\/www.europesays.com\/fr\/wp-json\/wp\/v2\/users\/2"}],"replies":[{"embeddable":true,"href":"https:\/\/www.europesays.com\/fr\/wp-json\/wp\/v2\/comments?post=377631"}],"version-history":[{"count":0,"href":"https:\/\/www.europesays.com\/fr\/wp-json\/wp\/v2\/posts\/377631\/revisions"}],"wp:featuredmedia":[{"embeddable":true,"href":"https:\/\/www.europesays.com\/fr\/wp-json\/wp\/v2\/media\/377632"}],"wp:attachment":[{"href":"https:\/\/www.europesays.com\/fr\/wp-json\/wp\/v2\/media?parent=377631"}],"wp:term":[{"taxonomy":"category","embeddable":true,"href":"https:\/\/www.europesays.com\/fr\/wp-json\/wp\/v2\/categories?post=377631"},{"taxonomy":"post_tag","embeddable":true,"href":"https:\/\/www.europesays.com\/fr\/wp-json\/wp\/v2\/tags?post=377631"}],"curies":[{"name":"wp","href":"https:\/\/api.w.org\/{rel}","templated":true}]}}