{"id":377638,"date":"2025-09-09T11:53:09","date_gmt":"2025-09-09T11:53:09","guid":{"rendered":"https:\/\/www.europesays.com\/fr\/377638\/"},"modified":"2025-09-09T11:53:09","modified_gmt":"2025-09-09T11:53:09","slug":"votre-compte-bancaire-sera-t-il-verifie-chaque-mois-par-la-dgfip-sil-depasse-5-000-euros","status":"publish","type":"post","link":"https:\/\/www.europesays.com\/fr\/377638\/","title":{"rendered":"Votre compte bancaire sera-t-il v\u00e9rifi\u00e9 chaque mois par la DGFIP s\u2019il d\u00e9passe 5.000 euros\u00a0?"},"content":{"rendered":"<p>Pr\u00e8s d\u2019un demi-million de vues, des milliers de likes et des centaines de commentaires. Le tout en seulement quatre jours. Une vid\u00e9o TikTok, publi\u00e9e le 5\u00a0septembre dernier par l\u2019internaute \u00ab\u00a0Olivia Jenkin(s) j\u00a0\u00bb, affirme que \u00ab\u00a0tout compte bancaire avec plus de 5.000 euros sera v\u00e9rifi\u00e9 chaque mois\u00a0\u00bb par la Direction g\u00e9n\u00e9rale des finances publiques (DGFIP), soit les imp\u00f4ts, \u00ab\u00a0et la <a href=\"https:\/\/www.20minutes.fr\/dossier\/banque_de_france\" class=\"c-link c-link--is-underlined\" rel=\"nofollow noopener\" target=\"_blank\">Banque de France<\/a>\u00a0\u00bb.<\/p>\n<p class=\"mb-xxl@xs color-ultramarine font-weight-semi-bold@xs font-source-serif-pro heading-s@xs\">L\u2019acc\u00e8s \u00e0 ce contenu a \u00e9t\u00e9 bloqu\u00e9 afin de respecter votre choix de consentement<\/p>\n<p class=\"mb-m@xs text-l@xs\">En cliquant sur\u00ab J\u2019accepte \u00bb, vous acceptez le d\u00e9p\u00f4t de cookies par des services externes et aurez ainsi acc\u00e8s aux contenus de nos partenaires.<\/p>\n<p class=\"mb-xl@xs text-s@xs\">Plus d\u2019informations sur la page<a href=\"https:\/\/www.20minutes.fr\/gestion-cookies\" class=\"mx-xxs@xs color-ultramarine\" rel=\"nofollow noopener\" target=\"_blank\">Politique de gestion des cookies<\/a><\/p>\n<p>J\u2019accepte<\/p>\n<p>Cette mesure, qui serait effective \u00ab\u00a0\u00e0 partir du 1er\u00a0octobre\u00a0\u00bb, serait officielle \u00ab\u00a0selon <a href=\"https:\/\/www.20minutes.fr\/dossier\/bfm_tv\" class=\"c-link c-link--is-underlined\" rel=\"nofollow noopener\" target=\"_blank\">BFMTV<\/a> et <a href=\"https:\/\/www.20minutes.fr\/dossier\/le_parisien\" class=\"c-link c-link--is-underlined\" rel=\"nofollow noopener\" target=\"_blank\">Le Parisien<\/a>\u00a0\u00bb, peut-on entendre dans la vid\u00e9o, sans pour autant pr\u00e9ciser \u00e0 quel article cela fait allusion. Cette d\u00e9cision permettrait, selon l\u2019internaute, au minist\u00e8re de l\u2019Economie, de \u00ab\u00a0lutter contre la fraude fiscale et les revenus non d\u00e9clar\u00e9s\u00a0\u00bb et de \u00ab\u00a0v\u00e9rifier que les b\u00e9n\u00e9ficiaires d\u2019aides\u00a0\u00bb n\u2019aient pas de \u00ab\u00a0ressources cach\u00e9es\u00a0\u00bb. Si un virement \u00ab\u00a0jug\u00e9 incoh\u00e9rent\u00a0\u00bb ne peut pas \u00eatre justifi\u00e9, l\u2019amende peut monter \u00ab\u00a0jusqu\u2019\u00e0 7.500 euros\u00a0\u00bb, \u00ab\u00a0un redressement fiscal et la suspension temporaire de certaines aides sociales\u00a0\u00bb.<\/p>\n<p>En commentaires, les avis des internautes divergent. Certains y croient, et lancent, fautes d\u2019orthographe en suppl\u00e9ment, de \u00ab\u00a0commencer par les politiciens\u00a0\u00bb. D\u2019autres soutiennent que cette information est fausse. Alors, info ou intox\u00a0?<\/p>\n<p>FAKE OFF<\/p>\n<p>Bien \u00e9videmment, c\u2019est faux. On aurait pu s\u2019en douter vu les nombreuses fautes d\u2019orthographe que l\u2019on peut lire dans les sous-titres. Les diff\u00e9rentes informations partag\u00e9es par l\u2019internaute sur son compte TikTok, des fake news pour la plupart &#8211; on peut, entre autres, lire que \u00ab\u00a0Conduire sans permis sera d\u00e9sormais l\u00e9gal en France\u00a0\u00bb ou que l\u2019on risque <a href=\"https:\/\/www.20minutes.fr\/societe\/4170139-20250830-risquez-desormais-amende-prison-si-pretez-vehicule-proche-faux\" class=\"c-link c-link--is-underlined\" rel=\"nofollow noopener\" target=\"_blank\">\u00ab\u00a0une amende de 750 euros juste pour avoir pr\u00eat\u00e9 son v\u00e9hicule\u00a0\u00bb \u00e0 un proche<\/a> &#8211; mettent \u00e9galement la puce \u00e0 l\u2019oreille.<\/p>\n<p>Le point principal, c\u2019est surtout qu\u2019il n\u2019existe \u00ab\u00a0aucune annonce officielle sur le sujet\u00a0\u00bb, nous pr\u00e9cise Bercy, auquel est rattach\u00e9e la Direction g\u00e9n\u00e9rale des finances publiques. Ni l\u00e9gislation, ni d\u00e9cret ne se trouvent d\u2019ailleurs sur <a href=\"https:\/\/www.legifrance.gouv.fr\/contenu\/menu\/autour-de-la-loi\/entreprises\/tableaux-et-chronologies-des-dates-communes-d-entree-en-vigueur\" target=\"_blank\" class=\"c-link c-link--is-underlined\" rel=\"nofollow noopener\">le site du gouvernement L\u00e9gifrance.fr<\/a>.<\/p>\n<\/p>\n<p>La Direction g\u00e9n\u00e9rale des finances publiques, \u00e9galement contact\u00e9e, mentionne elle aussi le caract\u00e8re infond\u00e9 de cette information, tout en ajoutant que \u00ab\u00a0l\u2019administration fiscale ne surveille pas les comptes bancaires des usagers\u00a0\u00bb. Le fichier national des comptes bancaires et assimil\u00e9s (Ficoba) &#8211; qui liste tous les comptes bancaires ouverts en France &#8211; utilis\u00e9e par l\u2019administration dans le cadre de ses missions, \u00ab\u00a0ne contient ni les soldes des comptes ni les mouvements bancaires\u00a0\u00bb, assure la DGFIP. Les donn\u00e9es contenues dans ce fichier sont \u00ab\u00a0l\u2019identit\u00e9 des titulaires\u00a0\u00bb, \u00ab\u00a0l\u2019\u00e9tablissement gestionnaire\u00a0\u00bb, ainsi que \u00ab\u00a0le type de compte et dates d\u2019ouverture, de cl\u00f4ture ou de modification\u00a0\u00bb.<\/p>\n<p>Par ailleurs, il n\u2019existe aucun article sur le sujet sur les sites internet des trois m\u00e9dias cit\u00e9s dans la vid\u00e9o TikTok, \u00e0 savoir BFM TV, Le Parisien et France Info.<\/p>\n","protected":false},"excerpt":{"rendered":"Pr\u00e8s d\u2019un demi-million de vues, des milliers de likes et des centaines de commentaires. Le tout en seulement&hellip;\n","protected":false},"author":2,"featured_media":377639,"comment_status":"","ping_status":"","sticky":false,"template":"","format":"standard","meta":{"footnotes":""},"categories":[5],"tags":[47,11,14846,33,840,1011,27,14,12,2439,28],"class_list":{"0":"post-377638","1":"post","2":"type-post","3":"status-publish","4":"format-standard","5":"has-post-thumbnail","7":"category-international","8":"tag-actualite","9":"tag-actualites","10":"tag-bercy","11":"tag-economie","12":"tag-fake-off","13":"tag-fr","14":"tag-france","15":"tag-international","16":"tag-news","17":"tag-tiktok","18":"tag-world"},"share_on_mastodon":{"url":"https:\/\/pubeurope.com\/@fr\/115174205475769518","error":""},"_links":{"self":[{"href":"https:\/\/www.europesays.com\/fr\/wp-json\/wp\/v2\/posts\/377638","targetHints":{"allow":["GET"]}}],"collection":[{"href":"https:\/\/www.europesays.com\/fr\/wp-json\/wp\/v2\/posts"}],"about":[{"href":"https:\/\/www.europesays.com\/fr\/wp-json\/wp\/v2\/types\/post"}],"author":[{"embeddable":true,"href":"https:\/\/www.europesays.com\/fr\/wp-json\/wp\/v2\/users\/2"}],"replies":[{"embeddable":true,"href":"https:\/\/www.europesays.com\/fr\/wp-json\/wp\/v2\/comments?post=377638"}],"version-history":[{"count":0,"href":"https:\/\/www.europesays.com\/fr\/wp-json\/wp\/v2\/posts\/377638\/revisions"}],"wp:featuredmedia":[{"embeddable":true,"href":"https:\/\/www.europesays.com\/fr\/wp-json\/wp\/v2\/media\/377639"}],"wp:attachment":[{"href":"https:\/\/www.europesays.com\/fr\/wp-json\/wp\/v2\/media?parent=377638"}],"wp:term":[{"taxonomy":"category","embeddable":true,"href":"https:\/\/www.europesays.com\/fr\/wp-json\/wp\/v2\/categories?post=377638"},{"taxonomy":"post_tag","embeddable":true,"href":"https:\/\/www.europesays.com\/fr\/wp-json\/wp\/v2\/tags?post=377638"}],"curies":[{"name":"wp","href":"https:\/\/api.w.org\/{rel}","templated":true}]}}