{"id":377642,"date":"2025-09-09T11:55:13","date_gmt":"2025-09-09T11:55:13","guid":{"rendered":"https:\/\/www.europesays.com\/fr\/377642\/"},"modified":"2025-09-09T11:55:13","modified_gmt":"2025-09-09T11:55:13","slug":"connu-grace-a-tournez-manege-charly-oleg-est-mort-a-lage-de-94-ans","status":"publish","type":"post","link":"https:\/\/www.europesays.com\/fr\/377642\/","title":{"rendered":"Connu gr\u00e2ce \u00e0 \u00ab\u00a0Tournez man\u00e8ge\u00a0!\u00a0\u00bb, Charly Oleg est mort \u00e0 l\u2019\u00e2ge de 94\u00a0ans"},"content":{"rendered":"<p class=\"paragraph text_align_left lp-f-body-02\">\u00ab Ouais ! Formidable ! \u00bb Charly Oleg n\u2019est plus. \u00c0 94 ans, le pianiste de <a href=\"https:\/\/www.leparisien.fr\/culture-loisirs\/tv\/mort-de-chuck-barris-le-createur-americain-de-tournez-manege-22-03-2017-6785010.php\" target=\"_self\" rel=\"nofollow noopener\">\u00ab Tournez Man\u00e8ge ! \u00bb<\/a> a eu jusqu\u2019au bout une vie formidable, le mot que \u00ab le pianiste aux 5 000 intros \u00bb l\u00e2chait pour f\u00e9liciter les candidats qui se chauffaient \u00e0 son blind test, la premi\u00e8re s\u00e9quence du jeu mythique de TF 1.<\/p>\n<p class=\"paragraph text_align_left lp-f-body-02\">Mythique, parce qu\u2019\u00e0 l\u2019annonce de sa disparition, chez lui au <a href=\"https:\/\/www.leparisien.fr\/seine-saint-denis-93\/le-blanc-mesnil-93150\/\" target=\"_self\" rel=\"nofollow noopener\">Blanc-Mesnil<\/a> (Seine-Saint-Denis), ceux qui avaient 10, 15 ou 30 ans dans les ann\u00e9es 1980-1990 s\u2019arr\u00eatent d\u2019un coup, plus nostalgiques que tristes, comme \u00e9merveill\u00e9s au souvenir de cette petite musique du bonheur devant la t\u00e9l\u00e9 de midi du lundi au vendredi. Charly Oleg s\u2019est \u00e9teint lundi dans cette commune du 93 o\u00f9 il habitait, nous confirme le maire de la ville.<\/p>\n<p>Toujours tir\u00e9 \u00e0 quatre \u00e9pingles<\/p>\n<p class=\"paragraph text_align_left lp-f-body-02\">Il y a des hommes, des sourires, des \u00e9missions, des refrains qu\u2019on n\u2019oublie jamais. Des divertissements sans pr\u00e9tention, sans fa\u00e7on, d\u2019une fra\u00eecheur inalt\u00e9rable, qui se font une place, une petite place \u00e0 midi sur TF 1 de 1985 \u00e0 1993, juste avant \u00ab Le Juste Prix \u00bb \u2014 dont l\u2019arriv\u00e9e en 1988 le r\u00e9duit \u00e0 trente minutes pile \u2014 et une grande place dans l\u2019histoire de la t\u00e9l\u00e9vision. Rarement un jeu a autant aim\u00e9 les gens, leurs mani\u00e8res de parler \u00e0 nu, \u00e0 cru, pour rigoler, tels qu\u2019on est dans la vraie vie. Devant la France d\u2019une \u00e9poque \u00e0 quatre cha\u00eenes.<\/p>\n<p class=\"paragraph text_align_left lp-f-body-02\">Il y avait trois femmes et un homme, quatuor enchant\u00e9 du man\u00e8ge : \u00c9velyne Leclercq, Fabienne Egal, <a href=\"https:\/\/www.leparisien.fr\/culture-loisirs\/tv\/a-92-ans-simone-garnier-ouvre-son-album-a-souvenirs-le-general-de-gaulle-aimait-beaucoup-intervilles-28-11-2024-WVPRZLCAHNA4ZJZS3IP4DCBYPY.php\" target=\"_blank\" rel=\"noreferrer nofollow noopener\">Simone Garnier<\/a>, et le pianiste Charly Oleg, toujours tir\u00e9 \u00e0 quatre \u00e9pingles avec des vestes de couleurs sans cesse diff\u00e9rentes. Sa fine moustache, son enchantement, lui qui voulait faire gagner les candidats et participer le public \u00e0 coups de moulinets de bras, entre deux ou trois notes d\u2019un classique sur son orgue Hammond. \u00ab Formidable ! Formidable ! \u00bb Et admirable, cette vie.<\/p>\n<p class=\"paragraph text_align_left lp-f-body-02\">Il na\u00eet Charles Olejnieczak, en Moselle. Son p\u00e8re, \u00e9migr\u00e9 polonais, a \u00e9pous\u00e9 une fille du cru. Un ouvrier dans les aci\u00e9ries, devenu ramoneur, mais qui jouait d\u00e9j\u00e0 du piano. Le fiston aussi a des doigts d\u2019or, et l\u2019oreille absolue. Pas de sid\u00e9rurgie ou de ramonage sur les toits, une grande carri\u00e8re l\u2019attend.<\/p>\n<p>Il accompagne Jos\u00e9phine Baker, Aznavour et m\u00eame Sinatra<\/p>\n<p class=\"paragraph text_align_left lp-f-body-02\">Amoureux de Chopin \u2014 Polonais lui aussi \u2014, Charly Oleg d\u00e9croche, \u00e0 16 ans, un premier prix d\u2019excellence au Conservatoire de Metz, et pourrait devenir un soliste classique, mais les finances ne suivent pas les doigts sur le clavier. Il faut travailler et vite. L\u2019adolescent a d\u00e9j\u00e0 fait ses classes dans un cabaret parmi les filles de joie, pianiste de claques, de bars et de bals populaires, Gavroche de Moselle. Et plus tard \u00e0 la fanfare de l\u2019arm\u00e9e, o\u00f9 il tient la grosse caisse mais se fait surtout des contacts parmi des musiciens de haut niveau qui le recommandent.<\/p>\n<p class=\"paragraph text_align_left lp-f-body-02\">Mais o\u00f9 est Charly ? Au piano du Macumba, la bo\u00eete \u00e0 la mode. \u00c0 nous deux Paris. Il accompagne <a href=\"https:\/\/www.leparisien.fr\/culture-loisirs\/artiste-espionne-resistante-militante-les-mille-vies-de-josephine-baker-22-08-2021-YT6YFEWG4NFGZNTBU2V6XOGZUQ.php\" target=\"_self\" rel=\"nofollow noopener\">Jos\u00e9phine Baker<\/a>, <a href=\"https:\/\/www.leparisien.fr\/culture-loisirs\/musique\/1300-titres-80-films-8-langues-la-carriere-de-charles-aznavour-en-chiffres-01-10-2018-7908204.php\" target=\"_self\" rel=\"nofollow noopener\">Charles Aznavour<\/a>, Mireille Mathieu,<a href=\"https:\/\/www.leparisien.fr\/culture-loisirs\/musique\/enrico-macias-et-joann-sfar-collaborent-sur-une-anthologie-du-chanteur-nous-sommes-comme-des-freres-21-02-2024-XFCJ6MDHM5GANNAWPT4QASPRIY.php\" target=\"_blank\" rel=\"noreferrer nofollow noopener\"> Enrico Macias<\/a>, et m\u00eame Frank Sinatra. La t\u00e9l\u00e9 l\u2019appelle : en 1965, il conna\u00eet son premier triomphe dans \u00ab Le jeu de la chance \u00bb de T\u00e9l\u00e9-Dimanche.<\/p>\n<p class=\"paragraph text_align_left lp-f-body-02\">Il ne quittera plus le petit \u00e9cran. Une famille, une vraie : une candidate de cette s\u00e9quence musicale, Zina, devient sa femme. \u00ab Elle chantait bien, j\u2019\u00e9tais ravi de l\u2019accompagner \u00bb, confiera-t-il au soir de sa vie, toujours aussi amus\u00e9, l\u00e9ger, heureux, lui qui, \u00e0 80 ans, se produisait au th\u00e9\u00e2tre et jouait avec sa fille Clara, chanteuse de jazz. Musique c\u00f4t\u00e9 cour et c\u00f4t\u00e9 jardin.<\/p>\n<p>Il sort un album, \u00ab Variations personnelles \u00bb, en 2007<\/p>\n<p class=\"paragraph text_align_left lp-f-body-02\">Le refrain des adieux s\u2019adoucit aupr\u00e8s d\u2019un homme pareil. Qui se fait plaisir en signant enfin, en 2007, un pur album de m\u00e9lodies au piano, \u00ab Variations personnelles. \u00bb Un classique pour la fin. Il aimait tout. L\u2019op\u00e9rette, qu\u2019il a beaucoup pratiqu\u00e9e, le jazz, lui qui swinguait si juste, la chanson.<\/p>\n<p class=\"paragraph text_align_left lp-f-body-02\">Et ces questions cons et tellement tendres et marrantes de \u00ab Tournez Man\u00e8ge ! \u00bb des candidats, qui le faisaient sourire lui aussi : \u00ab Tu as le cafard, tu te tournes vers qui ? Ta m\u00e8re, ta psy, ton chien ? \u00bb \u00ab Est-ce que la vie est belle pour toi ? \u00bb C\u2019\u00e9tait comique toujours, po\u00e9tique parfois. Les candidats y gagnaient un mari, une femme ou quelques sous. Le fils du ramoneur ne se serait moqu\u00e9 de personne. On ne se moque pas du monde, de l\u2019existence, de ses petits bonheurs.<\/p>\n<p class=\"paragraph text_align_left lp-f-body-02\">Retrait\u00e9 tr\u00e8s actif depuis une trentaine d\u2019ann\u00e9es dans sa maison du Blanc-Mesnil, l\u2019accompagnateur de nos enfances ou jeunesses a tr\u00e8s longtemps fait ses gammes et ses fugues en mineur. Pas si mineur. Les groupies du pianiste sont innombrables aujourd\u2019hui. Mais o\u00f9 est Charly ? Dans nos c\u0153urs. Tournez man\u00e8ge.<\/p>\n","protected":false},"excerpt":{"rendered":"\u00ab Ouais ! Formidable ! \u00bb Charly Oleg n\u2019est plus. \u00c0 94 ans, le pianiste de \u00ab Tournez&hellip;\n","protected":false},"author":2,"featured_media":377643,"comment_status":"","ping_status":"","sticky":false,"template":"","format":"standard","meta":{"footnotes":""},"categories":[2],"tags":[11,872,1011,27,12,2205],"class_list":{"0":"post-377642","1":"post","2":"type-post","3":"status-publish","4":"format-standard","5":"has-post-thumbnail","7":"category-actualites","8":"tag-actualites","9":"tag-culture-et-loisirs","10":"tag-fr","11":"tag-france","12":"tag-news","13":"tag-television-medias"},"share_on_mastodon":{"url":"https:\/\/pubeurope.com\/@fr\/115174213239409716","error":""},"_links":{"self":[{"href":"https:\/\/www.europesays.com\/fr\/wp-json\/wp\/v2\/posts\/377642","targetHints":{"allow":["GET"]}}],"collection":[{"href":"https:\/\/www.europesays.com\/fr\/wp-json\/wp\/v2\/posts"}],"about":[{"href":"https:\/\/www.europesays.com\/fr\/wp-json\/wp\/v2\/types\/post"}],"author":[{"embeddable":true,"href":"https:\/\/www.europesays.com\/fr\/wp-json\/wp\/v2\/users\/2"}],"replies":[{"embeddable":true,"href":"https:\/\/www.europesays.com\/fr\/wp-json\/wp\/v2\/comments?post=377642"}],"version-history":[{"count":0,"href":"https:\/\/www.europesays.com\/fr\/wp-json\/wp\/v2\/posts\/377642\/revisions"}],"wp:featuredmedia":[{"embeddable":true,"href":"https:\/\/www.europesays.com\/fr\/wp-json\/wp\/v2\/media\/377643"}],"wp:attachment":[{"href":"https:\/\/www.europesays.com\/fr\/wp-json\/wp\/v2\/media?parent=377642"}],"wp:term":[{"taxonomy":"category","embeddable":true,"href":"https:\/\/www.europesays.com\/fr\/wp-json\/wp\/v2\/categories?post=377642"},{"taxonomy":"post_tag","embeddable":true,"href":"https:\/\/www.europesays.com\/fr\/wp-json\/wp\/v2\/tags?post=377642"}],"curies":[{"name":"wp","href":"https:\/\/api.w.org\/{rel}","templated":true}]}}