{"id":377646,"date":"2025-09-09T11:57:19","date_gmt":"2025-09-09T11:57:19","guid":{"rendered":"https:\/\/www.europesays.com\/fr\/377646\/"},"modified":"2025-09-09T11:57:19","modified_gmt":"2025-09-09T11:57:19","slug":"la-metropole-doit-elle-se-choisir-en-2026-un-autre-president-que-le-maire-de-saint-etienne","status":"publish","type":"post","link":"https:\/\/www.europesays.com\/fr\/377646\/","title":{"rendered":"La M\u00e9tropole\u00a0doit-elle se choisir en 2026 un autre pr\u00e9sident que le maire de Saint-Etienne\u00a0?"},"content":{"rendered":"<p class=\"is-style-chapo\">Les rapports politiques intercommunaux devenus \u2013 au grand jour \u2013 conflictuels comme jamais depuis les publications de Mediapart, leur pacification doit-elle passer par un prochain pr\u00e9sident de M\u00e9tropole autre que le maire de Saint-Etienne ou un de ses adjoints ? Certains \u00e9lus actuels le r\u00e9clament, mettant aussi dans la balance une \u2013 estim\u00e9e \u2013 trop grande concentration des investissements dans la ville centre. Les conseillers st\u00e9phanois interrog\u00e9s, opposants \u00e0 Ga\u00ebl Perdriau, ne sont pas forc\u00e9ment du m\u00eame avis\u2026 Reste que si l\u2019id\u00e9e, adopt\u00e9e avec plus ou moins de succ\u00e8s ailleurs, devait \u00eatre appliqu\u00e9e, cela ne le serait qu\u2019\u00e0 l\u2019issue d\u2019intenses tractations de coulisses. A la suite de ces Municipales 2026 qui d\u00e9termineront tout\u2026<\/p>\n<p>En agissant de la sorte, \u00ab\u00a0vous donnez logiquement l\u2019impression, \u00e0 tort ou \u00e0 raison, que la grande ville a la mainmise sur l\u2019agglom\u00e9ration et que les communes membres ne sont pas de partenaires mais en dessous. Ce qui vous isole en tant que maire de la ville centre\u00a0\u00bb. Ex-maire de Saint-Etienne, premier pr\u00e9sident de la jeune histoire de Saint-Etienne M\u00e9tropole, Michel Thiolli\u00e8re commentait ainsi \u00e0 If d\u00e9but octobre 2023 dans un <a href=\"https:\/\/www.if-saint-etienne.fr\/politique-societe\/michel-thiolliere-je-vais-donner-une-suite-judiciaire-a-tout-cela\" target=\"_blank\" rel=\"noreferrer noopener\">article<\/a> li\u00e9 au projet inabouti de chantage pr\u00e9sum\u00e9 dont il a \u00e9t\u00e9 l\u2019objet pr\u00e9sum\u00e9 aussi, la mutualisation des cabinets et au-del\u00e0 de la communication entre Ville de Saint-Etienne et M\u00e9tropole.<\/p>\n<p>Exp\u00e9rience men\u00e9e depuis plus de 7 ans, au cheminement progressif approuv\u00e9 majoritairement par les \u00e9lus non st\u00e9phanois \u00e0 son adoption. Mais qui, au regard des propos tenus par des \u00e9lus de tous bords, interminables d\u00e9bats, pol\u00e9miques, engueulades, pertes de confiance et autres r\u00e9v\u00e9lations sp\u00e9cifiquement li\u00e9es \u00e0 cet <a href=\"https:\/\/www.if-saint-etienne.fr\/politique-societe\/saint-etienne-metropole-com-un-air-de-deja-vu\" target=\"_blank\" rel=\"noreferrer noopener\">\u00e9tat de fait<\/a>, sinon corr\u00e9l\u00e9es avec l\u2019affaire de <a href=\"https:\/\/www.if-saint-etienne.fr\/tag\/chantage-a-la-video-intime\" target=\"_blank\" rel=\"noreferrer noopener\">chantage<\/a>, ne devrait \u2013 logiquement \u2013 pas survivre aux \u00e9lections municipales 2026. Rappelons que si les habitants d\u2019une M\u00e9tropole du calibre de Lyon \u00e9lisent d\u00e9sormais directement leurs \u00e9lus communautaires, \u00e0 part des Municipales, cela reste une exception. En 2026, de l\u2019\u00e9lection des listes municipales au sein des 53 communes de Saint-Etienne M\u00e9tropole d\u00e9couleront les 123 conseillers communautaires. Les noms des candidats municipaux, \u00e9galement potentiels \u00e9lus communautaires, sont indiqu\u00e9s au moment du vote municipal des citoyens de chaque ville, chaque village.<\/p>\n<p>34 % des conseillers sont St\u00e9phanois<\/p>\n<p><img loading=\"lazy\" decoding=\"async\" width=\"1024\" height=\"576\" src=\"https:\/\/www.europesays.com\/fr\/wp-content\/uploads\/2025\/09\/Design-IF-268-1024x576.png\" alt=\"\" class=\"wp-image-40677\"  \/>L\u2019assembl\u00e9e m\u00e9tropolitaine (ici accueillie \u00e0 G.-Guichard le 39 septembre 2022) compte 123 conseillers dont 42 st\u00e9phanois et 8 saint-chamonais. <\/p>\n<p>Dans l\u2019agglom\u00e9ration, celles-ci envoient ainsi d\u20191 (pour les 33 plus petites en population) \u00e0 42 <a href=\"https:\/\/www.saint-etienne-metropole.fr\/institution\/decouvrir-saint-etienne-metropole\/son-organisation-elus\" target=\"_blank\" rel=\"noreferrer noopener\">repr\u00e9sentants<\/a> en fonction de leur niveau de population. Ce qui n\u2019est pas r\u00e9vis\u00e9 \u00e0 chaque mise \u00e0 jour annuelle de l\u2019Insee mais d\u00e9termin\u00e9e par un arr\u00eat\u00e9 pr\u00e9fectoral pour 6 ans, en amont des \u00e9lections municipales (cette ann\u00e9e, d\u2019ici le 31 octobre 2025), appliquant donc les r\u00e9partitions des si\u00e8ges d\u00e9termin\u00e9es par le <a href=\"https:\/\/www.google.com\/url?sa=t&amp;source=web&amp;rct=j&amp;opi=89978449&amp;url=https:\/\/www.legifrance.gouv.fr\/codes\/article_lc\/LEGIARTI000034116583&amp;ved=2ahUKEwjzst3JvsuPAxU5KvsDHZD9I8gQFnoECAoQAQ&amp;usg=AOvVaw380FzpSQyJYczEMSHu4GFo\" target=\"_blank\" rel=\"noreferrer noopener\">Code<\/a> G\u00e9n\u00e9ral des Collectivit\u00e9s Territoriales suivant \u00ab\u00a0une proportionnelle \u00e0 la plus forte moyenne sur la base de leur population municipale authentifi\u00e9e par le plus r\u00e9cent d\u00e9cret publi\u00e9\u00a0\u00bb. Cependant, un \u00ab\u00a0accord local\u00a0\u00bb \u00e0 la fin des mandats en cours peut modifier la r\u00e8gle en ajoutant jusqu\u2019\u00e0 10 % du nombre total de si\u00e8ges issus de leur application. A Saint-Etienne M\u00e9tropole, cet accord a permis en 2020 d\u2019ajouter 11 conseillers de plus aux 112 de base.<\/p>\n<p>Sorbiers, Villars, La Talaudi\u00e8re, Saint-Jean-Bonnefonds, Saint-Priest-en-Jarez, Saint-Genest-Lerpt, Saint-Galmier, La Grand-Croix, Lorette, L\u2019Horme, Saint-Paul-en-Jarez ont ainsi un conseiller de plus que ces communes n\u2019en auraient sans cet accord. C\u2019est-\u00e0-dire 2. Saint-Etienne reste \u00e0 42 (dont 9 \u00e9taient \u00ab\u00a0originellement\u00a0\u00bb d\u00e9j\u00e0 opposants \u00e0 Ga\u00ebl Perdriau), soit 34 % des conseillers malgr\u00e9 une concentration de 43 % de la population. Il y en a 8 pour Saint-Chamond, 4 pour Firminy, 3 pour Rive-de-Gier et Le Chambon-Feugerolles et 2 (sans la n\u00e9cessit\u00e9 d\u2019accord) pour La Ricamarie, Roche-La-Moli\u00e8re et Andr\u00e9zieux-Bouth\u00e9on. Fin mars, le conseil m\u00e9tropolitain a <a href=\"https:\/\/www.saint-etienne-metropole.fr\/actualites\/vie-de-la-metropole\/institution\/prochain-conseil-metropolitain\" target=\"_blank\" rel=\"noreferrer noopener\">reconduit<\/a> cet accord que les conseils municipaux avaient \u00e0 valider d\u2019ici fin octobre en vue des Municipales. La Ville de Saint-Etienne l\u2019a par exemple fait le <a href=\"https:\/\/www.saint-etienne.fr\/seances-du-conseil-municipal\" target=\"_blank\" rel=\"noreferrer noopener\">2 juin<\/a>. L\u2019occasion pour le conseil municipal \u2013 et communautaire \u2013 d\u2019opposition EELV Olivier Longeon d\u2019appeler le l\u00e9gislateur \u00e0 g\u00e9n\u00e9raliser l\u2019exception lyonnaise qu\u2019il consid\u00e8re plus d\u00e9mocratique.<\/p>\n<p>Des conflits st\u00e9phanois export\u00e9s \u00e0 M\u00e9tropole<\/p>\n<p><img loading=\"lazy\" decoding=\"async\" width=\"1024\" height=\"576\" src=\"https:\/\/www.europesays.com\/fr\/wp-content\/uploads\/2025\/09\/Design-IF-382-1024x576.png\" alt=\"\" class=\"wp-image-45394\"  \/>Des \u00e9lus de Saint-Etienne M\u00e9tropole \u00e0 l\u2019occasion d\u2019un rare vote par bulletin secret (le v\u0153u r\u00e9clamant la d\u00e9mission de G. Perdriau) fin 2022 au Mus\u00e9e d\u2019Art Moderne. \u00a0\u00a9If Media \/ Xavier Alix<\/p>\n<p>Mais aussi d\u2019arguer que trop de d\u00e9cisions capitales m\u00e9tropolitaines lors du mandat qui s\u2019ach\u00e8ve n\u2019ont pas donn\u00e9 lieu \u00e0 un v\u00e9ritable d\u00e9bat, puisque soumis \u00e0 un vote, comme une d\u00e9lib\u00e9ration lambda, \u00ab\u00a0donn\u00e9e comme simple information\u00a0\u00bb, en faits accomplis par les d\u00e9cisions hors conseil du bureau de m\u00e9tropole et ses 71 repr\u00e9sentants (dont chacun des 53 maires). Le maire Ga\u00ebl Pedriau conteste l\u2019analyse d\u2019Olivier Longeon. Il estime justement non seulement que le \u00ab\u00a0mod\u00e8le lyonnais\u00a0\u00bb \u00e9crase la repr\u00e9sentation de petites communes. Mais aussi que le syst\u00e8me instaur\u00e9 sous le pr\u00e9c\u00e9dent mandat m\u00e9tropolitain a permis d\u2019am\u00e9liorer leur repr\u00e9sentation \u00e0 Saint-Etienne M\u00e9tropole. Au bureau, chaque maire a une voix, peu importe la population. Le poids de Saint-Etienne est alors beaucoup plus relatif qu\u2019au conseil, en conclut G. Perdriau. Echange d\u2019analyses fermement en d\u00e9saccord enclench\u00e9s dans le calme pour finir plus conformes avec l\u2019ambiance habituelle des s\u00e9ances depuis 3 ans\u2026<\/p>\n<p>3 ans aussi que les d\u00e9bats publics de Saint-Etienne M\u00e9tropole ont tendance \u00e0 les imiter, perdant de leurs certes, relatifs mais plus traditionnel caract\u00e8re consensuel. Depuis les r\u00e9v\u00e9lations et cons\u00e9quences en cascade de M\u00e9diapart. Non pas que les \u00e9changes muscl\u00e9s et interpellations choques ne les aient jamais \u00e9maill\u00e9es sous Michel Thiolli\u00e8re, Maurice Vincent et davantage encore, durant les huit ann\u00e9es o\u00f9 Ga\u00ebl Perdriau \u00e9tait pleinement pr\u00e9sident. S\u2019il faut se souvenir d\u2019une de nombreuses prises de parole intercommunales de G\u00e9rard Tardy, in\u00e9narrable maire de Lorette \u00ab\u00a0anti\u00a0\u00bb m\u00e9tropolitain, celle de <a href=\"https:\/\/www.if-saint-etienne.fr\/politique-societe\/gael-perdriau-reelu-a-la-tete-de-saint-etienne-metropole\" target=\"_blank\" rel=\"noreferrer noopener\">juillet 2020<\/a> au moment de l\u2019\u00e9lection du pr\u00e9sident de m\u00e9tropole en est une forte illustration. Candidat \u00e0 la Coubertin, pour le sport, face au seul concurrent qu\u2019\u00e9tait Ga\u00ebl Perdriau, G. Tardy n\u2019avait pas \u00e9t\u00e9 tendre avec ce dernier et son\u2026 \u00ab\u00a0entourage\u00a0\u00bb. Allant bien plus loin dans l\u2019atmosph\u00e8re qu\u2019un d\u00e9bat de base, m\u00eame tr\u00e8s anim\u00e9, sur le bon usage de l\u2019argent public ou, sur \u00ab\u00a0l\u2019injustice\u00a0\u00bb faite\u00a0\u00e0 Lorette quant \u00e0 son appartenance \u00e0 M\u00e9tropole. \u00a0\u00a0<\/p>\n<p>La ma\u00eetrise d\u2019un ex\u00e9cutif m\u00e9tropolitain n\u2019est pas celle d\u2019une Ville<\/p>\n<p>Il faut cependant souligner qu\u2019un conseil m\u00e9tropolitain n\u2019est pas un conseil municipal. Et un pr\u00e9sident a beau \u00eatre maire de la plus grande ville membre, dans le cas st\u00e9phanois en tout cas, il n\u2019en est pas autant ma\u00eetre de son ex\u00e9cutif qu\u2019au sein de sa mairie. M\u00eame en l\u2019accentuant, par mutualisation avec \u00ab\u00a0sa\u00a0\u00bb ville de certains services et donc des hauts cadres non \u00e9lus\u2026 Bien s\u00fbr, ses opposants de gauche st\u00e9phanois municipaux par ailleurs conseillers communautaires sont de facto exclus de la gouvernance m\u00e9tropolitaine. Reste qu\u2019\u00e0 partir de 2020, Ga\u00ebl Perdriau, alors encore LR, a eu parmi ses vice-pr\u00e9sidents de l\u2019ex\u00e9cutif menant une politique qu\u2019il pr\u00e9side deux maires communistes\u00a0: ceux de Rive-de-Gier Vincent Bony et d\u2019Unieux Christophe Faverjon. Certes, la population nettement sup\u00e9rieure en nombre de Saint-Etienne lui avait permis alors d\u2019obtenir six vice-pr\u00e9sidences (dont trois, en 2026, sont toujours de son \u00ab\u00a0camp\u00a0\u00bb) issues de sa majorit\u00e9 municipale sur 19 existantes (soit 31,5 %).<\/p>\n<p><img loading=\"lazy\" decoding=\"async\" width=\"1024\" height=\"768\" src=\"https:\/\/www.europesays.com\/fr\/wp-content\/uploads\/2025\/09\/20221208_143457-1024x768.jpg\" alt=\"\" class=\"wp-image-45414\"  \/>8 d\u00e9cembre : derni\u00e8re apparition de Ga\u00ebl Perdriau aux c\u00f4t\u00e9s de l\u2019ex\u00e9cutif m\u00e9tropolitain en tant que pr\u00e9sident au sein d\u2019une assembl\u00e9e de Saint-Etienne M\u00e9tropole. \u00a9If Media \/ Xavier Alix<\/p>\n<p>Mais au sein de son ex\u00e9cutif municipal, impossible par nature d\u2019\u00eatre contraint de composer avec des \u00e9lus PC, sinon PS ou EELV pour adjoints et avec qui il faudrait se mettre d\u2019accord\u2026 Au sein de la majorit\u00e9 de l\u2019assembl\u00e9e communale, dans les d\u00e9cisions prises, la pluralit\u00e9 politique ne joue que tr\u00e8s marginalement ou pas (d\u2019autant moins si l\u2019alli\u00e9 UDI \u00e9tait r\u00e9duit et \u00ab\u00a0\u00e9touff\u00e9\u00a0\u00bb), pas plus que la d\u00e9fense d\u2019int\u00e9r\u00eats collectifs et\/ou personnels contradictoires. En revanche, aussi autoritaire que ses d\u00e9tracteurs le d\u00e9crivent, et m\u00eame s\u2019il y exerce vraiment un jeu de pression, quand il endosse son costume de pr\u00e9sident m\u00e9tropolitain, le maire de Saint-Etienne doit forc\u00e9ment faire avec une volont\u00e9 pouvant diff\u00e9rer de la part de maires repr\u00e9sentant via leurs vice-pr\u00e9sidences, sinon leur pr\u00e9sence au bureau, la participation au pouvoir des petites et moyennes communes. Y compris quand ils appartiennent au m\u00eame bord politique. Il ne peut pas aussi facilement imposer sa volont\u00e9 qu\u2019avec ses colistiers municipaux. Bref, l\u2019ex\u00e9cutif municipal, c\u2019est SON \u00ab\u00a0\u00e9quipe\u00a0\u00bb. Celui m\u00e9tropolitain, pas tout \u00e0 fait voire nettement moins.<\/p>\n<p>Un avant et un apr\u00e8s ao\u00fbt 2022<\/p>\n<p>A la M\u00e9tropole, beaucoup de d\u00e9cisions semblent effectivement se jouer \u00ab\u00a0en coulisses\u00a0\u00bb, du moins en bureau, hors de leur exposition publique en assembl\u00e9e qui vote, la plupart du temps \u00e0 main lev\u00e9e. Le contexte particulier de la d\u00e9mocratie intercommunale conduisait \u00e0 des conseils, en g\u00e9n\u00e9ral, plus \u00ab\u00a0tranquilles\u00a0\u00bb entre personnes pour la plupart forc\u00e9es de s\u2019entendre et\/ou s\u2019\u00e9tant d\u00e9j\u00e0 entendues. Les coulisses peuvent probablement donner lieu \u00e0 des \u00e9changes plus muscl\u00e9s mais nous n\u2019assistons pas \u00e0 celles-ci. Or, \u00e0 Saint-Etienne M\u00e9tropole, ao\u00fbt 2022 a tout chang\u00e9 et les \u00e9changes d\u00e9j\u00e0 au vitriol du conseil municipal st\u00e9phanois n\u2019ont fait que s\u2019accentuer pour mieux s\u2019exporter au sein du conseil communautaire. Comme jamais. Joutes entre pro ou anti Perdriau renforc\u00e9es par les prises de parole habituelles de quelques maires d\u00e9j\u00e0 hostiles ou devenus hostiles. Les suites du <a href=\"https:\/\/www.if-saint-etienne.fr\/politique-societe\/saint-etienne-metropole-le-retrait-2-0-de-gael-perdriau-1-2\" target=\"_blank\" rel=\"noreferrer noopener\">retrait<\/a> en r\u00e9alit\u00e9\u00a0\u00ab\u00a0non total\u00a0\u00bb, car de toute fa\u00e7on inexistant juridiquement, de Ga\u00ebl Perdriau \u00e0 qui une tr\u00e8s large majorit\u00e9 d\u2019\u00e9lus communautaires a r\u00e9clam\u00e9 la d\u00e9mission \u00e0 d\u00e9faut de pouvoir lui imposer, n\u2019ont absolument rien arrang\u00e9.<\/p>\n<p><img loading=\"lazy\" decoding=\"async\" width=\"1024\" height=\"576\" src=\"https:\/\/www.europesays.com\/fr\/wp-content\/uploads\/2025\/09\/Design-IF-380-1-1024x576.png\" alt=\"\" class=\"wp-image-45737\"  \/>\u00a9If Media \/ Xavier Alix<\/p>\n<p>En relais d\u2019Herv\u00e9 Reynaud depuis septembre 2023 pour assurer l\u2019int\u00e9rim de la pr\u00e9sidence, Sylvie Fayolle, maire des 1\u00a0300 et quelques habitants de Saint-Paul-en-Cornillon, s\u2019est ind\u00e9niablement montr\u00e9e \u00e9nergique et a su tenir la barre avec une relative autorit\u00e9, d\u2019autant plus n\u00e9cessaire \u00e0 cette \u00e9trange temp\u00eate institutionnelle. Mais relative donc car se heurtant r\u00e9guli\u00e8rement \u00e0 des <a href=\"https:\/\/www.if-saint-etienne.fr\/politique\/saint-etienne-metropole-sylvie-fayolle-exige-la-pleine-maitrise\" target=\"_blank\" rel=\"noreferrer noopener\">limites<\/a> cadr\u00e9es, elle par la loi, celles des pouvoirs juridiquement \u00ab\u00a0ind\u00e9l\u00e9guables\u00a0\u00bb\u00a0de Ga\u00ebl Perdriau\u00a0: pour signer certains documents issus des certaines d\u00e9cisions de l\u2019ex\u00e9cutif vot\u00e9es ou non, orienter la politique de communication ou lorsque Sylvie Fayolle a souhait\u00e9 composer l\u00e9gitimement son propre cabinet d\u00e9mutualis\u00e9. Bien que vouloir faire appel, pour le poste de directeur, \u00e0 un proche de l\u2019ennemi du maire de Saint-Etienne qu\u2019est Laurent Wauquiez, dont elle est un fort soutien, avant m\u00eame qu\u2019un enregistrement audio ne m\u00eale <a href=\"https:\/\/www.if-saint-etienne.fr\/politique\/mediapart-publie-la-suite-de-son-enquete\" target=\"_blank\" rel=\"noopener\">collat<\/a><a href=\"https:\/\/www.if-saint-etienne.fr\/politique\/mediapart-publie-la-suite-de-son-enquete\" target=\"_blank\" rel=\"noreferrer noopener\">\u00e9<\/a><a href=\"https:\/\/www.if-saint-etienne.fr\/politique\/mediapart-publie-la-suite-de-son-enquete\" target=\"_blank\" rel=\"noopener\">ralement<\/a> ce dernier \u00e0 l\u2019affaire, ne pouvait qu\u2019enfoncer Ga\u00ebl Perdriau dans un exercice tr\u00e8s relatif de son retrait total. \u00a0\u00a0\u00a0\u00a0\u00a0\u00a0\u00a0\u00a0\u00a0\u00a0\u00a0<\/p>\n<p>L\u2019appel d\u2019Eric Berlivet<\/p>\n<p>A la suite de ce dernier, amer d\u2019avoir perdu sa vice-pr\u00e9sidence en 2020 (il \u00e9tait en charge de la gestion des d\u00e9chets entre 2014 \u2013 2020) pour s\u2019\u00eatre montr\u00e9, argue-t-il trop ind\u00e9pendant, trop loquace publiquement sur ses opinions, Eric Berlivet, maire Horizons de Roche-la-Moli\u00e8re a souhait\u00e9 attirer l\u2019attention des \u00e9lus m\u00e9tropolitains en les invitant, pour ceux qui seront encore l\u00e0, \u00e0 choisir un autre pr\u00e9sident que le maire de la ville centre en 2026. Appel mis \u00e0 la connaissance de la presse locale. Pas pour viser la place, d\u00e9fendait-il \u00e0 If au d\u00e9but de l\u2019\u00e9t\u00e9\u00a0: \u00ab\u00a0Non, \u00e7a ne m\u2019int\u00e9resse pas. Si je repars en 2026 et que je suis r\u00e9\u00e9lu, pourquoi pas revenir dans l\u2019ex\u00e9cutif m\u00eame si \u00e7a ne m\u2019obs\u00e8de pas mais s\u00fbrement pas \u00e0 la pr\u00e9sidence. Nous nous sommes montr\u00e9s na\u00effs lors du premier mandat de Ga\u00ebl Perdriau\u00a0: j\u2019ai vot\u00e9 comme bien d\u2019autres cette mutualisation et c\u2019\u00e9tait une erreur.\u00a0Il faut la r\u00e9parer. La r\u00e9alit\u00e9, c\u2019est que la majorit\u00e9 de la Ville de Saint-Etienne utilise de mani\u00e8re syst\u00e9mique la M\u00e9tropole au profit de ses propres politiques. Tr\u00e8s clairement et pas seulement sur la com mais aussi sur les ressources humaines, avec un personnel significativement d\u00e9charg\u00e9 sur la M\u00e9tropole et, surtout, les grands investissements.\u00a0\u00bb<\/p>\n<blockquote>\n<p>La r\u00e9alit\u00e9, c\u2019est que la majorit\u00e9 de la Ville de Saint-Etienne utilise de mani\u00e8re syst\u00e9mique la M\u00e9tropole au profit de ses propres politiques. <\/p>\n<p>Eric Berlivet, maire de Roche-la-Moli\u00e8re<\/p><\/blockquote>\n<p>Pour Eric Berlivet, seule la personnalit\u00e9 d\u2019Herv\u00e9 Reynaud, alors maire d\u2019un Saint-Chamond et de ses 35\u00a0000 habitants, et donc en mesure \u00ab\u00a0d\u2019enquiquiner\u00a0\u00bb Ga\u00ebl Perdriau serait parvenue \u00e0 tirer son \u00e9pingle du jeu \u00ab\u00a0mais pour sa seule ville\u00a0\u00bb\u2026 Avec bien s\u00fbr pour exemple phare \u00ab\u00a0l\u2019obtention de la salle Arena apr\u00e8s les dizaines de millions d\u00e9j\u00e0 mis dans <a href=\"https:\/\/www.if-saint-etienne.fr\/economie\/novacieries-il-faudra-bientot-reveiller-les-geants-dellapitr\" target=\"_blank\" rel=\"noreferrer noopener\">Novaci\u00e9ries<\/a>. Du c\u00f4t\u00e9 de l\u2019Ondaine, on ne peut en dire autant. O\u00f9 est le nouvel grand \u00e9quipement \u00e0 l\u2019ouest de Saint-Etienne\u00a0? Le Corbusier reste un h\u00e9ritage pas un \u00e9quipement structurant.\u00a0\u00bb Le maire de Roche-la-Moli\u00e8re a-t-il cependant une d\u00e9monstration chiffr\u00e9e\u00a0et comparative avec d\u2019autres m\u00e9tropoles ? \u00ab\u00a0C\u2019est vrai que pour le prouver et ne pas en rester \u00e0 un \u00ab\u00a0sentiment\u00a0\u00bb, il faudrait des documents analytiques\u00a0: je ne les ai pas, faute de les recevoir pour les \u00e9tudier malgr\u00e9 mes demandes r\u00e9p\u00e9t\u00e9es. Il est normal qu\u2019une ville centre concentre des services d\u2019int\u00e9r\u00eat commun mais l\u00e0 le d\u00e9s\u00e9quilibre est beaucoup trop fort. Et ce manque de transparence r\u00e9current interroge. Alors, assurons-nous d\u2019une gouvernance plus partag\u00e9e. Lille, Bordeaux ou Grenoble le font bien.\u00a0\u00bb \u00a0\u00a0<\/p>\n<p>\u00ab\u00a0Pas de religion en la mati\u00e8re\u00a0\u00bb<\/p>\n<p>\u00ab\u00a0Les documents sont bien l\u00e0, accessibles, et si Eric Berlivet veut d\u00e9montrer, il n\u2019y a qu\u2019\u00e0\u2026\u00a0Mais oui, ce d\u00e9s\u00e9quilibre dans les politiques publiques au profit d\u2019un maire, nous le constatons aussi \u00bb, lance, elle, Isabelle Dumestre, pr\u00e9sidente socialiste du groupe d\u2019opposition Saint-Etienne Demain \u00e0 la Ville de Saint-Etienne. Aussi conseill\u00e8re communautaire du coup et donc peu avare d\u2019interventions relayant \u00e0 l\u2019\u00e9chelle m\u00e9tropolitaine son opposition \u00e0 Ga\u00ebl Perdriau, ses soutiens et nombre de ses politiques. Isabelle Dumestre souligne qu\u2019\u00ab une intercommunalit\u00e9 quel que soit sa taille, n\u2019assoit pas sa majorit\u00e9 sur une base politique comme au conseil municipal. L\u2019id\u00e9e d\u2019\u00e9viter le maire de Saint-Etienne pourrait faire sens avec ce que nous venons de conna\u00eetre mais, sans que cela doive rester grav\u00e9 dans le marbre, nous pensons justement que la restauration de la confiance, la p\u00e9riode qui s\u2019ouvrira devant redonner \u00e0 Saint-Etienne son r\u00f4le de locomotive perdu depuis plus de 2 ans, passe par une pr\u00e9sidence avec le bon comportement, des d\u00e9cisions partag\u00e9es, au moins dans un premier temps, tenue par le maire de la ville centre.\u00a0\u00bb<\/p>\n<blockquote>\n<p>Nous pensons que la restauration de la confiance, (\u2026) et redonner \u00e0 Saint-Etienne son r\u00f4le de locomotive passe par une pr\u00e9sidence, au moins dans un premier temps, tenue par le maire de la ville centre. <\/p>\n<p>Isabelle Dumestre, \u00e9lue st\u00e9phanoise PS d\u2019opposition<\/p><\/blockquote>\n<p>Au sein de la gauche st\u00e9phanoise encore, si les repr\u00e9sentants du collectif Saint\u00e9 Populaire n\u2019\u00e9taient pas en mesure lors de notre rencontre en <a href=\"https:\/\/www.if-saint-etienne.fr\/politique-societe\/municipales-2026-sainte-populaire-donnee-transversale-a-gauche\" target=\"_blank\" rel=\"noreferrer noopener\">juin<\/a> de nous donner une position \u00e0 propos d\u2019un sujet qui ne s\u2019\u00e9tait pas invit\u00e9 \u2013 pas encore\u00a0? \u2013 sur la table de leurs discussions internes, les \u00e9cologistes, par la voix de Julie Tokhi nous indiquaient, eux, cet \u00e9t\u00e9, ne pas avoir \u00ab\u00a0de religion en la mati\u00e8re\u00a0\u00bb. Difficile de s\u2019appuyer sur l\u2019exemple d\u00e9ploy\u00e9 par EELV du c\u00f4t\u00e9 du Grand Lyon dont le maire de la ville centre, Gr\u00e9gory Doucet n\u2019est pas pr\u00e9sident comme le fut son pr\u00e9d\u00e9cesseur G\u00e9rard Collomb jusqu\u2019\u00e0 ce que ce dernier devienne ministre. La fonction a \u00e9t\u00e9 obtenue par un autre \u00e9cologiste, Bruno Bernard, \u00e0 l\u2019issue d\u2019une primaire au sein de leur parti sans que cet ex-conseiller municipal de Villeurbanne n\u2019ait besoin alors d\u2019\u00eatre d\u00e9j\u00e0 \u00e9lu puisque l\u2019assembl\u00e9e m\u00e9tropolitaine de Lyon a fait l\u2019objet en 2020 et pour la premi\u00e8re d\u2019une \u00e9lection au suffrage universel direct sp\u00e9cifique.<\/p>\n<p>Une appropriation des investissements\u00a0?<\/p>\n<p>Ce qui est certain pr\u00e9cise la St\u00e9phanoise Julie Tokhi, c\u2019est que la mutualisation de la communication et du cabinet doit \u00eatre supprim\u00e9e\u00a0: \u00ab\u00a0Cette appropriation doit s\u2019achever et oui la M\u00e9tropole s\u2019est trop autocentr\u00e9e sur Saint-Etienne.\u00a0Maintenant, cela d\u00e9pend aussi de l\u2019attitude du maire de la Ville centre pour qui les \u00e9lus de petites communes ont souvent tendance \u00e0 voter quelle que soit la couleur politique. \u00bb Ce ne sera pas le \u00ab\u00a0r\u00e9flexe\u00a0\u00bb d\u2019un Fran\u00e7ois Driol, vice-pr\u00e9sident de m\u00e9tropole et maire d\u2019Andr\u00e9zieux-Bouth\u00e9on, du moins s\u2019il est encore en poste en mars prochain\u00a0: \u00ab\u00a0Un pr\u00e9sident non st\u00e9phanois\u00a0? Je dis oui mais\u2026 \u00e7a d\u00e9pend qui\u00a0!\u00a0\u00bb Une personnalit\u00e9 au positionnement politique trop \u00e9loign\u00e9 de ses propres opinions, un candidat qui \u00e9mergerait, par exemple, d\u2019une gauche tr\u00e8s radicale \u2013 ou, au contraire d\u2019extr\u00eame droite \u2013 ne lui conviendrait pas plus qu\u2019un maire pr\u00e9sident de Saint-Etienne menant l\u2019intercommunalit\u00e9 au profit de sa ville.<\/p>\n<blockquote>\n<p>Un pr\u00e9sident non st\u00e9phanois\u00a0? Je dis oui mais\u2026 \u00e7a d\u00e9pend qui\u00a0!\u00a0<\/p>\n<p>Fran\u00e7ois Driol, maire d\u2019Andr\u00e9zieux-Bouth\u00e9on<\/p><\/blockquote>\n<p>Lui aussi estime, que cela a \u00e9t\u00e9 le cas, \u00e9voquant le manque de consid\u00e9ration pour les autres communes dont le poids r\u00e9el ne tient pas qu\u2019\u00e0 leur population\u2026 \u00ab\u00a0Loin\u00a0\u00bb de chez lui, il ajoute aussi une vall\u00e9e de l\u2019Ondaine mise de c\u00f4t\u00e9 sur les grands investissements. Pour revenir \u00e0 Saint-Etienne, du c\u00f4t\u00e9 de l\u2019alliance des sept partis de droite et du centre, en attendant une t\u00eate de liste issue du <a href=\"https:\/\/www.if-saint-etienne.fr\/politique-societe\/municipales-a-saint-etienne-a-droite-et-au-centre-cinq-tetes-de-liste-potentielles-sondees-dici-le-8-septembre\" target=\"_blank\" rel=\"noreferrer noopener\">sondage<\/a>, le porte-parole qu\u2019est Robert Karulak, vice-pr\u00e9sident m\u00e9tropolitain issu de la majorit\u00e9 municipale Perdriau dont il a claqu\u00e9 la porte en juin 2024 avec 8 autres \u00e9lus, ne donne pas de position officielle \u00e0 ce stade. Mais du coup son point de vue d\u2019\u00e9lu st\u00e9phanois\u00a0: \u00ab\u00a0Je pense que l\u2019impression d\u2019une confiscation par Saint-Etienne des investissements est exag\u00e9r\u00e9e m\u00eame s\u2019il y a probablement des choses \u00e0 am\u00e9liorer. Je trouve pr\u00e9f\u00e9rable, pour une ville centre forte profitable aux 52 autres communes que l\u2019agglom\u00e9ration soit pr\u00e9sid\u00e9e par son maire. D\u2019autant que c\u2019est l\u00e0 o\u00f9 habite 43 % de sa population. Saint-Etienne est g\u00e9ographiquement au centre et ses \u00e9quipements communautaires sont d\u2019int\u00e9r\u00eat commun, pas qu\u2019aux St\u00e9phanois. Un Zenith, un Geoffroy-Guichard (une <a href=\"https:\/\/www.if-saint-etienne.fr\/politique\/saint-etienne-metropole-gele-la-patinoire-et-refroidit-cite-du-design-2025\" target=\"_blank\" rel=\"noreferrer noopener\">patinoire<\/a>\u00a0?, Ndlr) ne peuvent pas \u00eatre ailleurs.\u00a0\u00bb<\/p>\n<p>L\u2019affirmation d\u00e9s\u00e9quilibrante de Wauquiez<\/p>\n<p>A l\u2019automne 2023, lors de sa <a href=\"https:\/\/www.if-saint-etienne.fr\/politique-societe\/laurent-wauquiez-des-preuves-damour-pour-saint-etienne-metropole\" target=\"_blank\" rel=\"noreferrer noopener\">venue<\/a> dans le sud Loire en pr\u00e9sence de membres de sa majorit\u00e9 r\u00e9gionale, entre autres Sylvie Fayolle et Dino Cinieri, candidat LR \u00e0 la candidature de cette alliance, visite qui avait \u00e9videmment soigneusement \u00e9vit\u00e9 Saint-Etienne, Laurent Wauquiez avait pourtant, lui \u00e0 plusieurs reprises tacl\u00e9 Ga\u00ebl Perdriau en affirmant ce d\u00e9s\u00e9quilibre. Discourant sur sa volont\u00e9 d\u2019aider la pr\u00e9sidence par int\u00e9rim de Sylvie Fayolle \u00e0 \u00ab\u00a0r\u00e9\u00e9quilibrer une politique m\u00e9tropolitaine\u00a0\u00bb qu\u2019il affirmait comme jusque-l\u00e0 profitable avant tout \u00e0 Saint-Etienne\u2026 Quelles que soient les positions et \u00e9ventuellement ambitions des uns et des autres sur cette prochaine pr\u00e9sidence, le sujet sera tributaire des r\u00e9sultats extr\u00eamement incertains \u00e0 ce stade des \u00e9lections municipales 2026 dans les communes les plus peupl\u00e9es, donc en g\u00e9n\u00e9ral les plus susceptibles d\u2019enjeux politiques entre partis.<\/p>\n<p>M\u00eame si \u00e7a et l\u00e0, m\u00eame village peut, aussi, \u00eatre dirig\u00e9 par un maire encart\u00e9, investi politiquement. Les tractations en coulisses sans doute initi\u00e9es avant cela, seront denses au lendemain du second tour des Municipales en vue de la tenue du Conseil m\u00e9tropolitain d\u2019installation 2026 \/2032. En 2020, dix jours avaient espac\u00e9 les deux. Probable qu\u2019il n\u2019y ait cette fois-ci aussi pas qu\u2019un seul candidat \u00e0 cette pr\u00e9sidence. Mais cette fois, ce ne serait alors pas seulement pour le \u00ab\u00a0sport\u00a0\u00bb : les \u00ab\u00a0barons\u00a0\u00bb qui la brigueront ne feront alors s\u00fbrement pas dans le Coubertin\u2026<\/p>\n<p>Et \u00e0 Grenoble, comment \u00e7a se passe\u00a0?<\/p>\n<p>La dimension de la ville centre, de sa m\u00e9tropole (respectivement 156\u00a0000 et 450\u00a0000 habitants), ses 49 communes, ses statuts, donc ses r\u00e8gles vis-\u00e0-vis de la d\u00e9signation de son conseil m\u00e9tropolitain semblent beaucoup plus comparables \u00e0 Saint-Etienne que Lyon. Or, voil\u00e0 des d\u00e9cennies que la pr\u00e9sidence n\u2019est pas aux mains de Grenoble.  <\/p>\n<p>Si c\u2019est le cas actuellement aussi de Lille, ou encore Bordeaux, \u00ab\u00a0Grenoble Alpes M\u00e9tropole\u00a0\u00bb conna\u00eet l\u2019exp\u00e9rience d\u2019une pr\u00e9sidence confi\u00e9e \u00e0 un autre \u00e9lu que le maire de se principale cit\u00e9, depuis longtemps. Presqu\u2019une tradition. En 2014, apr\u00e8s Didier Migaud, maire de Seyssins (8\u00a0000 habitants) de 1995 \u00e0 2010 puis les 4 ann\u00e9es suivantes Marc Ba\u00efetto, \u00e0 la t\u00eate d\u2019Eybens (10\u00a0000 habitants), Christophe Ferrari, alors socialiste comme ses deux pr\u00e9d\u00e9cesseurs (d\u00e9sormais \u00e0 Place publique), maire de Pont-de-Claix, m\u00eame pas 11\u00a0000 \u00e2mes au sud de Grenoble en devient pr\u00e9sident. Sa commune ne compte pourtant que deux conseillers sur 119 quand la ville centre tenue depuis 2014 par la majorit\u00e9 verte d\u2019Eric Piolle en p\u00e8se 30.<\/p>\n<p>Trois d\u00e9cennies qui prouvent qu\u2019une collectivit\u00e9 intercommunale de taille cons\u00e9quente peut se d\u00e9velopper avec une pr\u00e9sidence d\u2019ex\u00e9cutif tenue par un autre \u00e9lu que le maire de la Ville centre\u00a0? Certes. Il faut cependant souligner dans le cas is\u00e9rois que Michel Destot a \u00e9t\u00e9 maire de 1995 \u00e0 2014, en tant qu\u2019encart\u00e9 au PS, lui aussi. \u00catre du m\u00eame parti que les pr\u00e9sidents issus de commune p\u00e9riph\u00e9riques n\u2019a pu que faciliter, a priori, leur entente sur la politique m\u00e9tropolitaine \u00e0 mener. Ce n\u2019est plus le cas depuis 8 ans alors tandis que les pouvoirs intercommunaux \u2013 et les enjeux allant avec \u2013 ont consid\u00e9rablement \u00e9t\u00e9 \u00e9tendues par rapport \u00e0 il y a 30 et m\u00eame 20 ans. Cependant, en 2014, malgr\u00e9 la concurrence d\u2019un autre \u00e9lu PS non Grenoblois, \u00ab\u00a0Christophe Ferrari avait re\u00e7u le soutien de l\u2019\u00e9cologiste Eric Piolle qui s\u2019\u00e9tait engag\u00e9 \u00e0 ne pas briguer la pr\u00e9sidence de la M\u00e9tro\u00a0\u00bb, rappelle Victor Guilbert, confr\u00e8re journaliste, r\u00e9dacteur en chef des <a href=\"https:\/\/www.google.com\/url?sa=t&amp;source=web&amp;rct=j&amp;opi=89978449&amp;url=https:\/\/www.affiches.fr\/&amp;ved=2ahUKEwipiKb7tcuPAxVHUaQEHfqzMhoQFnoECCAQAQ&amp;usg=AOvVaw0KZ55VQgU2d4QH5IJrRySA\" target=\"_blank\" rel=\"noreferrer noopener\">Affiches de Grenoble<\/a>, membre du m\u00eame groupe de presse qu\u2019If Saint-Etienne (<a href=\"https:\/\/www.google.com\/url?sa=t&amp;source=web&amp;rct=j&amp;opi=89978449&amp;url=https:\/\/fr.linkedin.com\/company\/compra-compagnie-des-m%25C3%25A9dias-et-publications-rh%25C3%25B4ne-alpes&amp;ved=2ahUKEwiR4enJtcuPAxXCKvsDHeZsGlYQFnoECEYQAQ&amp;usg=AOvVaw10iEVm8jPYt7ofUqYK-nJa\" target=\"_blank\" rel=\"noreferrer noopener\">Cie des m\u00e9dias<\/a>). Christophe Ferrari avait ainsi \u00e9t\u00e9 \u00e9lu au 2e tour avec 64,5 % des voix des conseillers communautaires soutenu par l\u2019ensemble des \u00e9lus de gauche et de plusieurs maires sans \u00e9tiquette de petites communes.<\/p>\n<p>Une tradition devenue conflictuelle<\/p>\n<p>\u00ab\u00a0Au fur et \u00e0 mesure que le mandat a avanc\u00e9, les relations entre les \u00e9lus de la majorit\u00e9 grenobloise et la pr\u00e9sidence de Christophe Ferrari se sont toujours un peu plus tendues autour de sujets comme la mobilit\u00e9, la ZFE, la publicit\u00e9 sur l\u2019espace public, etc.\u00a0\u00bb Jusqu\u2019\u00e0 un clash expos\u00e9 au grand jour en 2020. Yan Mongaburu conseiller municipal grenoblois \u00e9cologiste, son propre vice-pr\u00e9sident en charge des d\u00e9placements et pr\u00e9sident du SMTC (syndicat mixte des transports en commun devenu SMMAG) est alors envoy\u00e9 contre Ferrari pour lui ravir cette pr\u00e9sidence. Mais ce dernier, fort du soutien des petites communes ne se sentant pas assez \u00e9cout\u00e9es par la principale, l\u2019emporte \u00e0 nouveau \u00e0 l\u2019issue de tergiversations amenant un 3e tour. Piolle \u00e9voque alors une \u00ab\u00a0crise\u00a0institutionnelle grave\u00a0\u00bb. Une difficile \u0153uvre de rabibochage en septembre 2020 afin de d\u00e9signer un ex\u00e9cutif aux membres convenant \u00e0 chaque partie fait finalement long feu en raison d\u2019un recours par les \u00e9cologistes contre l\u2019\u00e9lection du maire de Pont-de-Claix. Depuis\u00a0? Depuis c\u2019est, semble-t-il la guerre froide agr\u00e9ment\u00e9e de r\u00e9guliers coups de chaud juridico-politiques, voire judiciaires. Clairement \u00ab\u00a0cette division a cass\u00e9 la dynamique de la M\u00e9tropole qui n\u2019est plus la m\u00eame qu\u2019au d\u00e9but du mandat 2014 \/2020, analyse Victor Guilbert. Tous les sujets \u2013 \u00e0 l\u2019encore vu avec le feuilleton Vencorex \u2013 sont sources de tensions, m\u00eame si mobilit\u00e9 et ZFE restent les principales.\u00a0\u00bb<\/p>\n<p>Le maire de Grenoble a d\u00e9cid\u00e9 de ne pas reconduire (contrairement \u00e0 2014 et 2020) pour 2026 l\u2019accord local qui permettait \u00e0 9 \u00ab petites communes\u00a0\u00bb de disposer de 2 places au conseil m\u00e9tropolitain, pour avoir une meilleure repr\u00e9sentativit\u00e9 (mais qui avait aussi co\u00fbt\u00e9 sa place au candidat grenoblois \u00e0 la pr\u00e9sidence en 2020\u2026).\u00a0D\u2019o\u00f9 la r\u00e9action de Christophe Ferrari la semaine derni\u00e8re : \u00ab Je suis constern\u00e9 par cette d\u00e9cision qui augmente tr\u00e8s faiblement la repr\u00e9sentativit\u00e9 de Grenoble, mais fait perdre un si\u00e8ge \u00e0 la M\u00e9tropole \u00e0 ces 9 communes conduisant 44 % de leur population, c\u2019est-\u00e0-dire 29 000 habitants, \u00e0 \u00eatre mal repr\u00e9sent\u00e9s\u00a0\u00bb A Grenoble aussi, 2026 promet.\u00a0<\/p>\n<p>\u00a0\u00a0<\/p>\n","protected":false},"excerpt":{"rendered":"Les rapports politiques intercommunaux devenus \u2013 au grand jour \u2013 conflictuels comme jamais depuis les publications de Mediapart,&hellip;\n","protected":false},"author":2,"featured_media":377647,"comment_status":"","ping_status":"","sticky":false,"template":"","format":"standard","meta":{"footnotes":""},"categories":[9653],"tags":[1111,11,51133,2430,41208,1674,51134,15916,51135,51136,1777,674,1011,27,12,51137,25,4001,10060,15880],"class_list":{"0":"post-377646","1":"post","2":"type-post","3":"status-publish","4":"format-standard","5":"has-post-thumbnail","7":"category-saint-etienne","8":"tag-actu","9":"tag-actualites","10":"tag-assemblee-communautaire","11":"tag-auvergne-rhone-alpes","12":"tag-chantage-a-la-video-intime","13":"tag-communes","14":"tag-communes-de-saint-etienne-metropole","15":"tag-electif","16":"tag-elus-locaux","17":"tag-elus-politiques-dans-la-loire","18":"tag-eu","19":"tag-europe","20":"tag-fr","21":"tag-france","22":"tag-news","23":"tag-president-saint-etienne-metropole","24":"tag-republique-francaise","25":"tag-saint-etienne","26":"tag-saint-etienne-metropole","27":"tag-ville-de-saint-etienne"},"share_on_mastodon":{"url":"https:\/\/pubeurope.com\/@fr\/115174221217616542","error":""},"_links":{"self":[{"href":"https:\/\/www.europesays.com\/fr\/wp-json\/wp\/v2\/posts\/377646","targetHints":{"allow":["GET"]}}],"collection":[{"href":"https:\/\/www.europesays.com\/fr\/wp-json\/wp\/v2\/posts"}],"about":[{"href":"https:\/\/www.europesays.com\/fr\/wp-json\/wp\/v2\/types\/post"}],"author":[{"embeddable":true,"href":"https:\/\/www.europesays.com\/fr\/wp-json\/wp\/v2\/users\/2"}],"replies":[{"embeddable":true,"href":"https:\/\/www.europesays.com\/fr\/wp-json\/wp\/v2\/comments?post=377646"}],"version-history":[{"count":0,"href":"https:\/\/www.europesays.com\/fr\/wp-json\/wp\/v2\/posts\/377646\/revisions"}],"wp:featuredmedia":[{"embeddable":true,"href":"https:\/\/www.europesays.com\/fr\/wp-json\/wp\/v2\/media\/377647"}],"wp:attachment":[{"href":"https:\/\/www.europesays.com\/fr\/wp-json\/wp\/v2\/media?parent=377646"}],"wp:term":[{"taxonomy":"category","embeddable":true,"href":"https:\/\/www.europesays.com\/fr\/wp-json\/wp\/v2\/categories?post=377646"},{"taxonomy":"post_tag","embeddable":true,"href":"https:\/\/www.europesays.com\/fr\/wp-json\/wp\/v2\/tags?post=377646"}],"curies":[{"name":"wp","href":"https:\/\/api.w.org\/{rel}","templated":true}]}}