{"id":377648,"date":"2025-09-09T11:58:10","date_gmt":"2025-09-09T11:58:10","guid":{"rendered":"https:\/\/www.europesays.com\/fr\/377648\/"},"modified":"2025-09-09T11:58:10","modified_gmt":"2025-09-09T11:58:10","slug":"de-nouvelles-fermetures-a-partir-de-20h-entre-nancy-et-metz-voici-le-detail","status":"publish","type":"post","link":"https:\/\/www.europesays.com\/fr\/377648\/","title":{"rendered":"de nouvelles fermetures \u00e0 partir de 20h entre Nancy et Metz, voici le d\u00e9tail"},"content":{"rendered":"<p>            Par<br \/>\n        <strong><br \/>\n            <a href=\"https:\/\/actu.fr\/auteur\/pierre-emile-bouchy-actu-fr\" title=\"Consulter tous les articles de Paul-Emile Bouchy\" target=\"_blank\" rel=\"noopener\">Paul-Emile Bouchy<\/a><br \/>\n        <\/strong><\/p>\n<p>        Publi\u00e9 le<\/p>\n<p>            9 sept. 2025 \u00e0 13h02        <\/p>\n<p>D\u00e9marr\u00e9s en 2021, les importants travaux men\u00e9s sur le <a href=\"https:\/\/actu.fr\/grand-est\/autreville-sur-moselle_54031\/travaux-sur-l-a31-l-autoroute-coupee-plusieurs-fois-a-la-circulation-jusqu-au-printemps-2025_60435092.html\" target=\"_blank\" rel=\"noopener\">viaduc d\u2019Autreville<\/a> de l\u2019<a href=\"https:\/\/actu.fr\/tag\/autoroute-31-a31\" target=\"_blank\" rel=\"noopener\">autoroute A31<\/a> arrivent \u00e0 leur terme.<\/p>\n<p class=\" wall-content\">Cependant, comme ce fut le cas <a href=\"https:\/\/actu.fr\/grand-est\/autreville-sur-moselle_54031\/lorraine-travaux-sur-l-autoroute-a31-de-nouvelles-perturbations-prevues-fin-aout-voici-lesquelles_63057261.html\" target=\"_blank\" rel=\"noopener\">fin ao\u00fbt<\/a> et<a href=\"https:\/\/actu.fr\/grand-est\/autreville-sur-moselle_54031\/travaux-sur-l-a31-la-circulation-fortement-perturbee-les-nuits-prochaines-entre-nancy-et-metz_63099661.html\" target=\"_blank\" rel=\"noopener\"> d\u00e9but septembre<\/a>, le chantier n\u00e9cessite toujours <strong>des coupures de la circulation entre Nancy et Metz<\/strong>. On fait le point sur l\u2019impact pour les automobilistes.<\/p>\n<p>L\u2019A31 coup\u00e9e plusieurs nuits \u00e0 la circulation<\/p>\n<p class=\" wall-content\">Dans un communiqu\u00e9 de presse, la DIR Est d\u00e9taille les perturbations li\u00e9es aux travaux sur le viaduc d\u2019Autreville\u2009:<\/p>\n<ul class=\" wall-content\">\n<li>coupure de la circulation dans le sens Nancy-Metz <strong>les nuits du lundi\u00a08 au jeudi 11\u00a0septembre <\/strong>(entre 20h et 6h)<\/li>\n<li>coupure de la circulation dans le sens Metz-Nancy<strong> les nuits du lundi\u00a015 au jeudi 18\u00a0septembre<\/strong> (entre 20h et 6h)<\/li>\n<\/ul>\n<p class=\" wall-content\">En cas d\u2019intemp\u00e9ries ou de probl\u00e8mes techniques, une nuit suppl\u00e9mentaire est pr\u00e9vue du jeudi\u00a011 au vendredi 12\u00a0septembre dans le sens Nancy-Metz et du jeudi\u00a018 au vendredi 19\u00a0septembre dans le sens Metz-Nancy.<\/p>\n<p>Les automobilistes invit\u00e9s \u00e0 suivre des d\u00e9viations<\/p>\n<p class=\" wall-content\">Pour les automobilistes, les <strong>d\u00e9viations<\/strong> suivantes seront mises en place\u2009:<\/p>\n<ul class=\" wall-content\">\n<li>dans le sens Nancy-Metz, les usagers emprunteront <strong>l\u2019itin\u00e9raire S13 jusqu\u2019\u00e0 l\u2019\u00e9changeur de Lesm\u00e9nils<\/strong> (par Pont-\u00e0-Mousson)\u2009;<\/li>\n<li>dans le sens Metz-Nancy, les usagers emprunteront\u00a0<strong>l\u2019itin\u00e9raire S14\u00a0jusqu\u2019\u00e0 l\u2019\u00e9changeur de Belleville<\/strong> (par Pont-\u00e0-Mousson).<\/li>\n<\/ul>\n<p>Votre r\u00e9gion, votre actu !<\/p>\n<p>Recevez chaque jour les infos qui comptent pour vous.<\/p>\n<p>\t<a href=\"https:\/\/actu.fr\/newsletter\" class=\"ac-btn ac-btn--corner ac-btn--medium ac-btn--blue800\" target=\"_blank\" rel=\"noopener\">S&rsquo;incrire<\/a><\/p>\n<p class=\" wall-content\">\u00c0 noter que la vitesse sera <strong>limit\u00e9e \u00e0 70\u00a0km\/h sur le viaduc entre 6h et 20h<\/strong> le mardi\u00a09 et le mercredi 10\u00a0septembre (sens Nancy-Metz)\u2009; et le mardi\u00a016 et le mercredi 17\u00a0septembre (sens Metz-Nancy).<\/p>\n<p class=\" wall-content\">Personnalisez votre actualit\u00e9 en ajoutant vos villes et m\u00e9dias en favori avec <a href=\"https:\/\/moncompte.actu.fr\" title=\"D\u00e9couvez Mon Actu\" rel=\"nofollow noopener\" data-trk=\"{&quot;cta&quot;:{&quot;action&quot;:&quot;https:\\\/\\\/moncompte.actu.fr&quot;,&quot;category&quot;:&quot;mon compte&quot;,&quot;from&quot;:&quot;article footer&quot;,&quot;name&quot;:&quot;Mon actu&quot;,&quot;type&quot;:&quot;cta&quot;}}\" target=\"_blank\">Mon Actu<\/a>.<\/p>\n","protected":false},"excerpt":{"rendered":"Par Paul-Emile Bouchy Publi\u00e9 le 9 sept. 2025 \u00e0 13h02 D\u00e9marr\u00e9s en 2021, les importants travaux men\u00e9s sur&hellip;\n","protected":false},"author":2,"featured_media":377649,"comment_status":"","ping_status":"","sticky":false,"template":"","format":"standard","meta":{"footnotes":""},"categories":[9635],"tags":[1111,11,13404,3542,1777,674,1011,27,775,1702,12,25,104,2086],"class_list":{"0":"post-377648","1":"post","2":"type-post","3":"status-publish","4":"format-standard","5":"has-post-thumbnail","7":"category-nancy","8":"tag-actu","9":"tag-actualites","10":"tag-autoroute-31-a31","11":"tag-circulation","12":"tag-eu","13":"tag-europe","14":"tag-fr","15":"tag-france","16":"tag-grand-est","17":"tag-nancy","18":"tag-news","19":"tag-republique-francaise","20":"tag-societe","21":"tag-travaux"},"share_on_mastodon":{"url":"https:\/\/pubeurope.com\/@fr\/115174225036769576","error":""},"_links":{"self":[{"href":"https:\/\/www.europesays.com\/fr\/wp-json\/wp\/v2\/posts\/377648","targetHints":{"allow":["GET"]}}],"collection":[{"href":"https:\/\/www.europesays.com\/fr\/wp-json\/wp\/v2\/posts"}],"about":[{"href":"https:\/\/www.europesays.com\/fr\/wp-json\/wp\/v2\/types\/post"}],"author":[{"embeddable":true,"href":"https:\/\/www.europesays.com\/fr\/wp-json\/wp\/v2\/users\/2"}],"replies":[{"embeddable":true,"href":"https:\/\/www.europesays.com\/fr\/wp-json\/wp\/v2\/comments?post=377648"}],"version-history":[{"count":0,"href":"https:\/\/www.europesays.com\/fr\/wp-json\/wp\/v2\/posts\/377648\/revisions"}],"wp:featuredmedia":[{"embeddable":true,"href":"https:\/\/www.europesays.com\/fr\/wp-json\/wp\/v2\/media\/377649"}],"wp:attachment":[{"href":"https:\/\/www.europesays.com\/fr\/wp-json\/wp\/v2\/media?parent=377648"}],"wp:term":[{"taxonomy":"category","embeddable":true,"href":"https:\/\/www.europesays.com\/fr\/wp-json\/wp\/v2\/categories?post=377648"},{"taxonomy":"post_tag","embeddable":true,"href":"https:\/\/www.europesays.com\/fr\/wp-json\/wp\/v2\/tags?post=377648"}],"curies":[{"name":"wp","href":"https:\/\/api.w.org\/{rel}","templated":true}]}}