{"id":37766,"date":"2025-04-20T02:26:26","date_gmt":"2025-04-20T02:26:26","guid":{"rendered":"https:\/\/www.europesays.com\/fr\/37766\/"},"modified":"2025-04-20T02:26:26","modified_gmt":"2025-04-20T02:26:26","slug":"strasbourg-un-impressionnant-echafaudage-pour-les-travaux-du-tribunal","status":"publish","type":"post","link":"https:\/\/www.europesays.com\/fr\/37766\/","title":{"rendered":"Strasbourg. Un impressionnant \u00e9chafaudage pour les travaux du tribunal"},"content":{"rendered":"<p>Plus d\u2019un mois apr\u00e8s le d\u00e9but de son montage, l\u2019\u00e9chafaudage qui doit permettre la r\u00e9alisation des travaux de toiture du tribunal judiciaire de Strasbourg est presque termin\u00e9.<\/p>\n<p>La construction m\u00e9tallique recouvre d\u00e9j\u00e0 l\u2019int\u00e9gralit\u00e9 des fa\u00e7ades du b\u00e2timent n\u00e9oclassique, \u00e9rig\u00e9 \u00e0 la toute fin du XIXe \u00a0si\u00e8cle et <a href=\"https:\/\/www.dna.fr\/actualite\/2017\/01\/20\/les-premieres-images-du-nouveau-tribunal-de-grande-instance\" target=\"_blank\" rel=\"nofollow noopener\">r\u00e9habilit\u00e9 en 2017<\/a> , ainsi que les parois vitr\u00e9es du <a href=\"https:\/\/www.dna.fr\/edition-de-strasbourg\/2018\/08\/02\/coup-de-chaud-au-palais\" target=\"_blank\" rel=\"nofollow noopener\">patio<\/a>.\u00a0Pour la compl\u00e9ter, une structure dite \u00ab\u00a0en chapeau\u00a0\u00bb a \u00e9t\u00e9 pr\u00e9par\u00e9e cette semaine sur le parvis, <a href=\"https:\/\/www.dna.fr\/societe\/2022\/05\/30\/devant-le-tribunal-la-place-prend-le-nom-de-l-avocate-et-militante-feministe-gisele-halimi\" target=\"_blank\" rel=\"nofollow noopener\">place Gis\u00e8le-Halimi, <\/a> en vue d\u2019\u00eatre hiss\u00e9e sur le toit du tribunal.<\/p>\n<p>  Au minimum neuf mois de chantier<\/p>\n<p>Le tout devra permettre aux artisans de mener \u00e0 bien <a href=\"https:\/\/www.dna.fr\/economie\/2025\/03\/14\/a-cause-de-fuites-de-lourds-travaux-s-imposent-sur-le-toit-du-tribunal-judiciaire\" target=\"_blank\" rel=\"nofollow noopener\"> la r\u00e9novation de la partie historique du toit<\/a> , \u00e0 l\u2019origine de gros probl\u00e8mes d\u2019infiltrations. Ce chantier, dont le co\u00fbt est estim\u00e9 \u00e0 1,5\u00a0million d\u2019euros, doit durer au minimum neuf mois.<\/p>\n<p>Ces travaux auront des cons\u00e9quences sur l\u2019activit\u00e9 du palais de justice, o\u00f9 travaillent entre 200 et 250 agents \u2013 dont environ 70 magistrats. Pour accueillir une partie des services du parquet, des b\u00e2timents pr\u00e9fabriqu\u00e9s ont \u00e9t\u00e9 juxtapos\u00e9s sur plusieurs centaines de m\u00e8tres carr\u00e9s dans la cour, situ\u00e9e \u00e0 l\u2019arri\u00e8re de l\u2019enceinte judiciaire.<\/p>\n","protected":false},"excerpt":{"rendered":"Plus d\u2019un mois apr\u00e8s le d\u00e9but de son montage, l\u2019\u00e9chafaudage qui doit permettre la r\u00e9alisation des travaux de&hellip;\n","protected":false},"author":2,"featured_media":37767,"comment_status":"","ping_status":"","sticky":false,"template":"","format":"standard","meta":{"footnotes":""},"categories":[2820],"tags":[1111,11,2880,1777,674,107,1011,27,775,12,2661,25,640,2879],"class_list":{"0":"post-37766","1":"post","2":"type-post","3":"status-publish","4":"format-standard","5":"has-post-thumbnail","7":"category-strasbourg","8":"tag-actu","9":"tag-actualites","10":"tag-edition-strasbourg","11":"tag-eu","12":"tag-europe","13":"tag-fil-info","14":"tag-fr","15":"tag-france","16":"tag-grand-est","17":"tag-news","18":"tag-patrimoine-culturel","19":"tag-republique-francaise","20":"tag-strasbourg","21":"tag-strasbourg-ville"},"share_on_mastodon":{"url":"https:\/\/pubeurope.com\/@fr\/114367927629820078","error":""},"_links":{"self":[{"href":"https:\/\/www.europesays.com\/fr\/wp-json\/wp\/v2\/posts\/37766","targetHints":{"allow":["GET"]}}],"collection":[{"href":"https:\/\/www.europesays.com\/fr\/wp-json\/wp\/v2\/posts"}],"about":[{"href":"https:\/\/www.europesays.com\/fr\/wp-json\/wp\/v2\/types\/post"}],"author":[{"embeddable":true,"href":"https:\/\/www.europesays.com\/fr\/wp-json\/wp\/v2\/users\/2"}],"replies":[{"embeddable":true,"href":"https:\/\/www.europesays.com\/fr\/wp-json\/wp\/v2\/comments?post=37766"}],"version-history":[{"count":0,"href":"https:\/\/www.europesays.com\/fr\/wp-json\/wp\/v2\/posts\/37766\/revisions"}],"wp:featuredmedia":[{"embeddable":true,"href":"https:\/\/www.europesays.com\/fr\/wp-json\/wp\/v2\/media\/37767"}],"wp:attachment":[{"href":"https:\/\/www.europesays.com\/fr\/wp-json\/wp\/v2\/media?parent=37766"}],"wp:term":[{"taxonomy":"category","embeddable":true,"href":"https:\/\/www.europesays.com\/fr\/wp-json\/wp\/v2\/categories?post=37766"},{"taxonomy":"post_tag","embeddable":true,"href":"https:\/\/www.europesays.com\/fr\/wp-json\/wp\/v2\/tags?post=37766"}],"curies":[{"name":"wp","href":"https:\/\/api.w.org\/{rel}","templated":true}]}}