{"id":377662,"date":"2025-09-09T12:06:18","date_gmt":"2025-09-09T12:06:18","guid":{"rendered":"https:\/\/www.europesays.com\/fr\/377662\/"},"modified":"2025-09-09T12:06:18","modified_gmt":"2025-09-09T12:06:18","slug":"une-centaine-de-personnes-presentes-a-lhommage-a-lilian-dejean","status":"publish","type":"post","link":"https:\/\/www.europesays.com\/fr\/377662\/","title":{"rendered":"une centaine de personnes pr\u00e9sentes \u00e0 l&rsquo;hommage \u00e0 Lilian Dejean"},"content":{"rendered":"<p>\t\t\t\t\t\t\t\t\t\t\t<img loading=\"lazy\" decoding=\"async\" width=\"1110\" title=\"Grenoble : une centaine de personnes pr\u00e9sentes \u00e0 l'hommage \u00e0 Lilian Dejean\" class=\"img-fluid  mb-3\" src=\"https:\/\/grandgrenoble.alpes1.com\/media\/news\/thumb\/1110x624_grenoble-une-centaine-de-personnes-presentes-a-l-hommage-a-lilian-dejean_68bfc325b188d.webp\" alt=\"Grenoble : une centaine de personnes pr\u00e9sentes \u00e0 l'hommage \u00e0 Lilian Dejean\" itemprop=\"image\" height=\"624\"\/>\t\t\t\t\t\t\t\t\t\t\t\t<\/p>\n<p>Grenoble : une centaine de personnes pr\u00e9sentes \u00e0 l&rsquo;hommage \u00e0 Lilian Dejean &#8211; DR Pr\u00e9fecture de l&rsquo;Is\u00e8re<\/p>\n<p itemprop=\"description\"><strong>Ce lundi, cela faisait un an que Lilian Dejean avait \u00e9t\u00e9 l\u00e2chement tu\u00e9 par balle \u00e0 Grenoble.<\/strong><\/p>\n<p>L&rsquo;agent municipal avait tent\u00e9 d&#8217;emp\u00eacher l&rsquo;auteur d&rsquo;un accident de la circulation de fuir, et avait \u00e9t\u00e9 abattu par ce dernier.<\/p>\n<p>Pour saluer sa m\u00e9moire, un rassemblement \u00e9tait organis\u00e9 \u00e0 l&rsquo;H\u00f4tel de Ville de Grenoble. Une centaine de personnes y ont particip\u00e9.<\/p>\n<p>La L\u00e9gion d&rsquo;honneur a \u00e9t\u00e9 symboliquement remise \u00e0 titre posthume \u00e0 Lilian Dejean, en pr\u00e9sence de ses proches.<\/p>\n<p>Une plaque comm\u00e9morative a \u00e9t\u00e9 install\u00e9e \u00e0 l&rsquo;entr\u00e9e de l&rsquo;H\u00f4tel de Ville par le maire Eric Piolle, tandis qu&rsquo;une fresque r\u00e9alis\u00e9e par l&rsquo;artiste Valoushka verra le jour d&rsquo;ici fin septembre sur la fa\u00e7ade de la d\u00e9chetterie Jacquart, en face du lieu de travail de Lilian Dejean.<\/p>\n<blockquote class=\"twitter-tweet\"><p>&#13;<\/p>\n<p dir=\"ltr\" lang=\"fr\"><a href=\"https:\/\/twitter.com\/hashtag\/Hommage?src=hash&amp;ref_src=twsrc%5Etfw\" target=\"_blank\" rel=\"noopener\">#Hommage<\/a> | Catherine S\u00e9guin, pr\u00e9f\u00e8te de l&rsquo;<a href=\"https:\/\/twitter.com\/hashtag\/Is%C3%A8re?src=hash&amp;ref_src=twsrc%5Etfw\" target=\"_blank\" rel=\"noopener\">#Is\u00e8re<\/a>, a particip\u00e9 \u00e0 l&rsquo;inauguration de la plaque en l&rsquo;honneur de Lilian Dejean, agent municipal de la <a href=\"https:\/\/twitter.com\/VilledeGrenoble?ref_src=twsrc%5Etfw\" target=\"_blank\" rel=\"noopener\">@VilledeGrenoble<\/a> froidement tu\u00e9 par balle il y a un an. <br \/>Elle a \u00e9galement remis la l\u00e9gion d&rsquo;honneur \u00e0 titre posthume \u00e0 sa famille. <a href=\"https:\/\/t.co\/gl8KtTAmec\">pic.twitter.com\/gl8KtTAmec<\/a><\/p>\n<p>&#13;<br \/>\n\u2014 Pr\u00e9f\u00e8te de l&rsquo;Is\u00e8re \ud83c\udde8\ud83c\uddf5\ud83c\uddea\ud83c\uddfa (@Prefet38) <a href=\"https:\/\/twitter.com\/Prefet38\/status\/1965078425678557648?ref_src=twsrc%5Etfw\" target=\"_blank\" rel=\"noopener\">September 8, 2025<\/a><\/p><\/blockquote>\n<p>\t\t\t\t\t\t\t\t\t\t\t\t\t\t\t\t\t\t\t<script async src=\"https:\/\/platform.twitter.com\/widgets.js\" charset=\"utf-8\"><\/script><\/p>\n","protected":false},"excerpt":{"rendered":"Grenoble : une centaine de personnes pr\u00e9sentes \u00e0 l&rsquo;hommage \u00e0 Lilian Dejean &#8211; DR Pr\u00e9fecture de l&rsquo;Is\u00e8re Ce&hellip;\n","protected":false},"author":2,"featured_media":377663,"comment_status":"","ping_status":"","sticky":false,"template":"","format":"standard","meta":{"footnotes":""},"categories":[9566],"tags":[1111,11,7733,8279,2430,7736,650,7734,2889,2263,1777,674,1011,27,2731,8280,6417,1114,108,4662,12,3725,1825,25,7737],"class_list":{"0":"post-377662","1":"post","2":"type-post","3":"status-publish","4":"format-standard","5":"has-post-thumbnail","7":"category-grenoble","8":"tag-actu","9":"tag-actualites","10":"tag-alpes","11":"tag-alpes1","12":"tag-auvergne-rhone-alpes","13":"tag-cds","14":"tag-cinema","15":"tag-ecoute","16":"tag-emission","17":"tag-equipe","18":"tag-eu","19":"tag-europe","20":"tag-fr","21":"tag-france","22":"tag-grenoble","23":"tag-haute","24":"tag-information","25":"tag-infos","26":"tag-isere","27":"tag-journal","28":"tag-news","29":"tag-podcast","30":"tag-radio","31":"tag-republique-francaise","32":"tag-winamp"},"share_on_mastodon":{"url":"https:\/\/pubeurope.com\/@fr\/115174256815132052","error":""},"_links":{"self":[{"href":"https:\/\/www.europesays.com\/fr\/wp-json\/wp\/v2\/posts\/377662","targetHints":{"allow":["GET"]}}],"collection":[{"href":"https:\/\/www.europesays.com\/fr\/wp-json\/wp\/v2\/posts"}],"about":[{"href":"https:\/\/www.europesays.com\/fr\/wp-json\/wp\/v2\/types\/post"}],"author":[{"embeddable":true,"href":"https:\/\/www.europesays.com\/fr\/wp-json\/wp\/v2\/users\/2"}],"replies":[{"embeddable":true,"href":"https:\/\/www.europesays.com\/fr\/wp-json\/wp\/v2\/comments?post=377662"}],"version-history":[{"count":0,"href":"https:\/\/www.europesays.com\/fr\/wp-json\/wp\/v2\/posts\/377662\/revisions"}],"wp:featuredmedia":[{"embeddable":true,"href":"https:\/\/www.europesays.com\/fr\/wp-json\/wp\/v2\/media\/377663"}],"wp:attachment":[{"href":"https:\/\/www.europesays.com\/fr\/wp-json\/wp\/v2\/media?parent=377662"}],"wp:term":[{"taxonomy":"category","embeddable":true,"href":"https:\/\/www.europesays.com\/fr\/wp-json\/wp\/v2\/categories?post=377662"},{"taxonomy":"post_tag","embeddable":true,"href":"https:\/\/www.europesays.com\/fr\/wp-json\/wp\/v2\/tags?post=377662"}],"curies":[{"name":"wp","href":"https:\/\/api.w.org\/{rel}","templated":true}]}}