{"id":377666,"date":"2025-09-09T12:08:29","date_gmt":"2025-09-09T12:08:29","guid":{"rendered":"https:\/\/www.europesays.com\/fr\/377666\/"},"modified":"2025-09-09T12:08:29","modified_gmt":"2025-09-09T12:08:29","slug":"lhermitage-le-poissonnier-est-toujours-present-sur-le-marche","status":"publish","type":"post","link":"https:\/\/www.europesays.com\/fr\/377666\/","title":{"rendered":"L&rsquo;Hermitage. Le poissonnier est toujours pr\u00e9sent sur le march\u00e9"},"content":{"rendered":"<p>Cela n\u2019a pas \u00e9chapp\u00e9 aux habitu\u00e9s. Quelle que soit la m\u00e9t\u00e9o ou la p\u00e9riode de l\u2019ann\u00e9e, le jeudi matin, la poissonnerie est toujours pr\u00e9sente sur la place Saint-Avit. La derni\u00e8re semaine d\u2019ao\u00fbt, il \u00e9tait m\u00eame le seul commer\u00e7ant.<\/p>\n<p>\u00a0Avant, c\u2019\u00e9tait mon p\u00e8re qui venait le jeudi matin. Notre entreprise, Finist\u00e8re mar\u00e9e, bas\u00e9e \u00e0 Mordelles, est pr\u00e9sente ici depuis plus de trente ans. Je viens une semaine sur deux en alternance avec mon employ\u00e9. Nous avons une client\u00e8le r\u00e9guli\u00e8re et fid\u00e8le\u00a0: entre 30 et 40\u00a0personnes chaque jeudi. 80\u00a0% des produits de notre \u00e9tal proviennent du Finist\u00e8re sud.\u00a0<\/p>\n<p>Les autres commer\u00e7ants sont : Maryvonne Esnault, de Montreuil-le-Gast, qui vend de la volaille traditionnelle (canne, pintade, poulet) et du lapin, tous les quinze jours, et Jean-Yves Roump, de Breteil, qui proposedes fruits et l\u00e9gumes bio de saison.<\/p>\n<p>\u00a0<\/p>\n","protected":false},"excerpt":{"rendered":"Cela n\u2019a pas \u00e9chapp\u00e9 aux habitu\u00e9s. Quelle que soit la m\u00e9t\u00e9o ou la p\u00e9riode de l\u2019ann\u00e9e, le jeudi&hellip;\n","protected":false},"author":2,"featured_media":377667,"comment_status":"","ping_status":"","sticky":false,"template":"","format":"standard","meta":{"footnotes":""},"categories":[2821],"tags":[1111,11,829,1777,674,1011,27,1577,12,584,25],"class_list":{"0":"post-377666","1":"post","2":"type-post","3":"status-publish","4":"format-standard","5":"has-post-thumbnail","7":"category-rennes","8":"tag-actu","9":"tag-actualites","10":"tag-bretagne","11":"tag-eu","12":"tag-europe","13":"tag-fr","14":"tag-france","15":"tag-l","16":"tag-news","17":"tag-rennes","18":"tag-republique-francaise"},"share_on_mastodon":{"url":"https:\/\/pubeurope.com\/@fr\/115174264262925735","error":""},"_links":{"self":[{"href":"https:\/\/www.europesays.com\/fr\/wp-json\/wp\/v2\/posts\/377666","targetHints":{"allow":["GET"]}}],"collection":[{"href":"https:\/\/www.europesays.com\/fr\/wp-json\/wp\/v2\/posts"}],"about":[{"href":"https:\/\/www.europesays.com\/fr\/wp-json\/wp\/v2\/types\/post"}],"author":[{"embeddable":true,"href":"https:\/\/www.europesays.com\/fr\/wp-json\/wp\/v2\/users\/2"}],"replies":[{"embeddable":true,"href":"https:\/\/www.europesays.com\/fr\/wp-json\/wp\/v2\/comments?post=377666"}],"version-history":[{"count":0,"href":"https:\/\/www.europesays.com\/fr\/wp-json\/wp\/v2\/posts\/377666\/revisions"}],"wp:featuredmedia":[{"embeddable":true,"href":"https:\/\/www.europesays.com\/fr\/wp-json\/wp\/v2\/media\/377667"}],"wp:attachment":[{"href":"https:\/\/www.europesays.com\/fr\/wp-json\/wp\/v2\/media?parent=377666"}],"wp:term":[{"taxonomy":"category","embeddable":true,"href":"https:\/\/www.europesays.com\/fr\/wp-json\/wp\/v2\/categories?post=377666"},{"taxonomy":"post_tag","embeddable":true,"href":"https:\/\/www.europesays.com\/fr\/wp-json\/wp\/v2\/tags?post=377666"}],"curies":[{"name":"wp","href":"https:\/\/api.w.org\/{rel}","templated":true}]}}