{"id":377668,"date":"2025-09-09T12:09:14","date_gmt":"2025-09-09T12:09:14","guid":{"rendered":"https:\/\/www.europesays.com\/fr\/377668\/"},"modified":"2025-09-09T12:09:14","modified_gmt":"2025-09-09T12:09:14","slug":"on-est-sur-le-pont-depuis-6-h-30-rennes-se-barricade-avant-la-mobilisation-du-10-septembre","status":"publish","type":"post","link":"https:\/\/www.europesays.com\/fr\/377668\/","title":{"rendered":"\u00ab\u00a0On est sur le pont depuis 6\u00a0h\u00a030\u00a0\u00bb\u00a0: Rennes se barricade avant la mobilisation du 10\u00a0septembre"},"content":{"rendered":"<p>\u00ab C\u2019est la guerre \u00bb. La phrase, balanc\u00e9e avec un grand sourire ce mardi 9 septembre par un menuisier affair\u00e9 \u00e0 poser des planches de protection sur la vitrine d\u2019un local commercial de la place de Bretagne, dans le centre de Rennes, est prononc\u00e9e sur le ton de l\u2019humour. Si le centre-ville de Rennes ne se pr\u00e9pare pas \u00e0 la guerre, les enseignes qui y sont install\u00e9es s\u2019attendent tout de m\u00eame \u00e0 une rude journ\u00e9e, mercredi pour la journ\u00e9e de mobilisation du mouvement \u00ab Bloquons tout \u00bb.<\/p>\n<p>Boulevard de la Libert\u00e9, place de Bretagne ou quai Lamennais, l\u00e0 o\u00f9 passent traditionnellement les cort\u00e8ges de manifestants, les artisans multiplient les poses de ces panneaux en bois cens\u00e9s prot\u00e9ger les vitrines. C\u2019est le cas de David Vauclair, g\u00e9rant de la soci\u00e9t\u00e9 AMDV Menuiseries, \u00e0 B\u00e9d\u00e9e. \u00ab On est sur le pont depuis 6 h 30 ce matin pour assurer toutes les commandes. On en a pour la journ\u00e9e. On a d\u00e9cal\u00e9 tous nos plannings pour r\u00e9pondre \u00e0 la demande. \u00bb<\/p>\n<p>\u00ab \u00c7a ne veut pas dire qu\u2019on est contre le mouvement \u00bb<\/p>\n<p>Lors des pr\u00e9c\u00e9dents mouvements sociaux, les assureurs, agences bancaires et immobili\u00e8res ont \u00e9t\u00e9 les plus touch\u00e9es par les d\u00e9gradations. Et prennent d\u00e9sormais les devants en vue de la journ\u00e9e de mobilisation de ce 10 septembre. \u00ab On a d\u00e9j\u00e0 eu notre vitrine bris\u00e9e et on a \u00e9t\u00e9 plusieurs mois dans le noir \u00bb, pointe cette agence bancaire, qui a tenu \u00e0 rester anonyme.<\/p>\n<p>Une autre, quelques centaines de m\u00e8tres plus loin, s\u2019est elle aussi calfeutr\u00e9e : \u00ab On a eu des gros d\u00e9g\u00e2ts pendant les manifestations contre la r\u00e9forme des retraites, donc on est oblig\u00e9 de se prot\u00e9ger. Les banques et assurances sont les plus souvent vis\u00e9es. \u00c7a ne veut pas dire qu\u2019on est contre le mouvement, mais quand on est dans le centre-ville, on sait quel risque on prend et derri\u00e8re, ce sont des gros frais pour nous. \u00bb<\/p>\n<p><img decoding=\"async\" src=\"https:\/\/www.europesays.com\/fr\/wp-content\/uploads\/2025\/09\/68c011ac5c3668d15b0510e6.1.jpeg\" width=\"480\" height=\"300\" class=\"web_golden_m\" loading=\"lazy\" alt=\"L\u2019agence immobili\u00e8re Blot, boulevard de la Libert\u00e9, s\u2019est calfeutr\u00e9e en vue de la mobilisation de ce mercredi.\"\/>L\u2019agence immobili\u00e8re Blot, boulevard de la Libert\u00e9, s\u2019est calfeutr\u00e9e en vue de la mobilisation de ce mercredi. (Photo Le T\u00e9l\u00e9gramme \/ Romain Leroux)\u00ab Notre vitrine a d\u00e9j\u00e0 \u00e9t\u00e9 fracass\u00e9e deux fois \u00bb<\/p>\n<p>Dans le m\u00eame secteur, la g\u00e9rante d\u2019une agence immobili\u00e8re s\u2019est elle aussi prot\u00e9g\u00e9e des potentielles d\u00e9gradations. \u00ab Demain, personne ne viendra \u00e0 l\u2019agence, tout le monde sera en t\u00e9l\u00e9travail car on a peur que \u00e7a d\u00e9g\u00e9n\u00e8re \u00bb. Elle aussi a \u00e9t\u00e9 durement touch\u00e9e ces derni\u00e8res ann\u00e9es. \u00ab Lors de la p\u00e9riode des gilets jaunes, notre vitrine a \u00e9t\u00e9 fracass\u00e9e deux fois. La deuxi\u00e8me fois, ils ont r\u00e9ussi \u00e0 rentrer dans l\u2019agence. Tout notre mobilier et notre mat\u00e9riel informatique ont \u00e9t\u00e9 balanc\u00e9s dans la rue et nos radiateurs ont \u00e9t\u00e9 arrach\u00e9s. \u00bb Et ensuite ? \u00ab On ne sait pas, mais on s\u2019attend \u00e0 rester barricad\u00e9s longtemps \u00bb.<\/p>\n","protected":false},"excerpt":{"rendered":"\u00ab C\u2019est la guerre \u00bb. La phrase, balanc\u00e9e avec un grand sourire ce mardi 9 septembre par un&hellip;\n","protected":false},"author":2,"featured_media":377669,"comment_status":"","ping_status":"","sticky":false,"template":"","format":"standard","meta":{"footnotes":""},"categories":[2821],"tags":[1111,11,829,765,1777,674,1011,27,848,50747,12,584,25],"class_list":{"0":"post-377668","1":"post","2":"type-post","3":"status-publish","4":"format-standard","5":"has-post-thumbnail","7":"category-rennes","8":"tag-actu","9":"tag-actualites","10":"tag-bretagne","11":"tag-en-continu","12":"tag-eu","13":"tag-europe","14":"tag-fr","15":"tag-france","16":"tag-ille-et-vilaine","17":"tag-mobilisation-du-10-septembre-2025","18":"tag-news","19":"tag-rennes","20":"tag-republique-francaise"},"share_on_mastodon":{"url":"https:\/\/pubeurope.com\/@fr\/115174268309290265","error":""},"_links":{"self":[{"href":"https:\/\/www.europesays.com\/fr\/wp-json\/wp\/v2\/posts\/377668","targetHints":{"allow":["GET"]}}],"collection":[{"href":"https:\/\/www.europesays.com\/fr\/wp-json\/wp\/v2\/posts"}],"about":[{"href":"https:\/\/www.europesays.com\/fr\/wp-json\/wp\/v2\/types\/post"}],"author":[{"embeddable":true,"href":"https:\/\/www.europesays.com\/fr\/wp-json\/wp\/v2\/users\/2"}],"replies":[{"embeddable":true,"href":"https:\/\/www.europesays.com\/fr\/wp-json\/wp\/v2\/comments?post=377668"}],"version-history":[{"count":0,"href":"https:\/\/www.europesays.com\/fr\/wp-json\/wp\/v2\/posts\/377668\/revisions"}],"wp:featuredmedia":[{"embeddable":true,"href":"https:\/\/www.europesays.com\/fr\/wp-json\/wp\/v2\/media\/377669"}],"wp:attachment":[{"href":"https:\/\/www.europesays.com\/fr\/wp-json\/wp\/v2\/media?parent=377668"}],"wp:term":[{"taxonomy":"category","embeddable":true,"href":"https:\/\/www.europesays.com\/fr\/wp-json\/wp\/v2\/categories?post=377668"},{"taxonomy":"post_tag","embeddable":true,"href":"https:\/\/www.europesays.com\/fr\/wp-json\/wp\/v2\/tags?post=377668"}],"curies":[{"name":"wp","href":"https:\/\/api.w.org\/{rel}","templated":true}]}}