{"id":377670,"date":"2025-09-09T12:10:11","date_gmt":"2025-09-09T12:10:11","guid":{"rendered":"https:\/\/www.europesays.com\/fr\/377670\/"},"modified":"2025-09-09T12:10:11","modified_gmt":"2025-09-09T12:10:11","slug":"strasbourg-au-port-du-rhin-loeuvre-de-sophia-lang-a-pris-place-sur-la-facade-des-cafes-sati","status":"publish","type":"post","link":"https:\/\/www.europesays.com\/fr\/377670\/","title":{"rendered":"Strasbourg. Au Port du Rhin, l\u2019\u0153uvre de Sophia Lang a pris place sur la fa\u00e7ade des Caf\u00e9s Sati"},"content":{"rendered":"<p>Ce contenu est bloqu\u00e9 car vous n&rsquo;avez pas accept\u00e9 les cookies et autres traceurs.<\/p>\n<p>En cliquant sur \u00ab J\u2019accepte \u00bb, les cookies et autres traceurs seront d\u00e9pos\u00e9s et vous pourrez visualiser les contenus  (<a href=\"\" class=\"consentModule_policy\" target=\"_blank\" title=\"Consulter la politique de protection des donn\u00e9es du fournisseur\">plus d&rsquo;informations<\/a>).<\/p>\n<p>En cliquant sur \u00ab J\u2019accepte tous les cookies \u00bb, vous autorisez des d\u00e9p\u00f4ts de cookies et autres traceurs pour le stockage de vos donn\u00e9es sur nos sites et applications \u00e0 des fins de personnalisation et de ciblage publicitaire.<\/p>\n<p class=\"consentModule_secondaryText\">Vous gardez la possibilit\u00e9 de retirer votre consentement \u00e0 tout moment en consultant notre <a href=\"https:\/\/www.dna.fr\/protection-des-donnees\" target=\"_blank\" title=\"Consulter notre politique de protection des donn\u00e9es\" rel=\"nofollow noopener\">politique de protection des donn\u00e9es<\/a>. <br \/>&#13;<br \/>\n            <a href=\"https:\/\/www.dna.fr\/culture-loisirs\/2025\/09\/09\/javascript:Didomi.notice.show()\" class=\"consentModule_cmp\" rel=\"nofollow noopener\" target=\"_blank\">G\u00e9rer mes choix<\/a>&#13;\n        <\/p>\n<p>&#13;<br \/>\n                        J&rsquo;accepte&#13;<br \/>\n            J&rsquo;accepte tous les cookies&#13;\n        <\/p>\n<p>  \u00ab\u00a0Int\u00e9grer notre b\u00e2timent industriel au paysage\u00a0\u00bb<\/p>\n<p>Le but est de \u00ab\u00a0cr\u00e9er un lien entre la ville, l\u2019industrie et l\u2019art\u00a0\u00bb, explique Nicolas Schul\u00e9, pr\u00e9sident des Caf\u00e9s Sati. Il ajoute\u00a0: \u00ab\u00a0L\u2019objectif est d\u2019int\u00e9grer notre b\u00e2timent industriel au paysage et <a href=\"https:\/\/www.dna.fr\/culture-loisirs\/2023\/09\/22\/elisa-sanchez-laureate-des-talents-sati-2023-avec-l-heure-bleue\" target=\"_blank\" rel=\"nofollow noopener\">de soutenir de jeunes artistes<\/a>.\u00a0\u00bb Un jury ind\u00e9pendant, pr\u00e9sid\u00e9 par In\u00e8s Geoffroy, cheffe de projet des expositions \u00e0 La Villette \u00e0 Paris, s\u00e9lectionne les \u0153uvres propos\u00e9es par des \u00e9tudiants d\u2019\u00e9coles d\u2019art de toute la France et parfois m\u00eame d\u2019Allemagne et de Suisse. Quatre projets sont retenus avant le choix final du laur\u00e9at.<\/p>\n<p>  L\u2019\u0153uvre de Sophia Lang expos\u00e9e pendant un an<\/p>\n<p>En 2025, il s\u2019agit de Sophia Lang, dipl\u00f4m\u00e9e des Arts d\u00e9coratifs de Paris. Ayant grandi pr\u00e8s de Molsheim, elle revient en Alsace pour pr\u00e9senter \u201cBaywatch Breakdown\u201d, une \u0153uvre qui r\u00e9invente la repr\u00e9sentation du corps \u00e0 la plage avec, par exemple, \u00ab\u00a0une Pamela Anderson d\u2019 Alerte \u00e0 Malibu avec 45\u00a0kg en plus\u00a0\u00bb, explique-t-elle. Cette exp\u00e9rience est \u00ab\u00a0tr\u00e8s pr\u00e9cieuse pour une artiste \u00e9mergente, parce qu\u2019on est soutenu en continu et r\u00e9mun\u00e9r\u00e9, ce qui est rare\u00a0\u00bb, conclut la jeune femme.<\/p>\n<p>L\u2019\u0153uvre de Sophia Lang est visible pendant un an avenue du Rhin, surplombant le bassin Vauban, avant qu\u2019une nouvelle cr\u00e9ation ne lui succ\u00e8de en septembre\u00a02026.<\/p>\n","protected":false},"excerpt":{"rendered":"Ce contenu est bloqu\u00e9 car vous n&rsquo;avez pas accept\u00e9 les cookies et autres traceurs. En cliquant sur \u00ab&hellip;\n","protected":false},"author":2,"featured_media":377671,"comment_status":"","ping_status":"","sticky":false,"template":"","format":"standard","meta":{"footnotes":""},"categories":[2820],"tags":[1111,11,1687,33,2880,1777,674,2271,107,1011,27,775,12,25,104,640,2879],"class_list":{"0":"post-377670","1":"post","2":"type-post","3":"status-publish","4":"format-standard","5":"has-post-thumbnail","7":"category-strasbourg","8":"tag-actu","9":"tag-actualites","10":"tag-culture-loisirs","11":"tag-economie","12":"tag-edition-strasbourg","13":"tag-eu","14":"tag-europe","15":"tag-exposition-arts-plastiques","16":"tag-fil-info","17":"tag-fr","18":"tag-france","19":"tag-grand-est","20":"tag-news","21":"tag-republique-francaise","22":"tag-societe","23":"tag-strasbourg","24":"tag-strasbourg-ville"},"share_on_mastodon":{"url":"https:\/\/pubeurope.com\/@fr\/115174272159318744","error":""},"_links":{"self":[{"href":"https:\/\/www.europesays.com\/fr\/wp-json\/wp\/v2\/posts\/377670","targetHints":{"allow":["GET"]}}],"collection":[{"href":"https:\/\/www.europesays.com\/fr\/wp-json\/wp\/v2\/posts"}],"about":[{"href":"https:\/\/www.europesays.com\/fr\/wp-json\/wp\/v2\/types\/post"}],"author":[{"embeddable":true,"href":"https:\/\/www.europesays.com\/fr\/wp-json\/wp\/v2\/users\/2"}],"replies":[{"embeddable":true,"href":"https:\/\/www.europesays.com\/fr\/wp-json\/wp\/v2\/comments?post=377670"}],"version-history":[{"count":0,"href":"https:\/\/www.europesays.com\/fr\/wp-json\/wp\/v2\/posts\/377670\/revisions"}],"wp:featuredmedia":[{"embeddable":true,"href":"https:\/\/www.europesays.com\/fr\/wp-json\/wp\/v2\/media\/377671"}],"wp:attachment":[{"href":"https:\/\/www.europesays.com\/fr\/wp-json\/wp\/v2\/media?parent=377670"}],"wp:term":[{"taxonomy":"category","embeddable":true,"href":"https:\/\/www.europesays.com\/fr\/wp-json\/wp\/v2\/categories?post=377670"},{"taxonomy":"post_tag","embeddable":true,"href":"https:\/\/www.europesays.com\/fr\/wp-json\/wp\/v2\/tags?post=377670"}],"curies":[{"name":"wp","href":"https:\/\/api.w.org\/{rel}","templated":true}]}}