{"id":377676,"date":"2025-09-09T12:13:17","date_gmt":"2025-09-09T12:13:17","guid":{"rendered":"https:\/\/www.europesays.com\/fr\/377676\/"},"modified":"2025-09-09T12:13:17","modified_gmt":"2025-09-09T12:13:17","slug":"morceaux-de-verre-et-de-bois-retrouves-attention-ces-legumes-surgeles-sont-rappeles-dans-toute-la-france","status":"publish","type":"post","link":"https:\/\/www.europesays.com\/fr\/377676\/","title":{"rendered":"Morceaux de verre et de bois retrouv\u00e9s: attention, ces l\u00e9gumes surgel\u00e9s sont rappel\u00e9s dans toute la France"},"content":{"rendered":"<p>Des l\u00e9gumes surgel\u00e9s sont rappel\u00e9s depuis ce vendredi 5 septembre dans les Leclerc de toute la France, selon le site gouvernemental <a href=\"https:\/\/rappel.conso.gouv.fr\/fiche-rappel\/19629\/Interne\" target=\"_blank\" rel=\"noopener\">Rappel Conso.<\/a><\/p>\n<p><strong>Pr\u00e9sence de verre et de bois<\/strong><\/p>\n<p>Un lot de \u00ab\u00a0petits pois et jeunes carottes surgel\u00e9s 1 kg\u00a0\u00bb de la marque \u00ab\u00a0Notre jardin\u00a0\u00bb fait l\u2019objet d\u2019un rappel massif dans l\u2019Hexagone. Le produit a \u00e9t\u00e9 commercialis\u00e9 dans les enseignes E. Leclerc de toute la France<strong> entre 9 mai et le 5 septembre 2025<\/strong>.<\/p>\n<p>Le lot concern\u00e9 contiendrait des corps \u00e9trangers de type verre ou bois. Son <strong>num\u00e9ro est le L5126B1 et son code article international (GTIN) le 3564700005699<\/strong>. Sa date de durabilit\u00e9 minimale est fix\u00e9e au 31 mai 2027.<\/p>\n<p>Rappel Conso pr\u00e9cise que<strong> seuls les produits portant le code additionnel 08 \u00e0 la suite du code-barres sont concern\u00e9s<\/strong> par le rappel.<\/p>\n<p><strong>Ne consommez surtout pas ce produit<\/strong><\/p>\n<p>Si vous avez achet\u00e9 ce lot de l\u00e9gumes surgel\u00e9s, ne le consommez surtout pas. <strong>L\u2019ingestion du produit pourrait provoquer des blessures ou des effets ind\u00e9sirables<\/strong>. Vous pouvez le rapporter en point de vente o\u00f9 un remboursement vous sera effectu\u00e9.<\/p>\n","protected":false},"excerpt":{"rendered":"Des l\u00e9gumes surgel\u00e9s sont rappel\u00e9s depuis ce vendredi 5 septembre dans les Leclerc de toute la France, selon&hellip;\n","protected":false},"author":2,"featured_media":377677,"comment_status":"","ping_status":"","sticky":false,"template":"","format":"standard","meta":{"footnotes":""},"categories":[2819],"tags":[1111,11,2876,1777,674,1011,27,12,2401,882,25],"class_list":{"0":"post-377676","1":"post","2":"type-post","3":"status-publish","4":"format-standard","5":"has-post-thumbnail","7":"category-nice","8":"tag-actu","9":"tag-actualites","10":"tag-conso-shopping","11":"tag-eu","12":"tag-europe","13":"tag-fr","14":"tag-france","15":"tag-news","16":"tag-nice","17":"tag-provence-alpes-cote-dazur","18":"tag-republique-francaise"},"share_on_mastodon":{"url":"https:\/\/pubeurope.com\/@fr\/115174283973704110","error":""},"_links":{"self":[{"href":"https:\/\/www.europesays.com\/fr\/wp-json\/wp\/v2\/posts\/377676","targetHints":{"allow":["GET"]}}],"collection":[{"href":"https:\/\/www.europesays.com\/fr\/wp-json\/wp\/v2\/posts"}],"about":[{"href":"https:\/\/www.europesays.com\/fr\/wp-json\/wp\/v2\/types\/post"}],"author":[{"embeddable":true,"href":"https:\/\/www.europesays.com\/fr\/wp-json\/wp\/v2\/users\/2"}],"replies":[{"embeddable":true,"href":"https:\/\/www.europesays.com\/fr\/wp-json\/wp\/v2\/comments?post=377676"}],"version-history":[{"count":0,"href":"https:\/\/www.europesays.com\/fr\/wp-json\/wp\/v2\/posts\/377676\/revisions"}],"wp:featuredmedia":[{"embeddable":true,"href":"https:\/\/www.europesays.com\/fr\/wp-json\/wp\/v2\/media\/377677"}],"wp:attachment":[{"href":"https:\/\/www.europesays.com\/fr\/wp-json\/wp\/v2\/media?parent=377676"}],"wp:term":[{"taxonomy":"category","embeddable":true,"href":"https:\/\/www.europesays.com\/fr\/wp-json\/wp\/v2\/categories?post=377676"},{"taxonomy":"post_tag","embeddable":true,"href":"https:\/\/www.europesays.com\/fr\/wp-json\/wp\/v2\/tags?post=377676"}],"curies":[{"name":"wp","href":"https:\/\/api.w.org\/{rel}","templated":true}]}}