{"id":377686,"date":"2025-09-09T12:18:12","date_gmt":"2025-09-09T12:18:12","guid":{"rendered":"https:\/\/www.europesays.com\/fr\/377686\/"},"modified":"2025-09-09T12:18:12","modified_gmt":"2025-09-09T12:18:12","slug":"toutes-les-infos-sur-le-retour-de-la-fete-foraine-a-toulouse","status":"publish","type":"post","link":"https:\/\/www.europesays.com\/fr\/377686\/","title":{"rendered":"toutes les infos sur le retour de la f\u00eate foraine \u00e0 Toulouse"},"content":{"rendered":"<p>            Par<br \/>\n        <strong><br \/>\n            <a href=\"https:\/\/actu.fr\/auteur\/lea-afonso\" title=\"Consulter tous les articles de L\u00e9a Afonso\" target=\"_blank\" rel=\"noopener\">L\u00e9a Afonso<\/a><br \/>\n        <\/strong><\/p>\n<p>        Publi\u00e9 le<\/p>\n<p>            9 sept. 2025 \u00e0 13h07        <\/p>\n<p>Une nouvelle qui va ravir les gourmands comme les amateurs de frissons ! La plus c\u00e9l\u00e8bre f\u00eate foraine de <a href=\"https:\/\/actu.fr\/toulouse\/\" target=\"_blank\" rel=\"noopener\">Toulouse<\/a>, la <strong>F\u00eate foraine Saint-Michel<\/strong>, fait son grand retour au MEETT d\u2019Aussonne d\u00e8s ce mois de septembre 2025. Pr\u00e9parez-vous : les man\u00e8ges et les gourmandises vous attendent !<\/p>\n<p>La f\u00eate foraine reprend vie<\/p>\n<p class=\" wall-content\">Churros croustillants ou sensations fortes ? La question va se poser pour des milliers de visiteurs dans les prochaines semaines\u2026 et il n\u2019y aura qu\u2019une r\u00e9ponse possible : profiter des deux !<\/p>\n<p class=\" wall-content\">D\u00e8s le<strong> vendredi 19 septembre \u00e0 16 h 30, et jusqu\u2019au dimanche 12 octobre<\/strong>, le MEETT accueillera \u00e0 nouveau ses attractions incontournables, entre man\u00e8ges \u00e0 couper le souffle et douceurs sucr\u00e9es pour les plus gourmands.<\/p>\n<p>Des nouveaut\u00e9s \u00e0 tester\u00a0<\/p>\n<p class=\" wall-content\">Parmi les man\u00e8ges incontournables, les salles de jeux, les trampolines, les labyrinthes, la p\u00eache aux canards, les man\u00e8ges \u00e0 chevaux, le train fant\u00f4me, le ch\u00e2teau hant\u00e9, les toboggans\u2026 Des nouveaut\u00e9s seront \u00e0 retrouver :<\/p>\n<ul class=\" wall-content\">\n<li>La <strong>Mega King Tower<\/strong> : \u00ab\u00a0une Tour de Chute du constructeur FunTime de 80m, chute \u00e0 100 km\/h en 4 secondes seulement\u00a0\u00bb, indiquent les organisateurs de la f\u00eate sur Facebook<\/li>\n<li><strong>Star Wars<\/strong> : \u00ab\u00a0C\u2019est un Tango de chez KMG qui vous fera tourner dans tous les sens la t\u00eate en bas \u00e0 30m de Haut\u00a0\u00bb<\/li>\n<li><strong> Xxl Apr\u00e8s Ski<\/strong> :\u00a0<\/li>\n<\/ul>\n<p>Vid\u00e9os : en ce moment sur Actu<br \/>\n    <a href=\"https:\/\/www.facebook.com\/plugins\/post.php?href=https%3A%2F%2Fwww.facebook.com%2Fpermalink.php%3Fstory_fbid%3Dpfbid02ssAvk137o2L45K4Kq5UV3JmtpfdMq8XFiGCyYHDbqxRCqVTMuWffCckHjHUxaXNjl%26id%3D100054482019108&amp;show_text=true&amp;width=350\" title=\"Ouvrie le lien\" target=\"_blank\" rel=\"noopener\">Cliquez ici pour visualiser le contenu<\/a><\/p>\n<p>Votre r\u00e9gion, votre actu !<\/p>\n<p>Recevez chaque jour les infos qui comptent pour vous.<\/p>\n<p>\t<a href=\"https:\/\/actu.fr\/newsletter\" class=\"ac-btn ac-btn--corner ac-btn--medium ac-btn--blue800\" target=\"_blank\" rel=\"noopener\">S&rsquo;incrire<\/a><\/p>\n<p>    <a href=\"https:\/\/www.facebook.com\/plugins\/post.php?href=https%3A%2F%2Fwww.facebook.com%2Fpermalink.php%3Fstory_fbid%3Dpfbid0xEMPfnNAYytFq4grRL4RoQ4mrVuEFhsynzqw3jjmMcyhyHM1JV8Erxoq7a1RuRdl%26id%3D100054482019108&amp;show_text=true&amp;width=350\" title=\"Ouvrie le lien\" target=\"_blank\" rel=\"noopener\">Cliquez ici pour visualiser le contenu<\/a><\/p>\n<p>Comment y aller ?\u00a0<\/p>\n<p class=\" wall-content\">Positionn\u00e9e sur le parking P3 du MEETT, il faudra prendre la voiture \u2013 avec deux parkings \u00e0 disposition -, le tramway arr\u00eat MEETT, ou bien la navette pour se rendre \u00e0 la f\u00eate. Voici le plan d\u2019acc\u00e8s :\u00a0<\/p>\n<p>    <a href=\"https:\/\/www.facebook.com\/plugins\/post.php?href=https%3A%2F%2Fwww.facebook.com%2Fpermalink.php%3Fstory_fbid%3Dpfbid02Y9QzdThSyudm8cQ2hcsS3HcjQbga1bQ4E2Cjd5nVFWn5WrJ5x1TKTC3uR2bNpuLSl%26id%3D100054482019108&amp;show_text=true&amp;width=350\" title=\"Ouvrie le lien\" target=\"_blank\" rel=\"noopener\">Cliquez ici pour visualiser le contenu<\/a><\/p>\n<p>Infos pratiques :\u00a0<br \/>Horaires : lundi, mardi, jeudi : 16h30 \u2013 0h ; mercredi : 14h \u2013 0h ; vendredi : 16h30 \u2013 1h ; samedi : 14h \u2013 1h ; dimanche : 14h \u2013 0h<br \/>Adresse : Av. Concorde, 31840 Aussonne<\/p>\n<p class=\" wall-content\">Personnalisez votre actualit\u00e9 en ajoutant vos villes et m\u00e9dias en favori avec <a href=\"https:\/\/moncompte.actu.fr\" title=\"D\u00e9couvez Mon Actu\" rel=\"nofollow noopener\" data-trk=\"{&quot;cta&quot;:{&quot;action&quot;:&quot;https:\\\/\\\/moncompte.actu.fr&quot;,&quot;category&quot;:&quot;mon compte&quot;,&quot;from&quot;:&quot;article footer&quot;,&quot;name&quot;:&quot;Mon actu&quot;,&quot;type&quot;:&quot;cta&quot;}}\" target=\"_blank\">Mon Actu<\/a>.<\/p>\n","protected":false},"excerpt":{"rendered":"Par L\u00e9a Afonso Publi\u00e9 le 9 sept. 2025 \u00e0 13h07 Une nouvelle qui va ravir les gourmands comme&hellip;\n","protected":false},"author":2,"featured_media":377687,"comment_status":"","ping_status":"","sticky":false,"template":"","format":"standard","meta":{"footnotes":""},"categories":[2816],"tags":[1111,11,1777,674,1011,27,1652,12,2680,25,1341,2312],"class_list":{"0":"post-377686","1":"post","2":"type-post","3":"status-publish","4":"format-standard","5":"has-post-thumbnail","7":"category-toulouse","8":"tag-actu","9":"tag-actualites","10":"tag-eu","11":"tag-europe","12":"tag-fr","13":"tag-france","14":"tag-loisirs-culture","15":"tag-news","16":"tag-occitanie","17":"tag-republique-francaise","18":"tag-sortir-a-toulouse","19":"tag-toulouse"},"share_on_mastodon":{"url":"https:\/\/pubeurope.com\/@fr\/115174303625934128","error":""},"_links":{"self":[{"href":"https:\/\/www.europesays.com\/fr\/wp-json\/wp\/v2\/posts\/377686","targetHints":{"allow":["GET"]}}],"collection":[{"href":"https:\/\/www.europesays.com\/fr\/wp-json\/wp\/v2\/posts"}],"about":[{"href":"https:\/\/www.europesays.com\/fr\/wp-json\/wp\/v2\/types\/post"}],"author":[{"embeddable":true,"href":"https:\/\/www.europesays.com\/fr\/wp-json\/wp\/v2\/users\/2"}],"replies":[{"embeddable":true,"href":"https:\/\/www.europesays.com\/fr\/wp-json\/wp\/v2\/comments?post=377686"}],"version-history":[{"count":0,"href":"https:\/\/www.europesays.com\/fr\/wp-json\/wp\/v2\/posts\/377686\/revisions"}],"wp:featuredmedia":[{"embeddable":true,"href":"https:\/\/www.europesays.com\/fr\/wp-json\/wp\/v2\/media\/377687"}],"wp:attachment":[{"href":"https:\/\/www.europesays.com\/fr\/wp-json\/wp\/v2\/media?parent=377686"}],"wp:term":[{"taxonomy":"category","embeddable":true,"href":"https:\/\/www.europesays.com\/fr\/wp-json\/wp\/v2\/categories?post=377686"},{"taxonomy":"post_tag","embeddable":true,"href":"https:\/\/www.europesays.com\/fr\/wp-json\/wp\/v2\/tags?post=377686"}],"curies":[{"name":"wp","href":"https:\/\/api.w.org\/{rel}","templated":true}]}}