{"id":377688,"date":"2025-09-09T12:19:11","date_gmt":"2025-09-09T12:19:11","guid":{"rendered":"https:\/\/www.europesays.com\/fr\/377688\/"},"modified":"2025-09-09T12:19:11","modified_gmt":"2025-09-09T12:19:11","slug":"vol-de-filtres-a-particules-la-ruee-sur-les-metaux-rares-met-les-bus-de-toulouse-a-larret","status":"publish","type":"post","link":"https:\/\/www.europesays.com\/fr\/377688\/","title":{"rendered":"Vol de filtres \u00e0 particules\u00a0: la ru\u00e9e sur les m\u00e9taux rares met les bus de Toulouse \u00e0 l\u2019arr\u00eat"},"content":{"rendered":"<p class=\"paragraph text_align_left lp-f-body-02\">Le trafic restait perturb\u00e9 ce mardi sur les lignes de 45, 63 et 70 du r\u00e9seau de bus toulousain. C\u2019est en effet une tr\u00e8s mauvaise surprise qui attendait la veille les chauffeurs de Tiss\u00e9o au d\u00e9p\u00f4t de bus de l\u2019op\u00e9rateur \u00e0 Colomiers (Haute-Garonne). Pr\u00e8s de quarante bus avaient \u00e9t\u00e9 cibl\u00e9s dans la nuit de dimanche \u00e0 lundi par des voleurs exp\u00e9riment\u00e9s qui ont pill\u00e9 les filtres \u00e0 particules des v\u00e9hicules. Les bus vis\u00e9s ont d\u00fb \u00eatre immobilis\u00e9s lundi, cr\u00e9ant des perturbations durables sur le r\u00e9seau des transports en commun toulousains.<\/p>\n<p class=\"paragraph text_align_left lp-f-body-02\">\u00ab Suite \u00e0 une intrusion dans nos locaux dans la nuit du dimanche 7 au lundi 8 septembre sur le d\u00e9p\u00f4t de Colomiers, on constate une d\u00e9gradation volontaire des \u00e9quipements essentiels au bon fonctionnement des bus, pr\u00e9cise Tiss\u00e9o. Cet acte de d\u00e9gradation volontaire g\u00e9n\u00e8re un pr\u00e9judice pour Tiss\u00e9o estim\u00e9 \u00e0 ce jour \u00e0 pr\u00e8s de 400 000 euros (co\u00fbt de remplacement des composants uniquement, sans le co\u00fbt de la main-d\u2019\u0153uvre et de perte d\u2019exploitation). Nous condamnons fermement cet acte de malveillance. \u00bb<\/p>\n<p>20 \u20ac le gramme pour la platine, 40 \u20ac pour le palladium<\/p>\n<p class=\"paragraph text_align_left lp-f-body-02\">Tiss\u00e9o a port\u00e9 plainte lundi afin que l\u2019enqu\u00eate, confi\u00e9e \u00e0 la police nationale, puisse faire toute la lumi\u00e8re sur cette affaire. Les enqu\u00eateurs pourront s\u2019appuyer sur les images de vid\u00e9osurveillance du site s\u00e9curis\u00e9. Les voleurs se sont focalis\u00e9s sur le filtre \u00e0 particules des bus, pi\u00e8ce importante du syst\u00e8me de d\u00e9pollution, qui contient <a href=\"https:\/\/www.leparisien.fr\/val-d-oise-95\/gonesse-un-voleur-de-pot-catalytique-convoite-pour-ses-metaux-precieux-interpelle-avec-son-materiel-14-12-2022-U4NDSIVW2REYVOOWPD5P2M5IZA.php\" target=\"_self\" rel=\"noopener\">des m\u00e9taux rares comme le platine et le palladium, pris\u00e9s dans les r\u00e9seaux de revente ill\u00e9gaux<\/a>.<\/p>\n<p class=\"paragraph text_align_left lp-f-body-02\">La platine peut atteindre le prix de 20\u20ac le gramme et le palladium les 40\u20ac le gramme. Le calcul est rapide : un seul filtre \u00e0 particules peut rapporter pr\u00e8s de 5 000 euros sur le march\u00e9 noir. Tiss\u00e9o travaille au r\u00e9tablissement progressif de l\u2019ensemble de ses lignes impact\u00e9es d\u2019ici au 11 septembre.<\/p>\n","protected":false},"excerpt":{"rendered":"Le trafic restait perturb\u00e9 ce mardi sur les lignes de 45, 63 et 70 du r\u00e9seau de bus&hellip;\n","protected":false},"author":2,"featured_media":377689,"comment_status":"","ping_status":"","sticky":false,"template":"","format":"standard","meta":{"footnotes":""},"categories":[2816],"tags":[1111,917,11,459,1777,674,118,1011,27,4623,12,2680,25,2312],"class_list":{"0":"post-377688","1":"post","2":"type-post","3":"status-publish","4":"format-standard","5":"has-post-thumbnail","7":"category-toulouse","8":"tag-actu","9":"tag-actu-locale","10":"tag-actualites","11":"tag-departements-horsidfo","12":"tag-eu","13":"tag-europe","14":"tag-faits-divers","15":"tag-fr","16":"tag-france","17":"tag-haute-garonne-31","18":"tag-news","19":"tag-occitanie","20":"tag-republique-francaise","21":"tag-toulouse"},"share_on_mastodon":{"url":"https:\/\/pubeurope.com\/@fr\/115174307420851642","error":""},"_links":{"self":[{"href":"https:\/\/www.europesays.com\/fr\/wp-json\/wp\/v2\/posts\/377688","targetHints":{"allow":["GET"]}}],"collection":[{"href":"https:\/\/www.europesays.com\/fr\/wp-json\/wp\/v2\/posts"}],"about":[{"href":"https:\/\/www.europesays.com\/fr\/wp-json\/wp\/v2\/types\/post"}],"author":[{"embeddable":true,"href":"https:\/\/www.europesays.com\/fr\/wp-json\/wp\/v2\/users\/2"}],"replies":[{"embeddable":true,"href":"https:\/\/www.europesays.com\/fr\/wp-json\/wp\/v2\/comments?post=377688"}],"version-history":[{"count":0,"href":"https:\/\/www.europesays.com\/fr\/wp-json\/wp\/v2\/posts\/377688\/revisions"}],"wp:featuredmedia":[{"embeddable":true,"href":"https:\/\/www.europesays.com\/fr\/wp-json\/wp\/v2\/media\/377689"}],"wp:attachment":[{"href":"https:\/\/www.europesays.com\/fr\/wp-json\/wp\/v2\/media?parent=377688"}],"wp:term":[{"taxonomy":"category","embeddable":true,"href":"https:\/\/www.europesays.com\/fr\/wp-json\/wp\/v2\/categories?post=377688"},{"taxonomy":"post_tag","embeddable":true,"href":"https:\/\/www.europesays.com\/fr\/wp-json\/wp\/v2\/tags?post=377688"}],"curies":[{"name":"wp","href":"https:\/\/api.w.org\/{rel}","templated":true}]}}