{"id":377690,"date":"2025-09-09T12:21:12","date_gmt":"2025-09-09T12:21:12","guid":{"rendered":"https:\/\/www.europesays.com\/fr\/377690\/"},"modified":"2025-09-09T12:21:12","modified_gmt":"2025-09-09T12:21:12","slug":"pour-arnaud-deslandes-la-primaire-socialiste-nest-un-sujet-que-pour-roger-vicot","status":"publish","type":"post","link":"https:\/\/www.europesays.com\/fr\/377690\/","title":{"rendered":"pour Arnaud Deslandes, la primaire socialiste \u00ab n\u2019est un sujet que pour Roger Vicot \u00bb"},"content":{"rendered":"<p>Ils se sont rassembl\u00e9s comme une grande famille un jour de mariage pour franchir l\u2019immense double\u2010porte en bois de l\u2019h\u00f4tel de ville et descendre ensemble l\u2019escalier donnant sur la place Simon\u2010Volant o\u00f9 une poign\u00e9e de photographes attendent les \u00e9lus socialistes. Ce samedi, c\u2019est jour de Braderie \u00e0\u00a0Lille.<\/p>\n<p>Pas n\u2019importe laquelle. La premi\u00e8re pour Arnaud Deslandes comme maire de la ville. Et la derni\u00e8re avant la prochaine \u00e9lection municipale. \u00c0 sa gauche, le d\u00e9put\u00e9 Roger Vicot, autre pr\u00e9tendant \u00e0 l\u2019investiture socialiste, s\u2019avance lui aussi en premi\u00e8re ligne devant le reste des \u00e9lus de la majorit\u00e9. Martine Aubry, dont la succession dans les urnes se jouera dans six mois au cours d\u2019un scrutin \u00e0 l\u2019issue bien incertaine, se pr\u00e9sente juste derri\u00e8re.<br \/>Roger Vicot , le meilleur\u202f? Pas pour Martine Aubry<br \/>C\u2019est une famille politique d\u2019apparence unie qui pose devant les objectifs, en bas de l\u2019escalier, sous un soleil radieux. L\u2019image est forte mais ne r\u00e9siste pas \u00e0 quelques m\u00e8tres de d\u00e9ambulation au milieu des uns et des autres pour deviner les tensions qui traversent encore le camp de la majorit\u00e9 \u00e0 deux mois d\u2019une primaire (le 6 novembre 2025) cens\u00e9e d\u00e9partager les deux postulants pour la t\u00eate de liste socialiste.<\/p>\n<p>Exemple d\u00e8s l\u2019entr\u00e9e du village associatif. Au milieu des bradeux, la voix d\u2019un homme interpelle Olivier Caremelle, maire de la commune associ\u00e9e de Lomme et successeur de Roger Vicot depuis son \u00e9lection \u00e0 l\u2019Assembl\u00e9e nationale, pour lui offrir un plateau aux couleurs de la ville. On se presse autour de lui pour une photo souvenir. Arnaud Deslandes d\u2019un c\u00f4t\u00e9, Roger Vicot de l\u2019autre. Martine Aubry entre\u00a0les\u00a0\u2026<\/p>\n<p>Nous vous offrons l\u2019acc\u00e8s \u00e0 cet article<\/p>\n<p>Et \u00e0 toutes nos enqu\u00eates pendant deux jours\u00a0\u00a0! <br \/>Oui, on est g\u00e9n\u00e9reux \ud83d\ude09 Mais pensez aussi \u00e0 <a href=\"https:\/\/www.mediacites.fr\/sabonner\/\" target=\"_blank\" style=\"color:#fff\" rel=\"nofollow noopener\">vous abonner<\/a>\u00a0\u00a0!<\/p>\n<p>\t\tEn renseignant votre adresse, vous acceptez nos <a href=\"https:\/\/www.mediacites.fr\/conditions-generales-d-utilisation\/\" target=\"_blank\" rel=\"nofollow noopener\">conditions g\u00e9n\u00e9rales d\u2019utilisation<\/a>. <br \/>Mediacit\u00e9s s\u2019engage \u00e0 ne pas c\u00e9der votre adresse \u00e0 des tiers. En cas d\u2019\u00e9chec, \u00e9crivez \u00e0 <a href=\"https:\/\/www.mediacites.fr\/reportage\/lille\/2025\/09\/09\/municipales-a-lille-pour-arnaud-deslandes-la-primaire-socialiste-nest-un-sujet-que-pour-roger-vicot\/mailto:contact@mediacites.fr\" rel=\"nofollow noopener\" target=\"_blank\">contact@mediacites.fr<\/a><\/p>\n<ul>\n<li>J\u2019acc\u00e8de aux 4 \u00e9ditions de Mediacit\u00e9s (Lille, Lyon, Nantes et Toulouse)<\/li>\n<li>Je d\u00e9couvre un m\u00e9dia 100 % ind\u00e9pendant, avec 0 % de publicit\u00e9<\/li>\n<\/ul>\n<p>Envie de lire la\u00a0suite\u202f?<\/p>\n<p class=\"price\">1\u20ac le premier mois<\/p>\n<p class=\"description\">Puis 7,90\u20ac par\u00a0mois<\/p>\n<p><a class=\"button button--green\" href=\"https:\/\/www.mediacites.fr\/sabonner\/?sub=55\" style=\"margin-top:22px;font-size:13px;\" rel=\"nofollow noopener\" target=\"_blank\">Je teste\u202f! <\/a><\/p>\n<ul>\n<li>Acc\u00e8s aux 4 \u00e9ditions de Mediacit\u00e9s (Lille, Lyon, Nantes et Toulouse)<\/li>\n<li>100 % ind\u00e9pendant, avec 0 % de publicit\u00e9<\/li>\n<li>R\u00e9siliation facile \u00e0 tout moment<\/li>\n<\/ul>\n<p>Mediacit\u00e9s offre l\u2019acc\u00e8s \u00e0 cet article aux lecteurs de News2Com<\/p>\n<p>Et \u00e0 toutes nos enqu\u00eates pendant deux jours\u00a0\u00a0! <br \/>Oui, on est g\u00e9n\u00e9reux \ud83d\ude09 Mais pensez aussi \u00e0 <a href=\"https:\/\/www.mediacites.fr\/sabonner\/\" target=\"_blank\" style=\"color:#fff\" rel=\"nofollow noopener\">vous abonner<\/a>\u00a0\u00a0!<\/p>\n<p>\t\tEn renseignant votre adresse, vous acceptez nos <a href=\"https:\/\/www.mediacites.fr\/conditions-generales-d-utilisation\/\" target=\"_blank\" rel=\"nofollow noopener\">conditions g\u00e9n\u00e9rales d\u2019utilisation<\/a>. <br \/>Mediacit\u00e9s s\u2019engage \u00e0 ne pas c\u00e9der votre adresse \u00e0 des tiers. En cas d\u2019\u00e9chec, \u00e9crivez \u00e0 <a href=\"https:\/\/www.mediacites.fr\/reportage\/lille\/2025\/09\/09\/municipales-a-lille-pour-arnaud-deslandes-la-primaire-socialiste-nest-un-sujet-que-pour-roger-vicot\/mailto:contact@mediacites.fr\" rel=\"nofollow noopener\" target=\"_blank\">contact@mediacites.fr<\/a><\/p>\n<ul>\n<li>J\u2019acc\u00e8de aux 4 \u00e9ditions de Mediacit\u00e9s (Lille, Lyon, Nantes et Toulouse)<\/li>\n<li>Je d\u00e9couvre un m\u00e9dia 100 % ind\u00e9pendant, avec 0 % de publicit\u00e9<\/li>\n<\/ul>\n","protected":false},"excerpt":{"rendered":"Ils se sont rassembl\u00e9s comme une grande famille un jour de mariage pour franchir l\u2019immense double\u2010porte en bois&hellip;\n","protected":false},"author":2,"featured_media":377691,"comment_status":"","ping_status":"","sticky":false,"template":"","format":"standard","meta":{"footnotes":""},"categories":[2815],"tags":[1111,11,1777,674,1011,27,811,1307,12,25],"class_list":{"0":"post-377690","1":"post","2":"type-post","3":"status-publish","4":"format-standard","5":"has-post-thumbnail","7":"category-lille","8":"tag-actu","9":"tag-actualites","10":"tag-eu","11":"tag-europe","12":"tag-fr","13":"tag-france","14":"tag-hauts-de-france","15":"tag-lille","16":"tag-news","17":"tag-republique-francaise"},"share_on_mastodon":{"url":"https:\/\/pubeurope.com\/@fr\/115174315369407948","error":""},"_links":{"self":[{"href":"https:\/\/www.europesays.com\/fr\/wp-json\/wp\/v2\/posts\/377690","targetHints":{"allow":["GET"]}}],"collection":[{"href":"https:\/\/www.europesays.com\/fr\/wp-json\/wp\/v2\/posts"}],"about":[{"href":"https:\/\/www.europesays.com\/fr\/wp-json\/wp\/v2\/types\/post"}],"author":[{"embeddable":true,"href":"https:\/\/www.europesays.com\/fr\/wp-json\/wp\/v2\/users\/2"}],"replies":[{"embeddable":true,"href":"https:\/\/www.europesays.com\/fr\/wp-json\/wp\/v2\/comments?post=377690"}],"version-history":[{"count":0,"href":"https:\/\/www.europesays.com\/fr\/wp-json\/wp\/v2\/posts\/377690\/revisions"}],"wp:featuredmedia":[{"embeddable":true,"href":"https:\/\/www.europesays.com\/fr\/wp-json\/wp\/v2\/media\/377691"}],"wp:attachment":[{"href":"https:\/\/www.europesays.com\/fr\/wp-json\/wp\/v2\/media?parent=377690"}],"wp:term":[{"taxonomy":"category","embeddable":true,"href":"https:\/\/www.europesays.com\/fr\/wp-json\/wp\/v2\/categories?post=377690"},{"taxonomy":"post_tag","embeddable":true,"href":"https:\/\/www.europesays.com\/fr\/wp-json\/wp\/v2\/tags?post=377690"}],"curies":[{"name":"wp","href":"https:\/\/api.w.org\/{rel}","templated":true}]}}