{"id":377696,"date":"2025-09-09T12:24:09","date_gmt":"2025-09-09T12:24:09","guid":{"rendered":"https:\/\/www.europesays.com\/fr\/377696\/"},"modified":"2025-09-09T12:24:09","modified_gmt":"2025-09-09T12:24:09","slug":"quelles-sont-les-actions-prevues-a-lyon-et-dans-le-rhone","status":"publish","type":"post","link":"https:\/\/www.europesays.com\/fr\/377696\/","title":{"rendered":"quelles sont les actions pr\u00e9vues \u00e0 Lyon et dans le Rh\u00f4ne?"},"content":{"rendered":"<p>Le mouvement \u00ab\u00a0Bloquons tout\u00a0\u00bb, pr\u00e9vu ce mercredi 10 septembre s\u2019annonce tr\u00e8s actif \u00e0 Lyon et dans plusieurs communes environnantes. De nombreuses actions sont pr\u00e9vues tout au long de la journ\u00e9e, avec en point d\u2019orgue un important rassemblement place Guichard \u00e0 12 heures.<\/p>\n<p>Le mouvement \u00ab\u00a0<a href=\"https:\/\/www.bfmtv.com\/politique\/gouvernement\/mobilisation-bloquons-tout-du-10-septembre-bruno-retailleau-annonce-une-tolerance-zero_AV-202509090564.html\" title=\"Mobilisation &quot;Bloquons tout&quot; du 10 septembre: Bruno Retailleau annonce &quot;une tol\u00e9rance z\u00e9ro&quot;\" class=\"internal_link\" rel=\"nofollow noopener\" target=\"_blank\">Bloquons tout<\/a>\u00ab\u00a0, qui vise \u00e0 paralyser le pays ce mercredi 10 septembre, sera particuli\u00e8rement visible dans le d\u00e9partement du Rh\u00f4ne. Cette \u00ab\u00a0gr\u00e8ve g\u00e9n\u00e9rale\u00a0\u00bb se traduira par des actions dans les rues lyonnaises et dans d&rsquo;autres villes du d\u00e9partement, avec un rassemblement central appel\u00e9 par l\u2019Union locale CGT des 3e et 6e arrondissements \u00e0 12 heures, place Guichard (7e arrondissement de Lyon) .<\/p>\n<p>SI ce rendez-vous est organis\u00e9 par les syndicats, des citoyens s&rsquo;y joindront dans l\u2019id\u00e9e de partir ensuite en manifestation sauvage.<\/p>\n<p>Multiples points de mobilisation<\/p>\n<p>Sur les r\u00e9seaux sociaux, syndicats et autres groupes militants\u2014 comme le compte \u00ab\u00a0Auvergne Rh\u00f4ne-Alpes r\u00e9volt\u00e9e\u00a0\u00bb sur Facebook\u2014 relaient des appels \u00e0 \u201camplifier le mouvement\u201d alors que d\u2019autres lieux de rassemblement sont \u00e9galement programm\u00e9s.<\/p>\n<p>D\u00e8s 6h30, place des Archives municipales de Lyon, une action intitul\u00e9e \u00ab\u00a0code couleur jaune\u00a0\u00bb est pr\u00e9vue. Les participants sont pr\u00e9venus de \u201crepr\u00e9sailles\u201d potentielles, et les consignes pour organiser un blocage \u00e0 proximit\u00e9\u2014 notamment de la gare Part-Dieu ou du centre commercial La Part-Dieu\u2014 seront donn\u00e9es sur place.<\/p>\n<p>\u00c0 9 heures, les regards se tourneront vers la raffinerie de Feyzin, o\u00f9 un premier rassemblement est pr\u00e9vu sur le pont \u00e0 l\u2019entr\u00e9e du site. Un peu plus tard dans la matin\u00e9e, \u00e0 Charpennes (Villeurbanne), l\u2019ambiance se voudra plus festive, avec une kermesse familiale annonc\u00e9e entre 11 et 17 heures. Un autre rassemblement cens\u00e9 \u00eatre familial se tiendra \u00e0 19 heures, place du march\u00e9 des \u00c9tats-Unis dans le 8e arrondissement de Lyon.<\/p>\n<p>Par ailleurs, le rond-point de la Feyssine devrait \u00eatre occup\u00e9 par d&rsquo;ex-gilets jaunes et de nouveaux militants. L&rsquo;horaire de cette action demeure incertain. \u00c0 noter qu&rsquo;aucun rassemblement n&rsquo;est pr\u00e9vu place Bellecour.<\/p>\n<p>Mobilisations aussi dans les \u00e9tablissements scolaires<\/p>\n<p>La mobilisation s\u2019annonce \u00e9galement tr\u00e8s suivie dans les universit\u00e9s et les lyc\u00e9es. D\u00e8s ce mercredi matin, des blocages sont annonc\u00e9s \u00ab\u00a0un peu partout\u00a0\u00bb dans les \u00e9tablissements universitaires, selon une organisation locale propre \u00e0 chaque \u00e9tablissement.<\/p>\n<p>\u00c0 Lyon 2 (campus de Bron), les agents de s\u00e9curit\u00e9 et le personnel d\u2019entretien ont annonc\u00e9 leur intention de se joindre au mouvement, ce qui pourrait entra\u00eener une fermeture du campus, d\u2019apr\u00e8s les \u00e9tudiants.<\/p>\n<p>Dans les lyc\u00e9es aussi, la volont\u00e9 de bloquer est bien pr\u00e9sente. Plusieurs actions sont en pr\u00e9paration, dont dans un lyc\u00e9e myst\u00e8re\u00a0\u00bb situ\u00e9 en centre-ville: un rassemblement y est pr\u00e9vu \u00e0 10 ou 11 heures, avec le nom de l\u2019\u00e9tablissement d\u00e9voil\u00e9 sur les r\u00e9seaux sociaux seulement une heure avant. Des jeunes sont aussi attendus au rassemblement syndical sur la place Guichard.<\/p>\n<p>Pour conclure la journ\u00e9e, une assembl\u00e9e g\u00e9n\u00e9rale se tiendra au quai Victor-Augagneur, dans le quartier de la Guilloti\u00e8re. Son but est de d\u00e9cider des actions \u00e0 mener dans les jours suivants et massifier le mouvement, tout en assurant une forte visibilit\u00e9.<\/p>\n<p>Marianne Rey avec Alexandre Simoes<\/p>\n","protected":false},"excerpt":{"rendered":"Le mouvement \u00ab\u00a0Bloquons tout\u00a0\u00bb, pr\u00e9vu ce mercredi 10 septembre s\u2019annonce tr\u00e8s actif \u00e0 Lyon et dans plusieurs communes&hellip;\n","protected":false},"author":2,"featured_media":371187,"comment_status":"","ping_status":"","sticky":false,"template":"","format":"standard","meta":{"footnotes":""},"categories":[1889],"tags":[1111,11,2430,1777,674,1011,27,2428,12,25],"class_list":{"0":"post-377696","1":"post","2":"type-post","3":"status-publish","4":"format-standard","5":"has-post-thumbnail","7":"category-lyon","8":"tag-actu","9":"tag-actualites","10":"tag-auvergne-rhone-alpes","11":"tag-eu","12":"tag-europe","13":"tag-fr","14":"tag-france","15":"tag-lyon","16":"tag-news","17":"tag-republique-francaise"},"share_on_mastodon":{"url":"https:\/\/pubeurope.com\/@fr\/115174327234947267","error":""},"_links":{"self":[{"href":"https:\/\/www.europesays.com\/fr\/wp-json\/wp\/v2\/posts\/377696","targetHints":{"allow":["GET"]}}],"collection":[{"href":"https:\/\/www.europesays.com\/fr\/wp-json\/wp\/v2\/posts"}],"about":[{"href":"https:\/\/www.europesays.com\/fr\/wp-json\/wp\/v2\/types\/post"}],"author":[{"embeddable":true,"href":"https:\/\/www.europesays.com\/fr\/wp-json\/wp\/v2\/users\/2"}],"replies":[{"embeddable":true,"href":"https:\/\/www.europesays.com\/fr\/wp-json\/wp\/v2\/comments?post=377696"}],"version-history":[{"count":0,"href":"https:\/\/www.europesays.com\/fr\/wp-json\/wp\/v2\/posts\/377696\/revisions"}],"wp:featuredmedia":[{"embeddable":true,"href":"https:\/\/www.europesays.com\/fr\/wp-json\/wp\/v2\/media\/371187"}],"wp:attachment":[{"href":"https:\/\/www.europesays.com\/fr\/wp-json\/wp\/v2\/media?parent=377696"}],"wp:term":[{"taxonomy":"category","embeddable":true,"href":"https:\/\/www.europesays.com\/fr\/wp-json\/wp\/v2\/categories?post=377696"},{"taxonomy":"post_tag","embeddable":true,"href":"https:\/\/www.europesays.com\/fr\/wp-json\/wp\/v2\/tags?post=377696"}],"curies":[{"name":"wp","href":"https:\/\/api.w.org\/{rel}","templated":true}]}}