{"id":377700,"date":"2025-09-09T12:28:12","date_gmt":"2025-09-09T12:28:12","guid":{"rendered":"https:\/\/www.europesays.com\/fr\/377700\/"},"modified":"2025-09-09T12:28:12","modified_gmt":"2025-09-09T12:28:12","slug":"jean-luc-melenchon-accuse-bruno-retailleau-de-chauffer-a-blanc-les-islamophobes-apres-la-decouverte-de-tetes-de-cochon-devant-des-mosquees","status":"publish","type":"post","link":"https:\/\/www.europesays.com\/fr\/377700\/","title":{"rendered":"Jean-Luc M\u00e9lenchon accuse Bruno Retailleau de \u00ab\u00a0chauffer \u00e0 blanc\u00a0\u00bb les islamophobes, apr\u00e8s la d\u00e9couverte de t\u00eates de cochon devant des mosqu\u00e9es"},"content":{"rendered":"\n<p class=\"c-chapo \">\n  Le leader de La France insoumise a d\u00e9nonc\u00e9 des actes \u00ab\u00a0ridicules de b\u00eatise\u00a0\u00bb sur le r\u00e9seau social X.\n<\/p>\n<p>            lire plus tard<\/p>\n<p id=\"dialog__title\" class=\"dialog__title\">Pour sauvegarder cet article, connectez-vous ou cr\u00e9ez un compte franceinfo<\/p>\n<p class=\"dialog__description\">Sans paiement. Sans abonnement.<\/p>\n<p>        Fermer la fen\u00eatre d\u2019activation des notifications France Info<\/p>\n<p>            cr\u00e9er votre compte<\/p>\n<p>            se connecter<\/p>\n<p>        Fermer la fen\u00eatre de pr\u00e9sentation<\/p>\n<p>    <img loading=\"lazy\" decoding=\"async\" class=\"signature__image lazyload\" width=\"100\" height=\"100\" data- alt=\"\" src=\"https:\/\/www.europesays.com\/fr\/wp-content\/uploads\/2025\/05\/64a68815cd1a7_placeholder-36b69ec8.png\"\/><\/p>\n<p>    Publi\u00e9 le 09\/09\/2025 13:46<\/p>\n<p>      Mis \u00e0 jour le 09\/09\/2025 14:01<\/p>\n<p>        Temps de lecture : 1min<\/p>\n<p>    <img decoding=\"async\"  alt=\"Le leader de La France insoumise, Jean-Luc M\u00e9lenchon, le 8 septembre 2025 \u00e0 l'Assembl\u00e9e nationale \u00e0 Paris. (BERTRAND GUAY \/ AFP)\" width=\"432\" height=\"243\" src=\"https:\/\/www.europesays.com\/fr\/wp-content\/uploads\/2025\/09\/000-73rf466-68c010f5e0e13724211910.jpg\" fetchpriority=\"high\"\/><\/p>\n<p>      Le leader de La France insoumise, Jean-Luc M\u00e9lenchon, le 8 septembre 2025 \u00e0 l&rsquo;Assembl\u00e9e nationale \u00e0 Paris. (BERTRAND GUAY \/ AFP)<\/p>\n<p>Jean-Luc M\u00e9lenchon a accus\u00e9 le ministre de l&rsquo;Int\u00e9rieur, Bruno Retailleau, de \u00ab\u00a0chauffer \u00e0 blanc\u00a0\u00bb l&rsquo;islamophobie en France, apr\u00e8s la d\u00e9couverte d&rsquo;au moins <a href=\"https:\/\/www.franceinfo.fr\/france\/ile-de-france\/plusieurs-tetes-de-cochon-decouvertes-devant-des-mosquees-a-paris-et-en-banlieue-bruno-retailleau-denonce-un-acte-d-une-lachete-insondable_7482145.html\" rel=\"nofollow noopener\" target=\"_blank\">neuf t\u00eates de cochon devant des mosqu\u00e9es en Ile-de-France<\/a>.<\/p>\n<p>\u00ab\u00a0L&rsquo;islamophobie se d\u00e9cha\u00eene en France\u00a0\u00bb, a ainsi r\u00e9agi le leader de La France insoumise dans un message publi\u00e9 mardi 9 septembre sur X. \u00ab\u00a0La grossi\u00e8ret\u00e9 imb\u00e9cile de ces actes contre les mosqu\u00e9es souligne la d\u00e9bilit\u00e9 de ses auteurs. L&rsquo;islam n&rsquo;a rien contre les cochons mais n&rsquo;en mange pas. Les islamophobes sont surtout ridicules de b\u00eatise\u00a0\u00bb, \u00e9crit Jean-Luc M\u00e9lenchon. <\/p>\n<p>Quelques heures plus t\u00f4t, plusieurs t\u00eates de cochon avaient \u00e9t\u00e9 d\u00e9couvertes devant plusieurs mosqu\u00e9es de la capitale et de la banlieue parisienne. Le ministre de l&rsquo;Int\u00e9rieur, Bruno Retailleau, a lui critiqu\u00e9 des actes \u00ab\u00a0d&rsquo;une l\u00e2chet\u00e9 insondable\u00a0\u00bb, tout en apportant son soutien \u00ab\u00a0aux responsables et aux fid\u00e8les des mosqu\u00e9es touch\u00e9es par ces provocations insupportables\u00a0\u00bb.<\/p>\n","protected":false},"excerpt":{"rendered":"Le leader de La France insoumise a d\u00e9nonc\u00e9 des actes \u00ab\u00a0ridicules de b\u00eatise\u00a0\u00bb sur le r\u00e9seau social X.&hellip;\n","protected":false},"author":2,"featured_media":377701,"comment_status":"","ping_status":"","sticky":false,"template":"","format":"standard","meta":{"footnotes":""},"categories":[1888],"tags":[1111,1928,11,1927,1777,674,1011,27,12,1926,626,1925,25],"class_list":{"0":"post-377700","1":"post","2":"type-post","3":"status-publish","4":"format-standard","5":"has-post-thumbnail","7":"category-paris","8":"tag-actu","9":"tag-actu-paris","10":"tag-actualites","11":"tag-actualites-paris","12":"tag-eu","13":"tag-europe","14":"tag-fr","15":"tag-france","16":"tag-news","17":"tag-news-paris","18":"tag-paris","19":"tag-paris-news","20":"tag-republique-francaise"},"share_on_mastodon":{"url":"https:\/\/pubeurope.com\/@fr\/115174343390132003","error":""},"_links":{"self":[{"href":"https:\/\/www.europesays.com\/fr\/wp-json\/wp\/v2\/posts\/377700","targetHints":{"allow":["GET"]}}],"collection":[{"href":"https:\/\/www.europesays.com\/fr\/wp-json\/wp\/v2\/posts"}],"about":[{"href":"https:\/\/www.europesays.com\/fr\/wp-json\/wp\/v2\/types\/post"}],"author":[{"embeddable":true,"href":"https:\/\/www.europesays.com\/fr\/wp-json\/wp\/v2\/users\/2"}],"replies":[{"embeddable":true,"href":"https:\/\/www.europesays.com\/fr\/wp-json\/wp\/v2\/comments?post=377700"}],"version-history":[{"count":0,"href":"https:\/\/www.europesays.com\/fr\/wp-json\/wp\/v2\/posts\/377700\/revisions"}],"wp:featuredmedia":[{"embeddable":true,"href":"https:\/\/www.europesays.com\/fr\/wp-json\/wp\/v2\/media\/377701"}],"wp:attachment":[{"href":"https:\/\/www.europesays.com\/fr\/wp-json\/wp\/v2\/media?parent=377700"}],"wp:term":[{"taxonomy":"category","embeddable":true,"href":"https:\/\/www.europesays.com\/fr\/wp-json\/wp\/v2\/categories?post=377700"},{"taxonomy":"post_tag","embeddable":true,"href":"https:\/\/www.europesays.com\/fr\/wp-json\/wp\/v2\/tags?post=377700"}],"curies":[{"name":"wp","href":"https:\/\/api.w.org\/{rel}","templated":true}]}}