{"id":377704,"date":"2025-09-09T12:30:17","date_gmt":"2025-09-09T12:30:17","guid":{"rendered":"https:\/\/www.europesays.com\/fr\/377704\/"},"modified":"2025-09-09T12:30:17","modified_gmt":"2025-09-09T12:30:17","slug":"restoration-hardware-fait-peau-neuve-avec-un-nouvel-espace-sur-les-champs-elysees-2","status":"publish","type":"post","link":"https:\/\/www.europesays.com\/fr\/377704\/","title":{"rendered":"Restoration Hardware fait peau neuve avec un nouvel espace sur les Champs-\u00c9lys\u00e9es"},"content":{"rendered":"<p>\n                                        <b>Traduit par<\/b><br \/>\n                                        <br \/>Cl\u00e9mentine Martin\n                                    <\/p>\n<p>\n                                    <b>Publi\u00e9 le<\/b><br \/>\n                                    <\/p>\n<p>                                        9 septembre 2025<\/p>\n<p class=\"article-content col-md-8 offset-md-1\">\n                                Restoration Hardware (RH) se r\u00e9invente une fois de plus. Le sp\u00e9cialiste de l\u2019ameublement s\u2019est install\u00e9 sur les Champs-\u00c9lys\u00e9es avec son nouveau projet RH Paris.<\/p>\n<p><img decoding=\"async\" class=\"news-image\" style=\"width:100%;max-width:646px;\" src=\"https:\/\/www.europesays.com\/fr\/wp-content\/uploads\/2025\/09\/9cd9.jpg\" alt=\"Gary Friedman, le directeur g\u00e9n\u00e9ral de RH, en compagnie de Catherine Deneuve, Theo James et Zo\u00eb Salda\u00f1a\" loading=\"lazy\"\/>Gary Friedman, le directeur g\u00e9n\u00e9ral de RH, en compagnie de Catherine Deneuve, Theo James et Zo\u00eb Salda\u00f1a &#8211; Photo Credit: Getty, Darren Gerrish<\/p>\n<p class=\"col-md-8 offset-md-1 article-content--texte\">Tout le gotha parisien est venu assister \u00e0 l\u2019inauguration de RH Paris \u00e0 La Galerie des Champs-\u00c9lys\u00e9es, un espace qui compte trois restaurants, un bar \u00e0 cocktails et un \u00e9l\u00e9gant jardin secret.<\/p>\n<p>La marque Restoration Hardware est n\u00e9e en 1979 en Californie. Son fondateur, Stephen Gordon, avait du mal \u00e0 trouver des accessoires de qualit\u00e9 pour restaurer sa maison victorienne. Rebaptis\u00e9e RH, elle est devenue la premi\u00e8re cha\u00eene am\u00e9ricaine d&rsquo;ameublement haut de gamme et fournit notamment des galeries, des maisons d&rsquo;h\u00f4tes et des salles d&rsquo;exposition.<\/p>\n<p class=\"col-md-8 offset-md-1 article-content--texte\">La RH Guesthouse de la marque, situ\u00e9e dans le Meatpacking District de Manhattan, est devenue l&rsquo;un des lieux les plus pris\u00e9s des maisons en vogue pendant la Fashion Week de New York. Une destin\u00e9e similaire attend probablement RH Paris, compte tenu de son emplacement de choix: au num\u00e9ro 23 de l\u2019avenue des Champs-\u00c9lys\u00e9es, juste \u00e0 l&rsquo;angle de l&rsquo;avenue <a class=\"fnwAddLinks\" href=\"https:\/\/ma.fashionnetwork.com\/tags-montaigne\" title=\"Montaigne\" target=\"_blank\" rel=\"noopener\">Montaigne<\/a>, la Mecque de l\u2019ultra-luxe dans la capitale fran\u00e7aise.<\/p>\n<p><img decoding=\"async\" class=\"news-image\" style=\"width:100%;max-width:643px;\" src=\"https:\/\/www.europesays.com\/fr\/wp-content\/uploads\/2025\/09\/d571.jpg\" alt=\"Godfrey Deeny (au centre), r\u00e9dacteur en chef international de Fashion Network, lors de l'inauguration de RH Paris \u00e0 la Galerie des Champs-\u00c9lys\u00e9es\" loading=\"lazy\"\/>Godfrey Deeny (au centre), r\u00e9dacteur en chef international de Fashion Network, lors de l&rsquo;inauguration de RH Paris \u00e0 la Galerie des Champs-\u00c9lys\u00e9es &#8211; Photo Credit: BFA, Pierrick Rocher<\/p>\n<p class=\"col-md-8 offset-md-1 article-content--texte\">Cet espace, qui abritait auparavant un immense flagship d&rsquo;<a class=\"fnwAddLinks\" href=\"https:\/\/ma.fashionnetwork.com\/tags-abercrombie---fitch\" title=\"Abercrombie &amp; Fitch\" target=\"_blank\" rel=\"noopener\">Abercrombie &amp; Fitch<\/a>, est rest\u00e9 inoccup\u00e9 pendant cinq ans jusqu&rsquo;\u00e0 ce que RH d\u00e9cide d\u2019en faire un espace commercial immersif et une vitrine haut de gamme.<\/p>\n<p>Une douzaine de violonistes d\u00e9guis\u00e9es en d\u00e9esses grecques donnaient la s\u00e9r\u00e9nade aux invit\u00e9s, parmi lesquels se trouvaient Zo\u00eb Salda\u00f1a, <a class=\"fnwAddLinks\" href=\"https:\/\/ma.fashionnetwork.com\/tags-catherine-deneuve\" title=\"Catherine Deneuve\" target=\"_blank\" rel=\"noopener\">Catherine Deneuve<\/a>, Theo James, Ellen DeGeneres et Portia de Rossi, accueillis par Gary Friedman, le directeur g\u00e9n\u00e9ral de RH.<\/p>\n<p>Les r\u00e9dacteurs en chef, les influenceurs et les designers qui avaient fait le d\u00e9placement ont pu d\u00e9guster des sushis et des p\u00e2tisseries de Cyril Lignac, du caviar de Petrossian, des cocktails du l\u00e9gendaire barman Colin Field et des martinis Vesper d&rsquo;Alessandro Palazzi du Duke&rsquo;s Bar de Londres, le tout accompagn\u00e9 d\u2019un set de la DJ Milana devant pr\u00e8s de 1.000 invit\u00e9s parcourant les sept \u00e9tages du b\u00e2timent.<\/p>\n<p><img decoding=\"async\" class=\"news-image\" style=\"width:100%;\" src=\"https:\/\/www.europesays.com\/fr\/wp-content\/uploads\/2025\/09\/d2d7.jpg\" alt=\"Le c\u00e9l\u00e8bre barman Colin Field derri\u00e8re le bar de RH Paris, pr\u00e9parant des cocktails signature lors de l\u2019inauguration\" loading=\"lazy\"\/>Le c\u00e9l\u00e8bre barman Colin Field derri\u00e8re le bar de RH Paris, pr\u00e9parant des cocktails signature lors de l\u2019inauguration &#8211; Photo Credit: BFA, Astra Marina<\/p>\n<p class=\"col-md-8 offset-md-1 article-content--texte\">Les clients se pressaient autrefois pour trouver des montants et des poign\u00e9es de porte antiques chez Restoration Hardware. Mais RH Paris propose une biblioth\u00e8que d&rsquo;architecture et de design, avec des livres rares des ma\u00eetres fondateurs, comme Vitruve, De Vinci, Palladio, De L&rsquo;Orme, Blondel et Haussmann.<\/p>\n<p>Au centre de la biblioth\u00e8que se trouve l&rsquo;une des premi\u00e8res impressions modernes, vers 1521, du \u00ab\u00a0De Architectura\u00a0\u00bb, \u00e9galement connu sous le nom des \u00ab\u00a0Dix livres sur l&rsquo;architecture\u00a0\u00bb, de l&rsquo;architecte du premier si\u00e8cle avant J.-C. Marcus Vitruve. Au centre de l&rsquo;atrium, les curieux peuvent admirer \u00e9galement une cariatide en bronze coul\u00e9, datant de 1870, attribu\u00e9e au sculpteur fran\u00e7ais Louis-F\u00e9lix Chabaud, c\u00e9l\u00e8bre pour ses sculptures au Louvre et \u00e0 l&rsquo;op\u00e9ra du Palais <a class=\"fnwAddLinks\" href=\"https:\/\/ma.fashionnetwork.com\/tags-garnier\" title=\"Garnier\" target=\"_blank\" rel=\"noopener\">Garnier<\/a>.<\/p>\n<p>Mais la gastronomie est ce qui distingue vraiment l\u2019exp\u00e9rience: le menu m\u00eale des classiques am\u00e9ricains et m\u00e9diterran\u00e9ens sous une spectaculaire structure incurv\u00e9e de verre et d&rsquo;acier dans Le Jardin RH.<\/p>\n<p>Pour les petits creux, Le Petit RH est un \u00e9crin dont le plafond est orn\u00e9 de plus de 7.000 poly\u00e8dres de verre souffl\u00e9s \u00e0 la main. Les \u00e2mes romantiques, quant \u00e0 elles, pourront profiter d&rsquo;une vue imprenable sur la tour Eiffel et le Grand Palais depuis le toit-terrasse du jardin.<\/p>\n<p>Et il est \u00e9galement possible de prendre un verre au World of RH Bar &amp; Lounge, dont la carte des boissons est \u00e9labor\u00e9e par le c\u00e9l\u00e8bre barman Colin Field.<\/p>\n<p>Les consommateurs fran\u00e7ais tomberont-ils amoureux de l&rsquo;esth\u00e9tique de RH Paris, faite de briques et d&rsquo;acier, de fauteuils club et de peintures \u00e0 l&rsquo;huile sombres? Cela reste \u00e0 voir. Mais il faut saluer l\u2019audace et l\u2019assurance de RH et de son directeur g\u00e9n\u00e9ral Gary Friedman, aid\u00e9s en cela par un chiffre d&rsquo;affaires substantiel de 3,18 milliards de dollars (2,7 milliards d&rsquo;euros) en 2024.\n                            <\/p>\n<p>\n                                Cet article est une traduction automatique.<br \/>\n                                    <a href=\"https:\/\/ww.fashionnetwork.com\/news\/Rh-reinvents-itself-on-champs-elysees-with-the-latest-rh-paris,1761832.html\" target=\"_blank\" rel=\"noopener\">Cliquez ici<\/a> pour consulter l&rsquo;article d&rsquo;origine.\n                            <\/p>\n<p>\n                                Tous droits de reproduction et de repr\u00e9sentation r\u00e9serv\u00e9s.<br \/>\u00a9 2025 FashionNetwork.com\n                            <\/p>\n","protected":false},"excerpt":{"rendered":"Traduit par Cl\u00e9mentine Martin Publi\u00e9 le 9 septembre 2025 Restoration Hardware (RH) se r\u00e9invente une fois de plus.&hellip;\n","protected":false},"author":2,"featured_media":377582,"comment_status":"","ping_status":"","sticky":false,"template":"","format":"standard","meta":{"footnotes":""},"categories":[1888],"tags":[51126,11,2424,17599,537,2423,1777,674,1011,27,34022,51127,2425,985,24261,12,2298,626,2426,2427,25,2421,2422],"class_list":{"0":"post-377704","1":"post","2":"type-post","3":"status-publish","4":"format-standard","5":"has-post-thumbnail","7":"category-paris","8":"tag-abercrombie-fitch","9":"tag-actualites","10":"tag-beaute","11":"tag-catherine-deneuve","12":"tag-contact","13":"tag-cosmetiques","14":"tag-eu","15":"tag-europe","16":"tag-fr","17":"tag-france","18":"tag-garnier","19":"tag-godfrey-deeny","20":"tag-luxe","21":"tag-mode","22":"tag-montaigne","23":"tag-news","24":"tag-parfum","25":"tag-paris","26":"tag-professionnel","27":"tag-professionnels","28":"tag-republique-francaise","29":"tag-reseau","30":"tag-textile"},"share_on_mastodon":{"url":"https:\/\/pubeurope.com\/@fr\/115174351085484588","error":""},"_links":{"self":[{"href":"https:\/\/www.europesays.com\/fr\/wp-json\/wp\/v2\/posts\/377704","targetHints":{"allow":["GET"]}}],"collection":[{"href":"https:\/\/www.europesays.com\/fr\/wp-json\/wp\/v2\/posts"}],"about":[{"href":"https:\/\/www.europesays.com\/fr\/wp-json\/wp\/v2\/types\/post"}],"author":[{"embeddable":true,"href":"https:\/\/www.europesays.com\/fr\/wp-json\/wp\/v2\/users\/2"}],"replies":[{"embeddable":true,"href":"https:\/\/www.europesays.com\/fr\/wp-json\/wp\/v2\/comments?post=377704"}],"version-history":[{"count":0,"href":"https:\/\/www.europesays.com\/fr\/wp-json\/wp\/v2\/posts\/377704\/revisions"}],"wp:featuredmedia":[{"embeddable":true,"href":"https:\/\/www.europesays.com\/fr\/wp-json\/wp\/v2\/media\/377582"}],"wp:attachment":[{"href":"https:\/\/www.europesays.com\/fr\/wp-json\/wp\/v2\/media?parent=377704"}],"wp:term":[{"taxonomy":"category","embeddable":true,"href":"https:\/\/www.europesays.com\/fr\/wp-json\/wp\/v2\/categories?post=377704"},{"taxonomy":"post_tag","embeddable":true,"href":"https:\/\/www.europesays.com\/fr\/wp-json\/wp\/v2\/tags?post=377704"}],"curies":[{"name":"wp","href":"https:\/\/api.w.org\/{rel}","templated":true}]}}