{"id":377711,"date":"2025-09-09T12:34:11","date_gmt":"2025-09-09T12:34:11","guid":{"rendered":"https:\/\/www.europesays.com\/fr\/377711\/"},"modified":"2025-09-09T12:34:11","modified_gmt":"2025-09-09T12:34:11","slug":"larrestation-de-300-travailleurs-sud-coreens-aux-etats-unis-provoque-un-gros-coup-de-froid-entre-washington-et-seoul-liberation","status":"publish","type":"post","link":"https:\/\/www.europesays.com\/fr\/377711\/","title":{"rendered":"L\u2019arrestation de 300 travailleurs sud-cor\u00e9ens aux Etats-Unis provoque un gros coup de froid entre Washington et S\u00e9oul \u2013 Lib\u00e9ration"},"content":{"rendered":"<p class=\"sc-cPiKLX AiZTS text-element\">Des travailleurs encha\u00een\u00e9s, menottes aux mains et aux pieds, arr\u00eat\u00e9s par des policiers en gilets pare-balles\u2026 Les images du coup de filet des autorit\u00e9s am\u00e9ricaines le 5 septembre dans l\u2019usine de batteries \u00e9lectriques d\u2019Ellabel, en G\u00e9orgie, tournent en boucle depuis cinq jours dans les m\u00e9dias sud-cor\u00e9ens. Soup\u00e7onn\u00e9es par l\u2019ICE, la police de l\u2019immigration, de travailler ill\u00e9galement aux Etats-Unis et d\u2019enfreindre les conditions de s\u00e9jour stipul\u00e9es par leurs visas, 475 personnes ont \u00e9t\u00e9 plac\u00e9es en d\u00e9tention, dont environ 300 ressortissants sud-cor\u00e9ens. Une d\u00e9monstration de force de la part de <a href=\"https:\/\/www.liberation.fr\/idees-et-debats\/tribunes\/linhumanite-de-la-politique-migratoire-de-trump-20250902_VV3FYVTNBNGHZGWHOQC6N5OLJM\/\" target=\"_blank\" rel=\"noreferrer nofollow noopener\" title=\"https:\/\/www.liberation.fr\/idees-et-debats\/tribunes\/linhumanite-de-la-politique-migratoire-de-trump-20250902_VV3FYVTNBNGHZGWHOQC6N5OLJM\/\">l\u2019administration Trump<\/a>, en contradiction directe avec sa volont\u00e9 affich\u00e9e d\u2019encourager les investissements \u00e9trangers sur le sol am\u00e9ricain. L\u2019usine o\u00f9 le coup de filet a eu lieu est cod\u00e9tenue par les cor\u00e9ens Hyundai Motor et LG Energy Solution et doit permettre de cr\u00e9er 8 500 emplois. Les travailleurs arr\u00eat\u00e9s ne disposaient probablement pas d\u2019un visa les autorisant \u00e0 effectuer des travaux de construction. <\/p>\n<p class=\"sc-cPiKLX AiZTS text-element\">Vue de Washington, l\u2019op\u00e9ration de police ressemble \u00e0 une \u00e9ni\u00e8me application, d\u2019une ampleur certes in\u00e9dite, de la <a href=\"https:\/\/www.liberation.fr\/international\/ameriq &lt;div style=\" clear:=\"\" both=\"\" rel=\"nofollow noopener\" target=\"_blank\"><\/p>\n","protected":false},"excerpt":{"rendered":"Des travailleurs encha\u00een\u00e9s, menottes aux mains et aux pieds, arr\u00eat\u00e9s par des policiers en gilets pare-balles\u2026 Les images&hellip;\n","protected":false},"author":2,"featured_media":377712,"comment_status":"","ping_status":"","sticky":false,"template":"","format":"standard","meta":{"footnotes":""},"categories":[1589],"tags":[11,5640,75,73,1866,1061,12,1864,1865,1863,308],"class_list":{"0":"post-377711","1":"post","2":"type-post","3":"status-publish","4":"format-standard","5":"has-post-thumbnail","7":"category-etats-unis","8":"tag-actualites","9":"tag-coree-du-sud","10":"tag-donald-trump","11":"tag-etats-unis","12":"tag-etats-unis-damerique","13":"tag-immigration","14":"tag-news","15":"tag-united-states","16":"tag-united-states-of-america","17":"tag-us","18":"tag-usa"},"share_on_mastodon":{"url":"https:\/\/pubeurope.com\/@fr\/115174366797010672","error":""},"_links":{"self":[{"href":"https:\/\/www.europesays.com\/fr\/wp-json\/wp\/v2\/posts\/377711","targetHints":{"allow":["GET"]}}],"collection":[{"href":"https:\/\/www.europesays.com\/fr\/wp-json\/wp\/v2\/posts"}],"about":[{"href":"https:\/\/www.europesays.com\/fr\/wp-json\/wp\/v2\/types\/post"}],"author":[{"embeddable":true,"href":"https:\/\/www.europesays.com\/fr\/wp-json\/wp\/v2\/users\/2"}],"replies":[{"embeddable":true,"href":"https:\/\/www.europesays.com\/fr\/wp-json\/wp\/v2\/comments?post=377711"}],"version-history":[{"count":0,"href":"https:\/\/www.europesays.com\/fr\/wp-json\/wp\/v2\/posts\/377711\/revisions"}],"wp:featuredmedia":[{"embeddable":true,"href":"https:\/\/www.europesays.com\/fr\/wp-json\/wp\/v2\/media\/377712"}],"wp:attachment":[{"href":"https:\/\/www.europesays.com\/fr\/wp-json\/wp\/v2\/media?parent=377711"}],"wp:term":[{"taxonomy":"category","embeddable":true,"href":"https:\/\/www.europesays.com\/fr\/wp-json\/wp\/v2\/categories?post=377711"},{"taxonomy":"post_tag","embeddable":true,"href":"https:\/\/www.europesays.com\/fr\/wp-json\/wp\/v2\/tags?post=377711"}],"curies":[{"name":"wp","href":"https:\/\/api.w.org\/{rel}","templated":true}]}}