{"id":377716,"date":"2025-09-09T12:37:12","date_gmt":"2025-09-09T12:37:12","guid":{"rendered":"https:\/\/www.europesays.com\/fr\/377716\/"},"modified":"2025-09-09T12:37:12","modified_gmt":"2025-09-09T12:37:12","slug":"frederic-oudea-de-societe-generale-a-la-tete-de-revolut-europe-ouest","status":"publish","type":"post","link":"https:\/\/www.europesays.com\/fr\/377716\/","title":{"rendered":"Fr\u00e9d\u00e9ric Oud\u00e9a : de Soci\u00e9t\u00e9 G\u00e9n\u00e9rale \u00e0 la t\u00eate de Revolut Europe Ouest"},"content":{"rendered":"<p><img loading=\"lazy\" decoding=\"async\" alt=\"\u00a9 DR - Apr\u00e8s quinze ans de crises \u00e0 la t\u00eate de Soci\u00e9t\u00e9 G\u00e9n\u00e9rale, Fr\u00e9d\u00e9ric Oud\u00e9a rejoint Revolut pour piloter l\u2019Europe de l\u2019Ouest et accompagner l\u2019ambition de la fintech.\" data-zoom-src=\"https:\/\/www.europesays.com\/fr\/wp-content\/uploads\/2025\/09\/initial-frederic-oudea.jpg\" data-zoomable=\"\" height=\"702\" src=\"https:\/\/www.europesays.com\/fr\/wp-content\/uploads\/2025\/09\/initial-frederic-oudea.jpg\" width=\"1248\"\/>  <\/p>\n<p class=\"article-desc\">\u00a9 DR &#8211; Apr\u00e8s quinze ans de crises \u00e0 la t\u00eate de Soci\u00e9t\u00e9 G\u00e9n\u00e9rale, Fr\u00e9d\u00e9ric Oud\u00e9a rejoint Revolut pour piloter l\u2019Europe de l\u2019Ouest et accompagner l\u2019ambition de la fintech. <\/p>\n<p>De l\u2019affaire <strong>Kerviel<\/strong> \u00e0 la cession expresse de <strong>Rosbank<\/strong> en pleine guerre en Ukraine, <strong>Fr\u00e9d\u00e9ric Oud\u00e9a<\/strong> a incarn\u00e9 pendant quinze ans la r\u00e9silience de Soci\u00e9t\u00e9 G\u00e9n\u00e9rale. Arriv\u00e9 \u00e0 sa t\u00eate en 2008, au moment o\u00f9 la banque r\u00e9v\u00e9lait une perte colossale de 4,9 milliards d\u2019euros li\u00e9e aux agissements du trader <a href=\"https:\/\/mesinfos.fr\/ile-de-france\/condamnation-penale-confirmee-pour-jerome-kerviel-mais-cassation-sur-le-volet-civil-22686.html\" rel=\"noopener nofollow\" target=\"_blank\">J\u00e9r\u00f4me Kerviel<\/a>, l\u2019ancien directeur financier a d\u00fb naviguer de crise en crise. Manipulation du taux Libor, mise en cause dans les <strong>Panama Papers<\/strong>, temp\u00eate de la crise de la zone euro, puis choc du Covid-19 : autant d\u2019\u00e9pisodes qui ont forg\u00e9 sa r\u00e9putation d\u2019homme calme dans l\u2019adversit\u00e9, parfois jug\u00e9 froid mais rarement pris en d\u00e9faut de sang-froid. <\/p>\n<p>De la banque traditionnelle \u00e0 la fintech <\/p>\n<p>En 2023, il a quitt\u00e9 la <a href=\"https:\/\/mesinfos.fr\/lactalis-et-la-societe-generale-dans-le-viseur-de-la-justice-pour-fraude-fiscale-et-blanchiment-225206.html\" rel=\"noopener nofollow\" target=\"_blank\">Soci\u00e9t\u00e9 G\u00e9n\u00e9rale<\/a>, laissant la place \u00e0 <a href=\"https:\/\/mesinfos.fr\/75000-paris\/qui-est-slawomir-krupa-nouveau-patron-de-la-societe-generale-152381.html\" rel=\"noopener nofollow\" target=\"_blank\">Slawomir Krupa<\/a>, et tourn\u00e9 la page d\u2019une carri\u00e8re marqu\u00e9e par la rationalisation du groupe et la r\u00e9duction de ses activit\u00e9s internationales. Deux ans plus tard, c\u2019est une nouvelle aventure qui s\u2019ouvre : la direction de la filiale Europe de l\u2019Ouest de Revolut, n\u00e9obanque britannique devenue l\u2019un des symboles de la finance digitale. Pour lui, ce n\u2019est pas seulement son exp\u00e9rience des crises qui a s\u00e9duit la fintech, mais aussi son expertise strat\u00e9gique et de gouvernance. \u201cLa technologie va transformer l\u2019exp\u00e9rience client, et je suis convaincu par ce projet entrepreneurial\u201d, explique-t-il.<\/p>\n<p>  Un profil discret mais influent <\/p>\n<p>Inspecteur des Finances de formation, ancien conseiller de Nicolas Sarkozy au minist\u00e8re du Budget, Oud\u00e9a incarne un certain classicisme des \u00e9lites fran\u00e7aises : Polytechnique, ENA, haute fonction publique, puis carri\u00e8re dans la banque. Mari\u00e9 \u00e0 Am\u00e9lie Oud\u00e9a-Cast\u00e9ra, aujourd\u2019hui pr\u00e9sidente du Comit\u00e9 national olympique fran\u00e7ais, il cultive pourtant une discr\u00e9tion rare chez les grands patrons. Amateur de tennis, de football et de vins de Bourgogne, p\u00e8re de cinq enfants, il s\u2019est toujours tenu \u00e9loign\u00e9 des mondanit\u00e9s, pr\u00e9f\u00e9rant l\u2019efficacit\u00e9 des coulisses \u00e0 l\u2019exposition m\u00e9diatique. <\/p>\n<p>Un atout pour l\u2019avenir de Revolut <\/p>\n<p>\u00c0 62 ans, Fr\u00e9d\u00e9ric Oud\u00e9a met d\u00e9sormais son exp\u00e9rience au service d\u2019un acteur en pleine expansion, bien \u00e9loign\u00e9 des grandes institutions financi\u00e8res qu\u2019il a dirig\u00e9es. Pour Revolut, qui affiche des ambitions consid\u00e9rables en Europe, l\u2019arriv\u00e9e d\u2019un patron habitu\u00e9 aux secousses de la finance internationale est un signal fort. Pour lui, c\u2019est aussi une fa\u00e7on de boucler la boucle : apr\u00e8s avoir modernis\u00e9 une banque centenaire, il s\u2019engage dans le d\u00e9veloppement d\u2019une fintech qui veut redessiner l\u2019avenir des services financiers.<\/p>\n","protected":false},"excerpt":{"rendered":"\u00a9 DR &#8211; Apr\u00e8s quinze ans de crises \u00e0 la t\u00eate de Soci\u00e9t\u00e9 G\u00e9n\u00e9rale, Fr\u00e9d\u00e9ric Oud\u00e9a rejoint Revolut&hellip;\n","protected":false},"author":2,"featured_media":377717,"comment_status":"","ping_status":"","sticky":false,"template":"","format":"standard","meta":{"footnotes":""},"categories":[1586],"tags":[11,4282,1777,674,1011,27,12,25],"class_list":{"0":"post-377716","1":"post","2":"type-post","3":"status-publish","4":"format-standard","5":"has-post-thumbnail","7":"category-europe","8":"tag-actualites","9":"tag-banques","10":"tag-eu","11":"tag-europe","12":"tag-fr","13":"tag-france","14":"tag-news","15":"tag-republique-francaise"},"share_on_mastodon":{"url":"https:\/\/pubeurope.com\/@fr\/115174378355365946","error":""},"_links":{"self":[{"href":"https:\/\/www.europesays.com\/fr\/wp-json\/wp\/v2\/posts\/377716","targetHints":{"allow":["GET"]}}],"collection":[{"href":"https:\/\/www.europesays.com\/fr\/wp-json\/wp\/v2\/posts"}],"about":[{"href":"https:\/\/www.europesays.com\/fr\/wp-json\/wp\/v2\/types\/post"}],"author":[{"embeddable":true,"href":"https:\/\/www.europesays.com\/fr\/wp-json\/wp\/v2\/users\/2"}],"replies":[{"embeddable":true,"href":"https:\/\/www.europesays.com\/fr\/wp-json\/wp\/v2\/comments?post=377716"}],"version-history":[{"count":0,"href":"https:\/\/www.europesays.com\/fr\/wp-json\/wp\/v2\/posts\/377716\/revisions"}],"wp:featuredmedia":[{"embeddable":true,"href":"https:\/\/www.europesays.com\/fr\/wp-json\/wp\/v2\/media\/377717"}],"wp:attachment":[{"href":"https:\/\/www.europesays.com\/fr\/wp-json\/wp\/v2\/media?parent=377716"}],"wp:term":[{"taxonomy":"category","embeddable":true,"href":"https:\/\/www.europesays.com\/fr\/wp-json\/wp\/v2\/categories?post=377716"},{"taxonomy":"post_tag","embeddable":true,"href":"https:\/\/www.europesays.com\/fr\/wp-json\/wp\/v2\/tags?post=377716"}],"curies":[{"name":"wp","href":"https:\/\/api.w.org\/{rel}","templated":true}]}}