{"id":377722,"date":"2025-09-09T12:40:11","date_gmt":"2025-09-09T12:40:11","guid":{"rendered":"https:\/\/www.europesays.com\/fr\/377722\/"},"modified":"2025-09-09T12:40:11","modified_gmt":"2025-09-09T12:40:11","slug":"indignation-et-soupcons-dingerence-apres-la-decouverte-de-tetes-de-cochon-devant-neuf-mosquees","status":"publish","type":"post","link":"https:\/\/www.europesays.com\/fr\/377722\/","title":{"rendered":"Indignation et \u00ab\u00a0soup\u00e7ons d\u2019ing\u00e9rence\u00a0\u00bb apr\u00e8s la d\u00e9couverte de t\u00eates de cochon devant neuf mosqu\u00e9es"},"content":{"rendered":"<p>Des t\u00eates de cochon ont \u00e9t\u00e9 d\u00e9couvertes mardi matin devant au moins neuf mosqu\u00e9es de l\u2019agglom\u00e9ration parisienne et de la capitale, a annonc\u00e9 le pr\u00e9fet de police de <a href=\"https:\/\/www.20minutes.fr\/paris\/\" class=\"c-link c-link--is-underlined\" target=\"_blank\" rel=\"noopener\">Paris<\/a>, Laurent Nunez. Il d\u00e9nonce \u00ab\u00a0des <a href=\"https:\/\/www.20minutes.fr\/dossier\/islamophobie\" class=\"c-link c-link--is-underlined\" target=\"_blank\" rel=\"noopener\">actes abjects<\/a>\u00a0\u00bb.<\/p>\n<p>Ces t\u00eates ont notamment \u00e9t\u00e9 trouv\u00e9es devant quatre lieux de culte \u00e0 Paris (dans les 15e, 18e et 20e arrondissements), \u00e0 <a href=\"https:\/\/www.20minutes.fr\/dossier\/montreuil\" class=\"c-link c-link--is-underlined\" target=\"_blank\" rel=\"noopener\">Montreuil <\/a>(<a href=\"https:\/\/www.20minutes.fr\/societe\/seine-saint-denis\/\" class=\"c-link c-link--is-underlined\" target=\"_blank\" rel=\"noopener\">Seine-Saint-Denis<\/a>) et dans les <a href=\"https:\/\/www.20minutes.fr\/dossier\/hauts-de-seine\" class=\"c-link c-link--is-underlined\" target=\"_blank\" rel=\"noopener\">Hauts-de-Seine<\/a>, \u00e0 Montrouge et Malakoff. \u00ab\u00a0Une enqu\u00eate a imm\u00e9diatement \u00e9t\u00e9 ouverte\u00a0\u00bb, a ajout\u00e9 le pr\u00e9fet de police, assurant que \u00ab\u00a0tout [\u00e9tait] mis en \u0153uvre pour retrouver les auteurs de ces actes abjects\u00a0\u00bb.<\/p>\n<blockquote class=\"twitter-tweet\" align=\"center\" data-lang=\"fr_FR\">\n<p lang=\"fr\" dir=\"ltr\">Tout mon soutien aux responsables et aux fid\u00e8les des mosqu\u00e9es touch\u00e9es par ces provocations insupportables. <\/p>\n<p>S\u2019en prendre \u00e0 des lieux de culte est d\u2019une l\u00e2chet\u00e9 insondable. <a href=\"https:\/\/t.co\/44qFinE7cR\">https:\/\/t.co\/44qFinE7cR<\/a><\/p>\n<p>\u2014 Bruno Retailleau (@BrunoRetailleau) <a href=\"https:\/\/twitter.com\/BrunoRetailleau\/status\/1965325048170050032?ref_src=twsrc%5Etfw\" target=\"_blank\" rel=\"noopener\">September 9, 2025<\/a><\/p><\/blockquote>\n<p class=\"mb-xxl@xs color-ultramarine font-weight-semi-bold@xs font-source-serif-pro heading-s@xs\">L\u2019acc\u00e8s \u00e0 ce contenu a \u00e9t\u00e9 bloqu\u00e9 afin de respecter votre choix de consentement<\/p>\n<p class=\"mb-m@xs text-l@xs\">En cliquant sur\u00ab J\u2019accepte \u00bb, vous acceptez le d\u00e9p\u00f4t de cookies par des services externes et aurez ainsi acc\u00e8s aux contenus de nos partenaires.<\/p>\n<p class=\"mb-xl@xs text-s@xs\">Plus d\u2019informations sur la page<a href=\"https:\/\/www.20minutes.fr\/gestion-cookies\" class=\"mx-xxs@xs color-ultramarine\" target=\"_blank\" rel=\"noopener\">Politique de gestion des cookies<\/a><\/p>\n<p>J\u2019accepte<\/p>\n<p>\u00ab\u00a0Tout mon soutien aux responsables et aux fid\u00e8les des mosqu\u00e9es touch\u00e9es par ces provocations insupportables. S\u2019en prendre \u00e0 des lieux de culte est d\u2019une l\u00e2chet\u00e9 insondable\u00a0\u00bb, a affirm\u00e9 de son c\u00f4t\u00e9 le ministre de l\u2019Int\u00e9rieur, <a href=\"https:\/\/www.20minutes.fr\/dossier\/bruno_retailleau\" class=\"c-link c-link--is-underlined\" target=\"_blank\" rel=\"noopener\">Bruno Retailleau<\/a>. Le porc est consid\u00e9r\u00e9 comme un animal impur dans la religion musulmane, et la pr\u00e9sence de ces t\u00eates marque la volont\u00e9 manifeste de profaner des lieux de culte.<\/p>\n<p>Selon <a href=\"https:\/\/www.bfmtv.com\/police-justice\/des-actes-abjects-des-tetes-de-cochon-retrouvees-devant-plusieurs-mosquees-de-region-parisienne-une-enquete-ouverte_AD-202509090364.html\" target=\"_blank\" class=\"c-link c-link--is-underlined\" rel=\"noopener\">BFMTV<\/a>, un homme de type caucasien aurait \u00e9t\u00e9 film\u00e9 par des cam\u00e9ras de vid\u00e9osurveillance, en train de d\u00e9poser une t\u00eate de cochon devant l\u2019une des mosqu\u00e9es. \u00ab\u00a0La R\u00e9publique, c\u2019est la la\u00efcit\u00e9. Mais la la\u00efcit\u00e9, c\u2019est pr\u00e9cis\u00e9ment les conditions d\u2019une libert\u00e9 pour que chacun puisse exercer le culte [\u2026] J\u2019entends que nos compatriotes musulmans puissent exercer leur foi dans la s\u00e9r\u00e9nit\u00e9\u00a0\u00bb, a poursuivi le ministre de l\u2019Int\u00e9rieur.<\/p>\n<p>Selon <a href=\"https:\/\/www.lefigaro.fr\/faits-divers\/des-tetes-de-cochon-decouvertes-devant-des-mosquees-a-paris-notamment-annonce-laurent-nunez-20250909\" target=\"_blank\" class=\"c-link c-link--is-underlined\" rel=\"noopener\">Le Figaro<\/a>, qui cite \u00ab\u00a0une source polici\u00e8re\u00a0\u00bb, l\u2019inscription \u00ab\u00a0Macron\u00a0\u00bb, peinte en bleue, aurait \u00e9t\u00e9 inscrite sur l\u2019une des t\u00eates.<\/p>\n<\/p>\n<p>\u00ab\u00a0On ne peut s\u2019emp\u00eacher de faire des rapprochements avec des actions pr\u00e9c\u00e9dentes [\u2026] dont il a \u00e9t\u00e9 av\u00e9r\u00e9 que c\u2019\u00e9taient des actions d\u2019ing\u00e9rence \u00e9trang\u00e8re\u00a0\u00bb, pr\u00e9cise Laurent Nu\u00f1ez. Il appelle \u00e0 rester \u00ab\u00a0tr\u00e8s prudent\u00a0\u00bb. Le pr\u00e9fet de police de Paris \u00e9voque certainement, sans les nommer, les cercueils d\u00e9pos\u00e9s au pied de la tour Eiffel et les mains rouges peintes au pochoir sur le mur des Justes en\u00a02024, deux affaires sur lesquelles plane l\u2019ombre russe.<\/p>\n<p>Sans attendre les r\u00e9sultats de l\u2019enqu\u00eate, de nombreuses personnalit\u00e9s ont condamn\u00e9 ces actes racistes sur les r\u00e9seaux sociaux. Le recteur de la Grande mosqu\u00e9e de Paris Chems-Eddine Hafiz a d\u00e9nonc\u00e9 \u00ab\u00a0une nouvelle et triste \u00e9tape dans la mont\u00e9e de la haine antimusulmane\u00a0\u00bb. Il appelle \u00ab\u00a0\u00e0 une prise de conscience et \u00e0 une solidarit\u00e9 nationale contre cette trajectoire de p\u00e9ril\u00a0\u00bb.<\/p>\n<p><a href=\"https:\/\/www.20minutes.fr\/dossier\/islamophobie\" class=\"c-link c-btn c-btn--primary\" target=\"_blank\" rel=\"noopener\">Notre dossier sur l&rsquo;islamophobie<\/a><\/p>\n<p>Jean-Luc M\u00e9lenchon a accus\u00e9 le ministre de l\u2019Int\u00e9rieur de \u00ab\u00a0chauffer \u00e0 blanc\u00a0\u00bb l\u2019islamophobie en France. \u00ab\u00a0Chauff\u00e9e \u00e0 blanc par le soutien \u00e0 Netanyahou et les saillies du ministre de l\u2019Int\u00e9rieur et de son entourage pr\u00e9fectoral, l\u2019islamophobie se d\u00e9cha\u00eene en France\u00a0\u00bb, s\u2019insurge le fondateur de La France insoumise. Il reproche notamment au ministre de l\u2019Int\u00e9rieur d\u2019avoir lanc\u00e9 \u00ab\u00a0\u00e0 bas le voile\u00a0\u00bb lors d\u2019un rassemblement contre l\u2019islamisme en mars \u00e0 Paris.<\/p>\n<p><script async src=\"https:\/\/platform.twitter.com\/widgets.js\" charset=\"utf-8\"><\/script><\/p>\n","protected":false},"excerpt":{"rendered":"Des t\u00eates de cochon ont \u00e9t\u00e9 d\u00e9couvertes mardi matin devant au moins neuf mosqu\u00e9es de l\u2019agglom\u00e9ration parisienne et&hellip;\n","protected":false},"author":2,"featured_media":377723,"comment_status":"","ping_status":"","sticky":false,"template":"","format":"standard","meta":{"footnotes":""},"categories":[2],"tags":[47,11,1013,13909,118,1011,27,3314,662,5318,5454,7088,5672,14577,12,626,10162,4020,25,1945],"class_list":{"0":"post-377722","1":"post","2":"type-post","3":"status-publish","4":"format-standard","5":"has-post-thumbnail","7":"category-actualites","8":"tag-actualite","9":"tag-actualites","10":"tag-bruno-retailleau","11":"tag-cochon","12":"tag-faits-divers","13":"tag-fr","14":"tag-france","15":"tag-hauts-de-seine","16":"tag-ile-de-france","17":"tag-islam","18":"tag-laurent-nunez","19":"tag-ministre-de-linterieur","20":"tag-montreuil","21":"tag-mosquee","22":"tag-news","23":"tag-paris","24":"tag-racisme","25":"tag-religion","26":"tag-republique-francaise","27":"tag-seine-saint-denis"},"share_on_mastodon":{"url":"https:\/\/pubeurope.com\/@fr\/115174390106789960","error":""},"_links":{"self":[{"href":"https:\/\/www.europesays.com\/fr\/wp-json\/wp\/v2\/posts\/377722","targetHints":{"allow":["GET"]}}],"collection":[{"href":"https:\/\/www.europesays.com\/fr\/wp-json\/wp\/v2\/posts"}],"about":[{"href":"https:\/\/www.europesays.com\/fr\/wp-json\/wp\/v2\/types\/post"}],"author":[{"embeddable":true,"href":"https:\/\/www.europesays.com\/fr\/wp-json\/wp\/v2\/users\/2"}],"replies":[{"embeddable":true,"href":"https:\/\/www.europesays.com\/fr\/wp-json\/wp\/v2\/comments?post=377722"}],"version-history":[{"count":0,"href":"https:\/\/www.europesays.com\/fr\/wp-json\/wp\/v2\/posts\/377722\/revisions"}],"wp:featuredmedia":[{"embeddable":true,"href":"https:\/\/www.europesays.com\/fr\/wp-json\/wp\/v2\/media\/377723"}],"wp:attachment":[{"href":"https:\/\/www.europesays.com\/fr\/wp-json\/wp\/v2\/media?parent=377722"}],"wp:term":[{"taxonomy":"category","embeddable":true,"href":"https:\/\/www.europesays.com\/fr\/wp-json\/wp\/v2\/categories?post=377722"},{"taxonomy":"post_tag","embeddable":true,"href":"https:\/\/www.europesays.com\/fr\/wp-json\/wp\/v2\/tags?post=377722"}],"curies":[{"name":"wp","href":"https:\/\/api.w.org\/{rel}","templated":true}]}}