{"id":377726,"date":"2025-09-09T12:42:18","date_gmt":"2025-09-09T12:42:18","guid":{"rendered":"https:\/\/www.europesays.com\/fr\/377726\/"},"modified":"2025-09-09T12:42:18","modified_gmt":"2025-09-09T12:42:18","slug":"fedex-open-de-france-julien-sale-et-clement-charmasson-dans-le-champ-pas-victor-dubuisson","status":"publish","type":"post","link":"https:\/\/www.europesays.com\/fr\/377726\/","title":{"rendered":"FedEx Open de France : Julien Sale et Cl\u00e9ment Charmasson dans le champ. Pas Victor Dubuisson !"},"content":{"rendered":"<p>\t\t\t\t\t\t<img width=\"770\" height=\"556\" src=\"https:\/\/www.europesays.com\/fr\/wp-content\/uploads\/2025\/05\/golf-asian-tour-julien-sale-770x556.jpeg\" class=\"img-responsive wp-post-image\" alt=\"\" decoding=\"async\" fetchpriority=\"high\"  \/>\t\t\t\t\t<\/p>\n<p>\t\t\t\t\t\t Partager cet article <\/p>\n<p class=\"screen-reader-text juiz_sps_maybe_hidden_text\">Partager la publication \u00ab\u00a0FedEx Open de France : Julien Sale et Cl\u00e9ment Charmasson dans le champ. Pas Victor Dubuisson !\u00a0\u00bb<\/p>\n<p><strong>Avec l\u2019entr\u00e9e dans le champ du FedEx Open de France de Cl\u00e9ment Sordet via la cat\u00e9gorie 0c et celle de Pierre Pineau via la cat\u00e9gorie 15, Julien Sale (photo) et Cl\u00e9ment Charmasson valident \u00e0 leur tour leur ticket via le classement national (cat\u00e9gorie 8). Quatre amateurs fran\u00e7ais sont \u00e9galement invit\u00e9s : Alexis Leray, Ugo Malcor, Noa Auch Roy et Aaron Van Hauwe. Un temps annonc\u00e9 \u00e0 St-Nom-la-Bret\u00e8che en guest star, Victor Dubuisson ne sera finalement pas au d\u00e9part !<\/strong><\/p>\n<p>\t\t\t\t\t<a id=\"184491\" href=\"https:\/\/www.jucad.de\/fr-fr\/JuCad-drive-SL-Master-Titan-avec-accessoires-inclus\/JDRIVESLM-SET\" target=\"_blank\" rel=\"sponsorised nofollow noopener\"><img decoding=\"async\" src=\"data:image\/svg+xml,%3Csvg%20xmlns=\" http:=\"\" class=\"img-responsive\" alt=\"\" data-lazy-src=\"https:\/\/www.europesays.com\/fr\/wp-content\/uploads\/2025\/09\/jucad-e04-offre-speciale-1170x275-1.jpeg\"\/><\/a><\/p>\n<p><strong>L.V.<\/strong><\/p>\n<p>L\u2019entr\u00e9e de <strong>Cl\u00e9ment Sordet<\/strong> et de <strong>Pierre Pineau<\/strong> respectivement via la cat\u00e9gorie 0c (top 110 de la Race non exempt\u00e9s apr\u00e8s l\u2019<strong>Amgen<\/strong> <strong>Irish Open<\/strong>) et la cat\u00e9gorie 15 lib\u00e8rent deux facto deux places au sein du classement national (cat\u00e9gorie 8, National spots).<\/p>\n<p>Celles-ci reviennent \u00e0 <strong>Julien Sale<\/strong>, qui poss\u00e8de \u00e9galement un statut de membre de l\u2019<strong>Asian Tour<\/strong> en 2025, et <strong>Cl\u00e9ment Charmasson<\/strong>, joueur \u00e9voluant cette ann\u00e9e sur l\u2019<strong>HotelPlanner Tour<\/strong> (ex <strong>Challenge Tour<\/strong>) et pointant pour le moment \u00e0 la 16e place de la <strong>Road to Mallorca<\/strong>.<\/p>\n<p>Ils rejoignent dans cette liste <strong>Julien Brun<\/strong>, <strong>Bastien Amat<\/strong> et <strong>Oihan Guillamoundeguy<\/strong>. Ce jeu de \u00ab\u00a0chaises musicales\u00a0\u00bb permet d\u00e9sormais \u00e0 <strong>Julien Quesne<\/strong> de se positionner en tant que 1ere r\u00e9serve du classement national (22e place) devant <strong>Robin Sciot-Siegrist<\/strong> (24e du classement national).<\/p>\n<p>\t\t\t\t\t<a id=\"160863\" href=\"https:\/\/eu.ping.com\/fr-fr\/clubs\/drivers\" target=\"_blank\" rel=\"sponsorised nofollow noopener\"><img decoding=\"async\" src=\"data:image\/svg+xml,%3Csvg%20xmlns=\" http:=\"\" class=\"img-responsive\" alt=\"\" data-lazy-src=\"https:\/\/www.europesays.com\/fr\/wp-content\/uploads\/2025\/04\/ping-e01-bois-g440-1170x275-1.jpg\"\/><\/a><br \/>\n26 joueurs fran\u00e7ais pour l\u2019instant recens\u00e9s<\/p>\n<p>Au 9 septembre, <a href=\"https:\/\/www.europeantour.com\/dpworld-tour\/fedex-open-de-france-2025\/entry-list\" target=\"_blank\" rel=\"noopener nofollow\">26 joueurs fran\u00e7ais sont assur\u00e9s de disputer le FedEx Open de France 2025<\/a> d\u00e9localis\u00e9 \u00e0 <strong>St-Nom-la-Bret\u00e8che<\/strong> (78) du 18 au 21 septembre en raison des travaux du Grand Paris aux abords directs du <strong>Golf National<\/strong>, \u00e0 Saint-Quentin-en-Yvelines. Parmi eux, citons <strong>Victor Perez<\/strong>, <strong>Adrien Saddier<\/strong>, <strong>Martin Couvra<\/strong>, <strong>Matthieu Pavon<\/strong> et <strong>Antoine Rozner<\/strong>.<\/p>\n<p>Il a \u00e9t\u00e9 aussi question d\u2019assister au grand retour de <strong>Victor Dubuisson<\/strong> \u00e0 l\u2019Open de France. Le premier depuis son abandon apr\u00e8s dix-huit trous au <strong>Cazoo Open de France 2022<\/strong>. Apr\u00e8s m\u00fbres r\u00e9flexions, le Cannois, retrait\u00e9 des fairways depuis fin 2023, a finalement renonc\u00e9, ne souhaitant pas prendre la place d\u2019un joueur en \u00ab activit\u00e9 \u00bb.<\/p>\n<p>Rappelons qu\u2019il avait effectu\u00e9 une visite tr\u00e8s remarqu\u00e9e sur l\u2019<strong>Alps Tour<\/strong> fin juillet \u00e0 la <strong>Biarritz Cup by C&amp;S Partners<\/strong>. Un tournoi qu\u2019il avait tout simplement <a href=\"https:\/\/www.golfplanete.com\/actualites\/victor-dubuisson-arrache-la-biarritz-cup-en-play-off\/\" target=\"_blank\" rel=\"noopener nofollow\">remport\u00e9 en play-off face \u00e0 l\u2019Espagnol Jorge Maicas<\/a>.<\/p>\n<p>\t\t\t\t\t<a id=\"184740\" href=\"https:\/\/leclub-golf.com\/fr\/actualites\/en-septembre-achetez-votre-carte-classic-et-tentez-de-gagner-votre-abonnement-de-golf?utm_source=golf+planete&amp;utm_medium=referral&amp;utm_campaign=gagner+un+abonnement+golf&amp;utm_id=gagner+un+abonnement+golf_golf+planete_referral_banner\" target=\"_blank\" rel=\"sponsorised nofollow noopener\"><img decoding=\"async\" src=\"data:image\/svg+xml,%3Csvg%20xmlns=\" http:=\"\" class=\"img-responsive\" alt=\"\" data-lazy-src=\"https:\/\/www.europesays.com\/fr\/wp-content\/uploads\/2025\/09\/leclubgolf-e11-niveau-superieur-v2-1170x275-1.gif\"\/><\/a><\/p>\n<p>Photo : \u00a9Asian Tour<\/p>\n","protected":false},"excerpt":{"rendered":"Partager cet article Partager la publication \u00ab\u00a0FedEx Open de France : Julien Sale et Cl\u00e9ment Charmasson dans le&hellip;\n","protected":false},"author":2,"featured_media":67238,"comment_status":"","ping_status":"","sticky":false,"template":"","format":"standard","meta":{"footnotes":""},"categories":[1418],"tags":[1011,27,1472,60],"class_list":{"0":"post-377726","1":"post","2":"type-post","3":"status-publish","4":"format-standard","5":"has-post-thumbnail","7":"category-golf","8":"tag-fr","9":"tag-france","10":"tag-golf","11":"tag-sports"},"share_on_mastodon":{"url":"https:\/\/pubeurope.com\/@fr\/115174397958443843","error":""},"_links":{"self":[{"href":"https:\/\/www.europesays.com\/fr\/wp-json\/wp\/v2\/posts\/377726","targetHints":{"allow":["GET"]}}],"collection":[{"href":"https:\/\/www.europesays.com\/fr\/wp-json\/wp\/v2\/posts"}],"about":[{"href":"https:\/\/www.europesays.com\/fr\/wp-json\/wp\/v2\/types\/post"}],"author":[{"embeddable":true,"href":"https:\/\/www.europesays.com\/fr\/wp-json\/wp\/v2\/users\/2"}],"replies":[{"embeddable":true,"href":"https:\/\/www.europesays.com\/fr\/wp-json\/wp\/v2\/comments?post=377726"}],"version-history":[{"count":0,"href":"https:\/\/www.europesays.com\/fr\/wp-json\/wp\/v2\/posts\/377726\/revisions"}],"wp:featuredmedia":[{"embeddable":true,"href":"https:\/\/www.europesays.com\/fr\/wp-json\/wp\/v2\/media\/67238"}],"wp:attachment":[{"href":"https:\/\/www.europesays.com\/fr\/wp-json\/wp\/v2\/media?parent=377726"}],"wp:term":[{"taxonomy":"category","embeddable":true,"href":"https:\/\/www.europesays.com\/fr\/wp-json\/wp\/v2\/categories?post=377726"},{"taxonomy":"post_tag","embeddable":true,"href":"https:\/\/www.europesays.com\/fr\/wp-json\/wp\/v2\/tags?post=377726"}],"curies":[{"name":"wp","href":"https:\/\/api.w.org\/{rel}","templated":true}]}}