{"id":377727,"date":"2025-09-09T12:44:13","date_gmt":"2025-09-09T12:44:13","guid":{"rendered":"https:\/\/www.europesays.com\/fr\/377727\/"},"modified":"2025-09-09T12:44:13","modified_gmt":"2025-09-09T12:44:13","slug":"lucu-se-plait-dans-un-nouveau-role-une-reconversion-deja-a-letude","status":"publish","type":"post","link":"https:\/\/www.europesays.com\/fr\/377727\/","title":{"rendered":"Lucu se pla\u00eet dans un nouveau r\u00f4le, une reconversion d\u00e9j\u00e0 \u00e0 l\u2019\u00e9tude ?"},"content":{"rendered":"<p>Sa pr\u00e9sence n\u2019\u00e9tait pas anodine ce samedi \u00e0 Chaban-Delmas. En ouverture de la saison de Top 14, l\u2019Union Bordeaux-B\u00e8gles a d\u00e9croch\u00e9 un <a href=\"https:\/\/www.quinzemondial.com\/top-14\/ubb-jalibert-soffre-un-record-et-devient-millenaire-du-top-14-818527\" rel=\"nofollow noopener\" target=\"_blank\">pr\u00e9cieux succ\u00e8s face au Stade Rochelais<\/a>. Si bon nombre de joueurs <a href=\"https:\/\/www.quinzemondial.com\/top-14\/ubb-une-recrue-star-du-club-va-etre-absente-de-longues-semaines-818566\" rel=\"nofollow noopener\" target=\"_blank\">\u00e9taient absents sur blessure<\/a>, Maxime Lucu n\u2019\u00e9tait pas avec le reste de ses co\u00e9quipiers en tribunes. Le demi de m\u00eal\u00e9e \u00e9tait assis \u00e0 c\u00f4t\u00e9 du staff girondin, dans les hauteurs de Chaban-Delmas.<\/p>\n<p>Lucu en tribunes avec le staff<\/p>\n<p>D\u00e9j\u00e0 impliqu\u00e9 dans la strat\u00e9gie du club, l\u2019international fran\u00e7ais profite de sa rupture d\u2019un tendon du pouce, qui va l\u2019\u00e9loigner des terrains deux mois, pour aider Yannick Bru et les siens et partager ses r\u00e9flexions. Dans<a href=\"https:\/\/www.francebleu.fr\/emissions\/100-ubb-l-emission\/rugby-maxime-lucu-est-l-invite-de-100-ubb-2633436\" rel=\"nofollow noopener\" target=\"_blank\"> 100% UBB<\/a>, il s\u2019est confi\u00e9 sur cette nouvelle casquette, qui pourrait lui donner des id\u00e9es pour une reconversion comme entra\u00eeneur une fois sa carri\u00e8re achev\u00e9e.<\/p>\n<blockquote>\n<p>\u00ab\u00a0On est quelques joueurs \u00e0 travailler avec No\u00ebl (McNamara, entra\u00eeneur de l\u2019attaque, NDLR) , notamment avec le groupe attaque et certains avec Kiki (Laussucq, entra\u00eeneur de la d\u00e9fense) sur le groupe d\u00e9fense pour analyser un petit peu les \u00e9quipes adverses, la strat\u00e9gie mise en place et forc\u00e9ment les lancements qui vont \u00eatre utilis\u00e9s. Donc l\u2019id\u00e9e, c&rsquo;\u00e9tait de continuer dans \u00e7a en n&rsquo;\u00e9tant pas sur le terrain. C&rsquo;est peut-\u00eatre un avant-go\u00fbt de ce qui peut se passer dans quelques ann\u00e9es\u00a0mais c&rsquo;est l\u2019id\u00e9e c\u2019est de voir si \u00e7a me pla\u00eet aussi. Mais en tout cas dans un premier temps et le premier but, c&rsquo;est d&rsquo;aider l&rsquo;\u00e9quipe le mieux possible pendant le match et d&rsquo;avoir des id\u00e9es qui peuvent \u00eatre donn\u00e9es en temps voulu notamment avec les coachs\u00a0\u00bb<\/p>\n<\/blockquote>\n<p>Partagez cette info avec vos amis et vos proches en cliquant ici<br \/>Pour r\u00e9sumer<\/p>\n<p>Maxime Lucu profite de sa convalescence apr\u00e8s sa blessure au pouce pour aider le staff de l\u2019Union Bordeaux-B\u00e8gles. Leader dans l\u2019\u00e2me, le capitaine du club girondin est d\u00e9j\u00e0 en train d\u2019aider ses co\u00e9quipiers dans les tribunes.<\/p>\n<p> <img decoding=\"async\" width=\"76\" height=\"76\" loading=\"lazy\" src=\"https:\/\/www.europesays.com\/fr\/wp-content\/uploads\/2025\/04\/avatar-quinze.png\" alt=\"Arnaud D\u00e9chelotte\"\/><\/p>\n","protected":false},"excerpt":{"rendered":"Sa pr\u00e9sence n\u2019\u00e9tait pas anodine ce samedi \u00e0 Chaban-Delmas. En ouverture de la saison de Top 14, l\u2019Union&hellip;\n","protected":false},"author":2,"featured_media":377728,"comment_status":"","ping_status":"","sticky":false,"template":"","format":"standard","meta":{"footnotes":""},"categories":[1416],"tags":[1011,27,479,1468,60],"class_list":{"0":"post-377727","1":"post","2":"type-post","3":"status-publish","4":"format-standard","5":"has-post-thumbnail","7":"category-rugby","8":"tag-fr","9":"tag-france","10":"tag-rugby","11":"tag-rugby-football","12":"tag-sports"},"share_on_mastodon":{"url":"https:\/\/pubeurope.com\/@fr\/115174406166352410","error":""},"_links":{"self":[{"href":"https:\/\/www.europesays.com\/fr\/wp-json\/wp\/v2\/posts\/377727","targetHints":{"allow":["GET"]}}],"collection":[{"href":"https:\/\/www.europesays.com\/fr\/wp-json\/wp\/v2\/posts"}],"about":[{"href":"https:\/\/www.europesays.com\/fr\/wp-json\/wp\/v2\/types\/post"}],"author":[{"embeddable":true,"href":"https:\/\/www.europesays.com\/fr\/wp-json\/wp\/v2\/users\/2"}],"replies":[{"embeddable":true,"href":"https:\/\/www.europesays.com\/fr\/wp-json\/wp\/v2\/comments?post=377727"}],"version-history":[{"count":0,"href":"https:\/\/www.europesays.com\/fr\/wp-json\/wp\/v2\/posts\/377727\/revisions"}],"wp:featuredmedia":[{"embeddable":true,"href":"https:\/\/www.europesays.com\/fr\/wp-json\/wp\/v2\/media\/377728"}],"wp:attachment":[{"href":"https:\/\/www.europesays.com\/fr\/wp-json\/wp\/v2\/media?parent=377727"}],"wp:term":[{"taxonomy":"category","embeddable":true,"href":"https:\/\/www.europesays.com\/fr\/wp-json\/wp\/v2\/categories?post=377727"},{"taxonomy":"post_tag","embeddable":true,"href":"https:\/\/www.europesays.com\/fr\/wp-json\/wp\/v2\/tags?post=377727"}],"curies":[{"name":"wp","href":"https:\/\/api.w.org\/{rel}","templated":true}]}}