{"id":377729,"date":"2025-09-09T12:45:18","date_gmt":"2025-09-09T12:45:18","guid":{"rendered":"https:\/\/www.europesays.com\/fr\/377729\/"},"modified":"2025-09-09T12:45:18","modified_gmt":"2025-09-09T12:45:18","slug":"lincroyable-remontee-dune-francaise-a-sao-paulo-menee-5-0-dans-le-troisieme-set","status":"publish","type":"post","link":"https:\/\/www.europesays.com\/fr\/377729\/","title":{"rendered":"l\u2019incroyable remont\u00e9e d\u2019une Fran\u00e7aise \u00e0 S\u00e3o Paulo men\u00e9e 5-0 dans le troisi\u00e8me set"},"content":{"rendered":"<p>La Fran\u00e7aise Tiantsoa Sarah Rakotomanga Rajaonah s\u2019est impos\u00e9e au premier tour du WTA 250 \u00e0 S\u00e3o Paulo, hier. Men\u00e9e 5-0 dans le troisi\u00e8me et dernier set, la Fran\u00e7aise a cr\u00e9\u00e9 l\u2019exploit et r\u00e9ussi \u00e0 se hisser au second tour.<\/p>\n<p class=\"fig-paragraph\">Quelle incroyable remont\u00e9e de Tiantsoa Sarah Rakotomanga Rajaonah. Lors du premier tour du tournoi WTA 250 au Br\u00e9sil, la Fran\u00e7aise a fait preuve d\u2019un mental d\u2019acier pour renverser son adversaire Ana Sofia Sanchez. Une victoire en 3 sets (6-4, 4-6, 7-6) et 2h54 de jeu.<\/p>\n<p class=\"fig-paragraph\">La r\u00e9action est survenue dans la troisi\u00e8me manche, alors que le score \u00e9tait de 5-0. La 214e mondiale a m\u00eame sauv\u00e9 3 balles de match dans le dernier set avant de rattraper son retard et de s\u2019imposer au tie-break. Au prochain tour, elle affrontera la Mexicaine Victoria Rodriguez.<\/p>\n","protected":false},"excerpt":{"rendered":"La Fran\u00e7aise Tiantsoa Sarah Rakotomanga Rajaonah s\u2019est impos\u00e9e au premier tour du WTA 250 \u00e0 S\u00e3o Paulo, hier.&hellip;\n","protected":false},"author":2,"featured_media":377730,"comment_status":"","ping_status":"","sticky":false,"template":"","format":"standard","meta":{"footnotes":""},"categories":[1415],"tags":[1011,27,60,1467,4170],"class_list":{"0":"post-377729","1":"post","2":"type-post","3":"status-publish","4":"format-standard","5":"has-post-thumbnail","7":"category-tennis","8":"tag-fr","9":"tag-france","10":"tag-sports","11":"tag-tennis","12":"tag-wta"},"share_on_mastodon":{"url":"https:\/\/pubeurope.com\/@fr\/115174410008151526","error":""},"_links":{"self":[{"href":"https:\/\/www.europesays.com\/fr\/wp-json\/wp\/v2\/posts\/377729","targetHints":{"allow":["GET"]}}],"collection":[{"href":"https:\/\/www.europesays.com\/fr\/wp-json\/wp\/v2\/posts"}],"about":[{"href":"https:\/\/www.europesays.com\/fr\/wp-json\/wp\/v2\/types\/post"}],"author":[{"embeddable":true,"href":"https:\/\/www.europesays.com\/fr\/wp-json\/wp\/v2\/users\/2"}],"replies":[{"embeddable":true,"href":"https:\/\/www.europesays.com\/fr\/wp-json\/wp\/v2\/comments?post=377729"}],"version-history":[{"count":0,"href":"https:\/\/www.europesays.com\/fr\/wp-json\/wp\/v2\/posts\/377729\/revisions"}],"wp:featuredmedia":[{"embeddable":true,"href":"https:\/\/www.europesays.com\/fr\/wp-json\/wp\/v2\/media\/377730"}],"wp:attachment":[{"href":"https:\/\/www.europesays.com\/fr\/wp-json\/wp\/v2\/media?parent=377729"}],"wp:term":[{"taxonomy":"category","embeddable":true,"href":"https:\/\/www.europesays.com\/fr\/wp-json\/wp\/v2\/categories?post=377729"},{"taxonomy":"post_tag","embeddable":true,"href":"https:\/\/www.europesays.com\/fr\/wp-json\/wp\/v2\/tags?post=377729"}],"curies":[{"name":"wp","href":"https:\/\/api.w.org\/{rel}","templated":true}]}}