{"id":377731,"date":"2025-09-09T12:47:11","date_gmt":"2025-09-09T12:47:11","guid":{"rendered":"https:\/\/www.europesays.com\/fr\/377731\/"},"modified":"2025-09-09T12:47:11","modified_gmt":"2025-09-09T12:47:11","slug":"week-end-blanc-en-catalogne-pour-bezzecchi","status":"publish","type":"post","link":"https:\/\/www.europesays.com\/fr\/377731\/","title":{"rendered":"Week-end blanc en Catalogne pour Bezzecchi"},"content":{"rendered":"<p>&#13;<\/p>\n<p><strong>Marco Bezzecchi repart de Catalogne sans aucun point apr\u00e8s deux chutes en deux jours.<\/strong><\/p>\n<p>Le week-end catalan aura tourn\u00e9 court pour Marco Bezzecchi. Percut\u00e9 samedi en Sprint par Fermin Aldeguer, puis de nouveau \u00e0 terre dimanche apr\u00e8s un contact avec Franco Morbidelli d\u00e8s le deuxi\u00e8me tour, le pilote italien termine sans le moindre point \u00e0 Barcelone. \u00ab C\u2019\u00e9tait un week-end compliqu\u00e9, a-t-il confi\u00e9. Les attentes \u00e9taient tr\u00e8s \u00e9lev\u00e9es vendredi, mais je n\u2019ai pas r\u00e9ussi \u00e0 faire un bon temps en qualifs, ce qui m\u2019a rel\u00e9gu\u00e9 loin sur la grille. Apr\u00e8s un week-end comme celui-l\u00e0, il n\u2019y a rien de mieux que d\u2019aller courir \u00e0 Misano. On ne va pas pleurer, il faut juste bosser dur, tout analyser, et repartir du bon pied. \u00bb<\/p>\n<p>Malgr\u00e9 ces deux chutes, Bezzecchi rassure : \u00ab J\u2019ai mal, surtout \u00e0 la hanche gauche, mais rien de grave. J\u2019ai encore les effets des antalgiques pris avant la course, donc \u00e7a va pour le moment. C\u2019est juste que j\u2019ai \u00e9t\u00e9 tap\u00e9 par la moto, rien de fou. \u00bb<\/p>\n<p>&#13;<br \/>\n           &#13;<br \/>\n&#13;<br \/>\n    &#13;<br \/>\n    &#13;<\/p>\n","protected":false},"excerpt":{"rendered":"&#13; Marco Bezzecchi repart de Catalogne sans aucun point apr\u00e8s deux chutes en deux jours. Le week-end catalan&hellip;\n","protected":false},"author":2,"featured_media":377732,"comment_status":"","ping_status":"","sticky":false,"template":"","format":"standard","meta":{"footnotes":""},"categories":[1413],"tags":[1011,27,1457,1456,60],"class_list":{"0":"post-377731","1":"post","2":"type-post","3":"status-publish","4":"format-standard","5":"has-post-thumbnail","7":"category-moto","8":"tag-fr","9":"tag-france","10":"tag-moto","11":"tag-motocycle","12":"tag-sports"},"share_on_mastodon":{"url":"https:\/\/pubeurope.com\/@fr\/115174417624886868","error":""},"_links":{"self":[{"href":"https:\/\/www.europesays.com\/fr\/wp-json\/wp\/v2\/posts\/377731","targetHints":{"allow":["GET"]}}],"collection":[{"href":"https:\/\/www.europesays.com\/fr\/wp-json\/wp\/v2\/posts"}],"about":[{"href":"https:\/\/www.europesays.com\/fr\/wp-json\/wp\/v2\/types\/post"}],"author":[{"embeddable":true,"href":"https:\/\/www.europesays.com\/fr\/wp-json\/wp\/v2\/users\/2"}],"replies":[{"embeddable":true,"href":"https:\/\/www.europesays.com\/fr\/wp-json\/wp\/v2\/comments?post=377731"}],"version-history":[{"count":0,"href":"https:\/\/www.europesays.com\/fr\/wp-json\/wp\/v2\/posts\/377731\/revisions"}],"wp:featuredmedia":[{"embeddable":true,"href":"https:\/\/www.europesays.com\/fr\/wp-json\/wp\/v2\/media\/377732"}],"wp:attachment":[{"href":"https:\/\/www.europesays.com\/fr\/wp-json\/wp\/v2\/media?parent=377731"}],"wp:term":[{"taxonomy":"category","embeddable":true,"href":"https:\/\/www.europesays.com\/fr\/wp-json\/wp\/v2\/categories?post=377731"},{"taxonomy":"post_tag","embeddable":true,"href":"https:\/\/www.europesays.com\/fr\/wp-json\/wp\/v2\/tags?post=377731"}],"curies":[{"name":"wp","href":"https:\/\/api.w.org\/{rel}","templated":true}]}}