{"id":377737,"date":"2025-09-09T12:50:13","date_gmt":"2025-09-09T12:50:13","guid":{"rendered":"https:\/\/www.europesays.com\/fr\/377737\/"},"modified":"2025-09-09T12:50:13","modified_gmt":"2025-09-09T12:50:13","slug":"il-va-bien-falloir-quon-prenne-le-taureau-par-les-cornes-le-president-oughourlian-appelle-a-une-amelioration-de-la-gouvernance-a-la-lfp","status":"publish","type":"post","link":"https:\/\/www.europesays.com\/fr\/377737\/","title":{"rendered":"\u00abIl va bien falloir qu\u2019on prenne le taureau par les cornes\u00bb, le pr\u00e9sident Oughourlian appelle \u00e0 \u00abune am\u00e9lioration de la gouvernance\u00bb \u00e0 la LFP"},"content":{"rendered":"<p>Invit\u00e9 de l\u2019\u00e9mission After Foot sur RMC lundi soir, Joseph Oughourlian est revenu sur son souhait, partag\u00e9 avec le pr\u00e9sident de l\u2019OM, d\u2019une nouvelle gouvernance au sein de la LFP.<\/p>\n<p>En fin de semaine derni\u00e8re, <a href=\"https:\/\/www.lensois.com\/joseph-oughourlian-et-franck-mccourt-om-unis-pour-denoncer-une-direction-defaillante-a-la-lfp\/\" rel=\"nofollow noopener\" target=\"_blank\">le propri\u00e9taire du RC Lens et le patron de l\u2019OM, Frank McCourt, avaient d\u00e9cid\u00e9 de s\u2019exprimer ensemble<\/a> dans les colonnes du Figaro pour \u00e9voquer la gouvernance du football professionnel fran\u00e7ais. Une intervention qui survient \u00e0 quelques jours de l\u2019assembl\u00e9e g\u00e9n\u00e9rale de la LFP, o\u00f9 de nouvelles \u00e9lections au sein du conseil d\u2019administration sont pr\u00e9vues.<\/p>\n<p>Notamment oppos\u00e9 \u00e0 l\u2019arriv\u00e9e de DAZN dans le cadre des droits TV il y a un an, Joseph Oughourlian s\u2019est trouv\u00e9 un alli\u00e9 en France. Ensemble, ils r\u00e9clament une \u00ab r\u00e9forme \u00bb afin de \u00ab mettre en place une direction \u00e0 la hauteur \u00bb, face aux difficult\u00e9s que conna\u00eet le football fran\u00e7ais depuis plusieurs ann\u00e9es. <strong>Lors de sa nouvelle prise de parole hier soir sur RMC, le patron lensois a \u00e9galement indiqu\u00e9 b\u00e9n\u00e9ficier du soutien d\u2019autres acteurs du football fran\u00e7ais :<\/strong><\/p>\n<blockquote class=\"twitter-tweet\">\n<p dir=\"ltr\" lang=\"fr\">\ud83d\udde8\ufe0f Oughourlian: \u201cPour que Linette soit candidat, il a fallu qu\u2019il fasse des sauts d\u2019obstacles, la ministre intervienne. Aujourd\u2019hui, il faut laisser la cha\u00eene Ligue 1+ vivre, il n\u2019y a pas d\u2019autres solutions. On a bousill\u00e9 notre produit pendant plus de 5 ans, il faudra du temps\u201d <a href=\"https:\/\/t.co\/RU9HniVxlq\" rel=\"nofollow\">pic.twitter.com\/RU9HniVxlq<\/a><\/p>\n<p>\u2014 After Foot RMC (@AfterRMC) <a href=\"https:\/\/twitter.com\/AfterRMC\/status\/1965151847032692946?ref_src=twsrc%5Etfw\" rel=\"nofollow noopener\" target=\"_blank\">September 8, 2025<\/a><\/p>\n<\/blockquote>\n<p>\u00ab Je n\u2019ai pas vu beaucoup de clubs qui l\u2019ont d\u00e9fendu ces jours-ci, commente-t-il au sujet de Vincent Labrune. Par rapport \u00e0 ce que j\u2019avais vu dans le pass\u00e9, il n\u2019y a pas beaucoup de pr\u00e9sidents qui sont sortis de leur tranch\u00e9e. Je pense qu\u2019il y a beaucoup de pr\u00e9sidents de clubs, et je les comprends quelque part qui, soit parce qu\u2019ils ne sont pas actionnaires ou pr\u00e9sidents-propri\u00e9taires, soit parce qu\u2019ils ne se sentent pas de prendre la parole dans les m\u00e9dias sur ce type de sujets, n\u2019ont pas envie de s\u2019exprimer. Mais ils n\u2019en pensent pas moins. Est-ce que je re\u00e7ois des messages de soutien ? Bien s\u00fbr, bien s\u00fbr. Depuis un certain temps, les messages et les soutiens viennent de l\u2019ext\u00e9rieur de la Ligue. Nous, les pr\u00e9sidents, on doit se regarder un peu dans le miroir et se dire : \u201cSoit on a raison et tout le monde s\u2019est tromp\u00e9, soit ils ont peut-\u00eatre raison tous nos supporters, les hommes politiques, le l\u00e9gislateur\u2026\u201d Tout le monde d\u00e9nonce le syst\u00e8me, personne n\u2019est content avec ce qui se passe. Il va bien falloir qu\u2019on prenne le taureau par les cornes. [\u2026] Ce n\u2019est pas une question de vendetta personnelle vis-\u00e0-vis de Vincent Labrune. Son d\u00e9part n\u2019est pas le but de toute notre strat\u00e9gie. Notre strat\u00e9gie est centr\u00e9e sur une am\u00e9lioration de la gouvernance et des instances. \u00bb<\/p>\n<p><img loading=\"lazy\" decoding=\"async\" class=\"alignnone size-medium wp-image-271231 lazyload\" alt=\"\" width=\"600\" height=\"400\" src=\"https:\/\/www.europesays.com\/fr\/wp-content\/uploads\/2025\/09\/joseph-oughourlian-lens-saint-etienne-asse-060425-600x400.jpg\" data-eio-rwidth=\"600\" data-eio-rheight=\"400\"\/><\/p>\n<p>\u00ab Il y a un certain nombre de clubs qui n\u2019ont vraiment plus rien \u00e0 se mettre sous la dent \u00bb<\/p>\n<p>Le propri\u00e9taire du club art\u00e9sien ne se contente pas de pointer du doigt les lacunes de la Ligue : <strong>il avance aussi de nouvelles pistes<\/strong>. \u00ab J\u2019ai quelques objectifs. Le premier, c\u2019est qu\u2019on laisse vivre la cha\u00eene Ligue 1+. Il n\u2019y a pas d\u2019autre solution. Je vois bien qui doit avoir int\u00e9r\u00eat \u00e0 la tuer la cha\u00eene\u2026 en tout cas, pas les clubs. Il y a des int\u00e9r\u00eats \u00e9conomiques en jeu et je comprends certains acteurs qui n\u2019ont pas int\u00e9r\u00eat \u00e0 ce qu\u2019il y ait une Ligue avec sa cha\u00eene, qui soit ind\u00e9pendante et qui prosp\u00e8re. Il va nous falloir du temps. \u00c7a ne va pas se faire d\u2019un jour \u00e0 l\u2019autre. Quand je vois des gens qui disent apr\u00e8s quelques semaines : \u201cC\u2019est quoi les revenus de ce truc-l\u00e0 ? O\u00f9 est-ce qu\u2019on va avec cette cha\u00eene ?\u201d Attendez\u2026 On a bousill\u00e9 notre produit pendant cinq ans, voire plus, on ne va pas se rabibocher en trois semaines avec nos clients, les gens qui veulent nous regarder. D\u2019ailleurs, on part avec huit matchs sur neuf, ce qui est d\u00e9j\u00e0 un handicap. Mon deuxi\u00e8me sujet, c\u2019est la r\u00e9partition. Il faut qu\u2019on remette la r\u00e9partition sur la table, parce que l\u00e0, on est sur des extr\u00eames o\u00f9 les clubs n\u2019ont litt\u00e9ralement plus rien du tout. Il y a un certain nombre de clubs qui n\u2019ont vraiment plus rien \u00e0 se mettre sous la dent et qui n\u2019ont pas les revenus commerciaux qu\u2019on peut avoir \u00e0 Lens. \u00bb<\/p>\n<p>\t<script async src=\"https:\/\/platform.twitter.com\/widgets.js\" charset=\"utf-8\"><\/script><\/p>\n","protected":false},"excerpt":{"rendered":"Invit\u00e9 de l\u2019\u00e9mission After Foot sur RMC lundi soir, Joseph Oughourlian est revenu sur son souhait, partag\u00e9 avec&hellip;\n","protected":false},"author":2,"featured_media":377738,"comment_status":"","ping_status":"","sticky":false,"template":"","format":"standard","meta":{"footnotes":""},"categories":[1410],"tags":[63,1011,27,60],"class_list":{"0":"post-377737","1":"post","2":"type-post","3":"status-publish","4":"format-standard","5":"has-post-thumbnail","7":"category-football","8":"tag-football","9":"tag-fr","10":"tag-france","11":"tag-sports"},"share_on_mastodon":{"url":"https:\/\/pubeurope.com\/@fr\/115174430886607405","error":""},"_links":{"self":[{"href":"https:\/\/www.europesays.com\/fr\/wp-json\/wp\/v2\/posts\/377737","targetHints":{"allow":["GET"]}}],"collection":[{"href":"https:\/\/www.europesays.com\/fr\/wp-json\/wp\/v2\/posts"}],"about":[{"href":"https:\/\/www.europesays.com\/fr\/wp-json\/wp\/v2\/types\/post"}],"author":[{"embeddable":true,"href":"https:\/\/www.europesays.com\/fr\/wp-json\/wp\/v2\/users\/2"}],"replies":[{"embeddable":true,"href":"https:\/\/www.europesays.com\/fr\/wp-json\/wp\/v2\/comments?post=377737"}],"version-history":[{"count":0,"href":"https:\/\/www.europesays.com\/fr\/wp-json\/wp\/v2\/posts\/377737\/revisions"}],"wp:featuredmedia":[{"embeddable":true,"href":"https:\/\/www.europesays.com\/fr\/wp-json\/wp\/v2\/media\/377738"}],"wp:attachment":[{"href":"https:\/\/www.europesays.com\/fr\/wp-json\/wp\/v2\/media?parent=377737"}],"wp:term":[{"taxonomy":"category","embeddable":true,"href":"https:\/\/www.europesays.com\/fr\/wp-json\/wp\/v2\/categories?post=377737"},{"taxonomy":"post_tag","embeddable":true,"href":"https:\/\/www.europesays.com\/fr\/wp-json\/wp\/v2\/tags?post=377737"}],"curies":[{"name":"wp","href":"https:\/\/api.w.org\/{rel}","templated":true}]}}