{"id":377755,"date":"2025-09-09T12:59:14","date_gmt":"2025-09-09T12:59:14","guid":{"rendered":"https:\/\/www.europesays.com\/fr\/377755\/"},"modified":"2025-09-09T12:59:14","modified_gmt":"2025-09-09T12:59:14","slug":"flavigny-sur-ozerain-perrine-ancienne-candidate-de-lamour-est-dans-le-pre-met-en-vente-sa-ferme","status":"publish","type":"post","link":"https:\/\/www.europesays.com\/fr\/377755\/","title":{"rendered":"Flavigny-sur-Ozerain. Perrine, ancienne candidate de \u00ab\u00a0L&rsquo;Amour est dans le pr\u00e9\u00a0\u00bb met en vente sa ferme"},"content":{"rendered":"<p>La France l&rsquo;avait d\u00e9couverte en 2023 lors de la saison 18 de l&rsquo;\u00e9mission de M6, \u00a0\u00bbL&rsquo;Amour est dans le pr\u00e9\u00a0\u00bb. <a href=\"https:\/\/www.bienpublic.com\/culture-loisirs\/2023\/09\/04\/quatre-infos-a-savoir-sur-perrine-l-eleveuse-d-escargots-de-cote-d-or-dont-l-aventure-commence-ce-lundi-dans-l-amour-est-dans-le-pre-sur-m6\" target=\"_blank\" rel=\"noopener\">Perrine Doudin, \u00e9leveuse d&rsquo;escargots<\/a> \u00e0 Flavigny-sur-Ozerain, annonce mettre en vente sa ferme dans une vid\u00e9o publi\u00e9e ce week-end sur son compte Instagram et rep\u00e9r\u00e9e par <a href=\"https:\/\/www.lejsl.com\/economie\/2025\/09\/09\/a-bout-perrine-ex-candidate-de-l-amour-est-dans-le-pre-met-en-vente-sa-ferme\" target=\"_blank\" rel=\"noopener\">nos confr\u00e8res du Journal de Sa\u00f4ne-et-Loire. <\/a><\/p>\n<p>Dans cette vid\u00e9o, la jeune femme explique ce choix. \u00ab Je suis arriv\u00e9e \u00e0 bout physiquement. Je souffre beaucoup, cette ann\u00e9e a \u00e9t\u00e9 la pire je pense. Cet \u00e9t\u00e9, j&rsquo;\u00e9tais toujours en r\u00e9cidive. Mon \u00e9tat n&rsquo;a pas chang\u00e9 depuis janvier, on m&rsquo;a augment\u00e9 le traitement&#8230; De plus, ma maman a fait un AVC donc je n&rsquo;ai plus personne quand j&rsquo;ai besoin pour m&rsquo;aider \u00e0 la ferme.\u00a0\u00bb<\/p>\n<p>Pour rappel, l&rsquo;\u00e9leveuse est atteinte de <a href=\"https:\/\/www.ameli.fr\/assure\/sante\/themes\/maladie-crohn\/definition-facteurs-favorisants\" target=\"_blank\" rel=\"noopener\">la maladie de Crohn<\/a>, une maladie inflammatoire chronique de l&rsquo;intestin (MICI) pouvant toucher tout le tube digestif.<\/p>\n<p>Ce contenu est bloqu\u00e9 car vous n&rsquo;avez pas accept\u00e9 les cookies et autres traceurs.<\/p>\n<p>En cliquant sur \u00ab J\u2019accepte \u00bb, les cookies et autres traceurs seront d\u00e9pos\u00e9s et vous pourrez visualiser les contenus  (<a href=\"\" class=\"consentModule_policy\" target=\"_blank\" title=\"Consulter la politique de protection des donn\u00e9es du fournisseur\">plus d&rsquo;informations<\/a>).<\/p>\n<p>En cliquant sur \u00ab J\u2019accepte tous les cookies \u00bb, vous autorisez des d\u00e9p\u00f4ts de cookies et autres traceurs pour le stockage de vos donn\u00e9es sur nos sites et applications \u00e0 des fins de personnalisation et de ciblage publicitaire.<\/p>\n<p class=\"consentModule_secondaryText\">Vous gardez la possibilit\u00e9 de retirer votre consentement \u00e0 tout moment en consultant notre <a href=\"https:\/\/www.bienpublic.com\/protection-des-donnees\" target=\"_blank\" title=\"Consulter notre politique de protection des donn\u00e9es\" rel=\"noopener\">politique de protection des donn\u00e9es<\/a>. <br \/>&#13;<br \/>\n            <a href=\"https:\/\/www.bienpublic.com\/economie\/2025\/09\/09\/javascript:Didomi.notice.show()\" class=\"consentModule_cmp\" target=\"_blank\" rel=\"noopener\">G\u00e9rer mes choix<\/a>&#13;\n        <\/p>\n<p>&#13;<br \/>\n                        J&rsquo;accepte&#13;<br \/>\n            J&rsquo;accepte tous les cookies&#13;\n        <\/p>\n<p>  Elle poursuit l&rsquo;activit\u00e9 jusqu&rsquo;\u00e0 trouver un repreneur<\/p>\n<p>Dans cette m\u00eame vid\u00e9o, Perrine indique poursuivre l&rsquo;activit\u00e9 \u00e0 la ferme dans l&rsquo;attente de trouver un successeur. Et liste les points forts de son exploitation \u00a0: l&rsquo;activit\u00e9 touristique \u00e0 Flavigny-sur-Ozerain, la possibilit\u00e9 d&rsquo;agrandir encore le parc d&rsquo;escargots, la pr\u00e9sence d&rsquo;un mat\u00e9riel de transformation des produits directement sur l&rsquo;exploitation et un r\u00e9seau de vente d\u00e9j\u00e0 en place entre la ferme, les restaurants locaux et le site internet de la ferme.<\/p>\n<p>Financi\u00e8rement, l&rsquo;agricultrice a aussi confi\u00e9 au <a href=\"https:\/\/www.leparisien.fr\/culture-loisirs\/je-souffre-beaucoup-malade-perrine-de-lamour-est-dans-le-pre-doit-vendre-sa-ferme-descargots-08-09-2025-7UJ5G2D5H5EHRNUTIXPEZ6PWAM.php?xtor=AD-366\" target=\"_blank\" rel=\"noopener\">Parisien<\/a> que \u00e7a ne suit plus. \u00ab On n&rsquo;est pas reconnu, on n&rsquo;a pas d&rsquo;aide.\u00a0\u00bb L&rsquo;agricultrice assure ne se verser que \u00ab\u00a0200 euros une fois tous les trois mois environ\u00a0\u00bb. Perrine esp\u00e8re d\u00e9sormais qu&rsquo;un repreneur se manifestera.<\/p>\n<p>Ces derni\u00e8res semaines, Perrine avait b\u00e9n\u00e9fici\u00e9 d&rsquo;un immense coup de projecteur \u00e0 l&rsquo;international avec\u00a0<a href=\"https:\/\/www.bienpublic.com\/societe\/2025\/07\/21\/apres-son-passage-a-dijon-eva-longoria-rend-visite-a-perrine-de-l-amour-est-dans-le-pre\" target=\"_blank\" rel=\"noopener\">la visite de la star Eva Longoria<\/a> venue tourner des s\u00e9quences de son \u00e9mission culinaire \u00a0\u00bbSearching for France\u00a0\u00bb.<\/p>\n","protected":false},"excerpt":{"rendered":"La France l&rsquo;avait d\u00e9couverte en 2023 lors de la saison 18 de l&rsquo;\u00e9mission de M6, \u00a0\u00bbL&rsquo;Amour est dans&hellip;\n","protected":false},"author":2,"featured_media":377756,"comment_status":"","ping_status":"","sticky":false,"template":"","format":"standard","meta":{"footnotes":""},"categories":[8],"tags":[327,2931,58,11743,59,107,51144,1011,27,273,2205],"class_list":{"0":"post-377755","1":"post","2":"type-post","3":"status-publish","4":"format-standard","5":"has-post-thumbnail","7":"category-divertissement","8":"tag-agriculture","9":"tag-cote-dor","10":"tag-divertissement","11":"tag-edition-haute-cote-dor","12":"tag-entertainment","13":"tag-fil-info","14":"tag-flavigny-sur-ozerain","15":"tag-fr","16":"tag-france","17":"tag-selection-de-la-redaction","18":"tag-television-medias"},"share_on_mastodon":{"url":"https:\/\/pubeurope.com\/@fr\/115174464894378110","error":""},"_links":{"self":[{"href":"https:\/\/www.europesays.com\/fr\/wp-json\/wp\/v2\/posts\/377755","targetHints":{"allow":["GET"]}}],"collection":[{"href":"https:\/\/www.europesays.com\/fr\/wp-json\/wp\/v2\/posts"}],"about":[{"href":"https:\/\/www.europesays.com\/fr\/wp-json\/wp\/v2\/types\/post"}],"author":[{"embeddable":true,"href":"https:\/\/www.europesays.com\/fr\/wp-json\/wp\/v2\/users\/2"}],"replies":[{"embeddable":true,"href":"https:\/\/www.europesays.com\/fr\/wp-json\/wp\/v2\/comments?post=377755"}],"version-history":[{"count":0,"href":"https:\/\/www.europesays.com\/fr\/wp-json\/wp\/v2\/posts\/377755\/revisions"}],"wp:featuredmedia":[{"embeddable":true,"href":"https:\/\/www.europesays.com\/fr\/wp-json\/wp\/v2\/media\/377756"}],"wp:attachment":[{"href":"https:\/\/www.europesays.com\/fr\/wp-json\/wp\/v2\/media?parent=377755"}],"wp:term":[{"taxonomy":"category","embeddable":true,"href":"https:\/\/www.europesays.com\/fr\/wp-json\/wp\/v2\/categories?post=377755"},{"taxonomy":"post_tag","embeddable":true,"href":"https:\/\/www.europesays.com\/fr\/wp-json\/wp\/v2\/tags?post=377755"}],"curies":[{"name":"wp","href":"https:\/\/api.w.org\/{rel}","templated":true}]}}