{"id":377760,"date":"2025-09-09T13:06:11","date_gmt":"2025-09-09T13:06:11","guid":{"rendered":"https:\/\/www.europesays.com\/fr\/377760\/"},"modified":"2025-09-09T13:06:11","modified_gmt":"2025-09-09T13:06:11","slug":"deux-ministres-israeliens-dextreme-droite-interdits-dentrer-espagne","status":"publish","type":"post","link":"https:\/\/www.europesays.com\/fr\/377760\/","title":{"rendered":"deux ministres isra\u00e9liens d\u2019extr\u00eame droite interdits d\u2019entrer Espagne"},"content":{"rendered":"<p>Les ministres isra\u00e9liens de la S\u00e9curit\u00e9 nationale et des Finances ne pourront pas entrer en Espagne. La d\u00e9cision fait suite aux sanctions isra\u00e9liennes contre deux ministres espagnoles.<\/p>\n<p class=\"fig-paragraph\">L&rsquo;Espagne\u00a0va d\u00e9sormais interdire l&rsquo;entr\u00e9e sur son territoire \u00e0 deux ministres d&rsquo;extr\u00eame droite du gouvernement isra\u00e9lien de Benyamin Netanyahou, a annonc\u00e9 mardi 9 septembre le ministre des Affaires \u00e9trang\u00e8res espagnol. Cette d\u00e9claration fait suite \u00e0 l\u2019annonce par\u00a0<a href=\"http:\/\/www.lefigaro.fr\/international\/conflits-au-proche-orient-la-stabilite-regionale-serait-entravee-si-l-etat-palestinien-etait-reconnu-annonce-israel-20250909\" data-fig-type=\"NewsFlash\" data-gtm-custom-categorie=\"navigation\" data-gtm-custom-action=\"crossclick\" data-gtm-custom-label=\"Contextuel\" data-gtm-event=\"customEventSPE\" data-fig-domain=\"LEFIGARO\" target=\"_blank\" rel=\"noopener\">Isra\u00ebl\u00a0<\/a>de la m\u00eame mesure \u00e0 l\u2019encontre de deux ministres espagnoles.<\/p>\n<p class=\"fig-paragraph\">Les ministres isra\u00e9liens\u00a0<a href=\"http:\/\/www.lefigaro.fr\/flash-actu\/le-ministre-israelien-ben-gvir-rejette-un-ordre-de-justice-de-mieux-nourrir-les-detenus-palestiniens-20250908\" data-fig-type=\"NewsFlash\" data-gtm-custom-categorie=\"navigation\" data-gtm-custom-action=\"crossclick\" data-gtm-custom-label=\"Contextuel\" data-gtm-event=\"customEventSPE\" data-fig-domain=\"LEFIGARO\" target=\"_blank\" rel=\"noopener\">Itamar Ben-Gvir<\/a>\u00a0et\u00a0<a href=\"https:\/\/www.lefigaro.fr\/international\/israel-bezalel-smotrich-champion-de-la-colonisation-decomplexee-20230601\" data-fig-type=\"Article\" data-gtm-custom-categorie=\"navigation\" data-gtm-custom-action=\"crossclick\" data-gtm-custom-label=\"Contextuel\" data-gtm-event=\"customEventSPE\" data-fig-domain=\"LEFIGARO\" target=\"_blank\" rel=\"noopener\">Bezalel Smotrich<\/a>\u00a0ont \u00e9t\u00e9 inclus \u00abdans la liste officielle des personnes sanctionn\u00e9es\u00bb et \u00abne pourront pas acc\u00e9der au territoire espagnol\u00bb, a annonc\u00e9 Jos\u00e9 Manuel Albares, pr\u00e9cisant qu\u2019il s\u2019agissait d\u2019une \u00abliste ouverte\u00bb, et n\u2019excluant pas d\u2019y ajouter d\u2019autres personnes qui, selon Madrid, entravent la paix et rappelant qu\u2019elle comprenait d\u00e9j\u00e0 \u00ab13 colons violents\u00bb.<\/p>\n<p>                                    <a class=\"fig-a11y-skip a11y-hidden\" href=\"#fig-a11y-skip-main-inarticle\"><br \/>\n        Passer la publicit\u00e9<br \/>\n    <\/a><\/p>\n<p class=\"fig-paragraph\">Cette d\u00e9claration intervient au lendemain d&rsquo;\u00e9changes tr\u00e8s vifs entre l&rsquo;Espagne et Isra\u00ebl apr\u00e8s la pr\u00e9sentation par le premier ministre espagnol d\u2019une s\u00e9rie de mesures destin\u00e9es \u00e0 \u00ab<a href=\"https:\/\/www.lefigaro.fr\/international\/le-premier-ministre-espagnol-pedro-sanchez-annonce-une-serie-de-mesures-pour-mettre-fin-au-genocide-a-gaza-20250908?msockid=2dda64b82db3621607b572ef2cba639a\" target=\"_blank\" data-fig-type=\"NewsFlash\" rel=\"sponsored noopener\" data-gtm-custom-categorie=\"navigation\" data-gtm-custom-action=\"crossclick\" data-gtm-custom-label=\"Contextuel\" data-gtm-event=\"customEventSPE\" data-fig-domain=\"LEFIGARO\">mettre un terme au g\u00e9nocide \u00e0 Gaza<\/a> \u00bb, une annonce qui a suscit\u00e9 la col\u00e8re d\u2019Isra\u00ebl, qui a fustig\u00e9 une \u00abcampagne anti-isra\u00e9lienne et antis\u00e9mite\u00bb de Madrid et interdit l\u2019entr\u00e9e de son territoire \u00e0 deux ministres du gouvernement espagnol.<\/p>\n<p class=\"fig-paragraph\">En fin de journ\u00e9e, l\u2019Espagne a rappel\u00e9 pour consultations son ambassadrice en Isra\u00ebl.<\/p>\n<p>L\u2019Espagne durcit le ton<\/p>\n<p class=\"fig-paragraph\">Le gouvernement espagnol est l\u2019une des voix les plus critiques en Europe envers l\u2019action men\u00e9e par Isra\u00ebl \u00e0 Gaza, ce qui entra\u00eene souvent des tensions avec Isra\u00ebl, qui n\u2019a plus d\u2019ambassadeur \u00e0 Madrid depuis la reconnaissance de l\u2019\u00c9tat de Palestine par l\u2019ex\u00e9cutif de S\u00e1nchez en mai 2024.<\/p>\n<p class=\"fig-paragraph\">Lundi, Pedro S\u00e1nchez a annonc\u00e9 notamment mettre en \u0153uvre un embargo sur les ventes d\u2019armes \u00e0 Isra\u00ebl, interdire dans l\u2019espace a\u00e9rien espagnol les avions transportant du mat\u00e9riel de d\u00e9fense pour Isra\u00ebl, ou encore interdire aux navires transportant du carburant destin\u00e9 \u00e0 l\u2019arm\u00e9e isra\u00e9lienne d\u2019accoster dans les ports espagnols.<\/p>\n<p class=\"fig-paragraph\">Le dirigeant socialiste espagnol avait aussi d\u00e9clar\u00e9 d\u00e8s lundi, avant les pr\u00e9cisions de son ministre des Affaires \u00e9trang\u00e8res, que l\u2019entr\u00e9e sur le territoire espagnol serait interdite \u00e0 davantage de personnes participant \u00abdirectement au g\u00e9nocide\u00bb.<\/p>\n<p>                                    <a class=\"fig-a11y-skip a11y-hidden\" href=\"#fig-a11y-skip-main-inarticle_mtf\"><br \/>\n        Passer la publicit\u00e9<br \/>\n    <\/a><\/p>\n<p class=\"fig-paragraph\">Au sein de l\u2019Union europ\u00e9enne, les Pays-Bas et la Slov\u00e9nie avaient d\u00e9j\u00e0 interdit l\u2019acc\u00e8s de leur territoire \u00e0 Itamar Ben-Gvir et Bezalel Smotrich, des ministres cl\u00e9s de la coalition du gouvernement de Benyamin Netanyahou qui ont aussi \u00e9t\u00e9 sanctionn\u00e9s par l\u2019Australie, le Canada, le Royaume-Uni, la Nouvelle-Z\u00e9lande et la Norv\u00e8ge.<\/p>\n","protected":false},"excerpt":{"rendered":"Les ministres isra\u00e9liens de la S\u00e9curit\u00e9 nationale et des Finances ne pourront pas entrer en Espagne. La d\u00e9cision&hellip;\n","protected":false},"author":2,"featured_media":377761,"comment_status":"","ping_status":"","sticky":false,"template":"","format":"standard","meta":{"footnotes":""},"categories":[5],"tags":[11,952,123,1011,27,14,12,28],"class_list":{"0":"post-377760","1":"post","2":"type-post","3":"status-publish","4":"format-standard","5":"has-post-thumbnail","7":"category-international","8":"tag-actualites","9":"tag-benyamin-netanyahou","10":"tag-espagne","11":"tag-fr","12":"tag-france","13":"tag-international","14":"tag-news","15":"tag-world"},"share_on_mastodon":{"url":"https:\/\/pubeurope.com\/@fr\/115174492370285007","error":""},"_links":{"self":[{"href":"https:\/\/www.europesays.com\/fr\/wp-json\/wp\/v2\/posts\/377760","targetHints":{"allow":["GET"]}}],"collection":[{"href":"https:\/\/www.europesays.com\/fr\/wp-json\/wp\/v2\/posts"}],"about":[{"href":"https:\/\/www.europesays.com\/fr\/wp-json\/wp\/v2\/types\/post"}],"author":[{"embeddable":true,"href":"https:\/\/www.europesays.com\/fr\/wp-json\/wp\/v2\/users\/2"}],"replies":[{"embeddable":true,"href":"https:\/\/www.europesays.com\/fr\/wp-json\/wp\/v2\/comments?post=377760"}],"version-history":[{"count":0,"href":"https:\/\/www.europesays.com\/fr\/wp-json\/wp\/v2\/posts\/377760\/revisions"}],"wp:featuredmedia":[{"embeddable":true,"href":"https:\/\/www.europesays.com\/fr\/wp-json\/wp\/v2\/media\/377761"}],"wp:attachment":[{"href":"https:\/\/www.europesays.com\/fr\/wp-json\/wp\/v2\/media?parent=377760"}],"wp:term":[{"taxonomy":"category","embeddable":true,"href":"https:\/\/www.europesays.com\/fr\/wp-json\/wp\/v2\/categories?post=377760"},{"taxonomy":"post_tag","embeddable":true,"href":"https:\/\/www.europesays.com\/fr\/wp-json\/wp\/v2\/tags?post=377760"}],"curies":[{"name":"wp","href":"https:\/\/api.w.org\/{rel}","templated":true}]}}