{"id":377766,"date":"2025-09-09T13:09:11","date_gmt":"2025-09-09T13:09:11","guid":{"rendered":"https:\/\/www.europesays.com\/fr\/377766\/"},"modified":"2025-09-09T13:09:11","modified_gmt":"2025-09-09T13:09:11","slug":"bloquons-tout-des-creches-perturbees-a-saint-etienne-la-stas-epargnee","status":"publish","type":"post","link":"https:\/\/www.europesays.com\/fr\/377766\/","title":{"rendered":"\u00ab\u00a0Bloquons tout !\u00a0\u00bb : des cr\u00e8ches perturb\u00e9es \u00e0 Saint-\u00c9tienne, la Stas \u00e9pargn\u00e9e"},"content":{"rendered":"<p>Plusieurs rassemblements sont pr\u00e9vus, ce mercredi 10 septembre, dans la Loire et en Haute-Loire. \u00c0 Saint-\u00c9tienne, cette journ\u00e9e de mobilisation va notamment perturber le fonctionnement des cr\u00e8ches municipales.<\/p>\n<p>Journ\u00e9e de gr\u00e8ve, ce mercredi, partout en France.<\/p>\n<p>Des appels \u00e0 manifester, d\u00e9brayer, voire bloquer ont \u00e9t\u00e9 lanc\u00e9s un peu partout dans le pays, dans le cadre du <a class=\"url\" href=\"https:\/\/radioscoop.com\/infos\/mobilisations-du-10-septembre-en-auvergne-rhone-alpes-quelles-actions-chez-nous_337086\" target=\"_blank\" rel=\"noopener\">mouvement \u00ab\u00a0Bloquons tout\u00a0\u00bb<\/a> en ce 10 septembre.<\/p>\n<p>\u00c0 <b>Saint-\u00c9tienne<\/b>, un rassemblement est notamment pr\u00e9vu \u00e0 8h30 devant la gare de <b>Ch\u00e2teaucreux<\/b>, avant une manifestation, plus classique, \u00e0 15h au d\u00e9part de la <b>Bourse du travail<\/b>.<\/p>\n<p>Dans ce contexte, l&rsquo;organisation de la plupart des <b>cr\u00e8ches municipales<\/b> sera perturb\u00e9e. Seulement deux \u00e9tablissements (Sirainette et Grenette) fonctionneront normalement, les huit autres seront ouverts partiellement :<\/p>\n<p>&#8211; <b>Com\u00e9die<\/b> : service Perlins ouvert de 9h \u00e0 16h30 \/ service Bambins ouvert de 8h30 \u00e0 16h \/ service Explorateurs ouvert de 7h30 \u00e0 16h30 \/ service Fripounet ferm\u00e9<\/p>\n<p>&#8211; <b>Galapiats<\/b> : service Moussaillons ouvert de 8h30 \u00e0 16h45 \/ service Petits mousses ferm\u00e9<\/p>\n<p>&#8211; <b>Jardin d&rsquo;enfants du parc de l&rsquo;Europe<\/b> : service Toucha ouvert normalement \/ service Passe partout ferm\u00e9<\/p>\n<p>&#8211; <b>Jean Mac\u00e9<\/b> : service Aventuriers ouvert de 7h30 \u00e0 17h30 \/ service Explorateurs ferm\u00e9<\/p>\n<p>&#8211; <b>Les Petits Manuchards<\/b> : service Explorateurs ouvert de 8h30 \u00e0 17h \/ service Palais des b\u00e9b\u00e9s ferm\u00e9<\/p>\n<p>&#8211; <b>Minouchat<\/b> : cr\u00e8che ouverte de 7h30 \u00e0 17h<\/p>\n<p>&#8211; <b>Ribambelle<\/b> : service Aventuriers ouvert de 8h30 \u00e0 12h sans repas \/ service Globe Trotteurs ferm\u00e9<\/p>\n<p>&#8211; <b>Saint-Sa\u00ebns<\/b> : service des b\u00e9b\u00e9s ouvert normalement \/ service des grands ouvert \u00e0 partir de 13h<\/p>\n<p>Peu de perturbations \u00e0 la Stas<\/p>\n<p>Si un pr\u00e9avis de gr\u00e8ve est d\u00e9pos\u00e9 \u00e0 la SNCF et dans le secteur du transport a\u00e9rien, le mouvement ne devrait pas beaucoup impacter les usagers de la <b>Stas<\/b>.<\/p>\n<p>La compagnie des transports en commun de l&rsquo;agglom\u00e9ration st\u00e9phanoise assure, en effet, que <b>toutes les lignes du r\u00e9seau circuleront<\/b>.<\/p>\n<p>&#8211; Les lignes de tramway <b>T1, T2 et T3<\/b> circuleront normalement, \u00e0 100%<\/p>\n<p>&#8211; Les lignes M\u00e9tropoles <b>M1, M2, M3, M4, et M7<\/b> circuleront normalement. Les lignes M\u00e9tropoles <b>M6 et M9<\/b> circuleront avec des horaires de passage adapt\u00e9s<\/p>\n<p>&#8211; Les lignes <b>8, 10 12, 13, 16, 17, 21 et 24<\/b> circuleront avec des horaires de passage adapt\u00e9s, \u00e0 environ 80% de l&rsquo;offre habituelle<\/p>\n<p>Par ailleurs, les manifestations pourraient provoquer des perturbations le temps de leur passage en centre-ville.<\/p>\n<p><img loading=\"lazy\" decoding=\"async\" src=\"https:\/\/www.europesays.com\/fr\/wp-content\/uploads\/2025\/09\/1757423351_308_img\" width=\"350\" height=\"200\" border=\"0\" title=\"Un mouvement de gr\u00c3\u00a8ve.\"\/><\/p>\n<p>\u25baSoci\u00e9t\u00e9<\/p>\n<p style=\"font-size: 22px;\"><b>Mobilisations du 10 septembre en Auvergne-Rh\u00f4ne-Alpes : quelles actions chez nous ?<\/b><\/p>\n<p>La journ\u00e9e de mobilisation du mercredi 10 septembre,&#8230;<\/p>\n<p><\/p>\n","protected":false},"excerpt":{"rendered":"Plusieurs rassemblements sont pr\u00e9vus, ce mercredi 10 septembre, dans la Loire et en Haute-Loire. \u00c0 Saint-\u00c9tienne, cette journ\u00e9e&hellip;\n","protected":false},"author":2,"featured_media":377767,"comment_status":"","ping_status":"","sticky":false,"template":"","format":"standard","meta":{"footnotes":""},"categories":[9653],"tags":[48300,1111,11,2430,47212,20696,1777,674,1011,27,12,25,9920,4001,24434,2803],"class_list":{"0":"post-377766","1":"post","2":"type-post","3":"status-publish","4":"format-standard","5":"has-post-thumbnail","7":"category-saint-etienne","8":"tag-10-septembre","9":"tag-actu","10":"tag-actualites","11":"tag-auvergne-rhone-alpes","12":"tag-bloquons-tout","13":"tag-crche","14":"tag-eu","15":"tag-europe","16":"tag-fr","17":"tag-france","18":"tag-news","19":"tag-republique-francaise","20":"tag-saint-tienne","21":"tag-saint-etienne","22":"tag-stas","23":"tag-transport"},"share_on_mastodon":{"url":"https:\/\/pubeurope.com\/@fr\/115174504600460760","error":""},"_links":{"self":[{"href":"https:\/\/www.europesays.com\/fr\/wp-json\/wp\/v2\/posts\/377766","targetHints":{"allow":["GET"]}}],"collection":[{"href":"https:\/\/www.europesays.com\/fr\/wp-json\/wp\/v2\/posts"}],"about":[{"href":"https:\/\/www.europesays.com\/fr\/wp-json\/wp\/v2\/types\/post"}],"author":[{"embeddable":true,"href":"https:\/\/www.europesays.com\/fr\/wp-json\/wp\/v2\/users\/2"}],"replies":[{"embeddable":true,"href":"https:\/\/www.europesays.com\/fr\/wp-json\/wp\/v2\/comments?post=377766"}],"version-history":[{"count":0,"href":"https:\/\/www.europesays.com\/fr\/wp-json\/wp\/v2\/posts\/377766\/revisions"}],"wp:featuredmedia":[{"embeddable":true,"href":"https:\/\/www.europesays.com\/fr\/wp-json\/wp\/v2\/media\/377767"}],"wp:attachment":[{"href":"https:\/\/www.europesays.com\/fr\/wp-json\/wp\/v2\/media?parent=377766"}],"wp:term":[{"taxonomy":"category","embeddable":true,"href":"https:\/\/www.europesays.com\/fr\/wp-json\/wp\/v2\/categories?post=377766"},{"taxonomy":"post_tag","embeddable":true,"href":"https:\/\/www.europesays.com\/fr\/wp-json\/wp\/v2\/tags?post=377766"}],"curies":[{"name":"wp","href":"https:\/\/api.w.org\/{rel}","templated":true}]}}