{"id":377768,"date":"2025-09-09T13:10:15","date_gmt":"2025-09-09T13:10:15","guid":{"rendered":"https:\/\/www.europesays.com\/fr\/377768\/"},"modified":"2025-09-09T13:10:15","modified_gmt":"2025-09-09T13:10:15","slug":"cest-quoi-ce-bruit-que-vous-allez-entendre-jeudi","status":"publish","type":"post","link":"https:\/\/www.europesays.com\/fr\/377768\/","title":{"rendered":"C\u2019est quoi ce bruit que vous allez entendre jeudi\u00a0?"},"content":{"rendered":"<p>Ce jeudi 11\u00a0septembre, plusieurs avions de la Patrouille de France vont survoler le ciel de la ville de <a href=\"https:\/\/www.20minutes.fr\/dossier\/saint-etienne\" class=\"c-link c-link--is-underlined\" rel=\"nofollow noopener\" target=\"_blank\">Saint-\u00c9tienne<\/a> (<a href=\"https:\/\/www.20minutes.fr\/dossier\/loire\" class=\"c-link c-link--is-underlined\" rel=\"nofollow noopener\" target=\"_blank\">Loire<\/a>). Cette manifestation exceptionnelle se d\u00e9roulera dans le cadre de \u00ab\u00a0Septembre Rouge\u00a0\u00bb, mois de sensibilisation aux cancers h\u00e9matologiques. Comme l\u2019indique le <a href=\"https:\/\/actu.fr\/auvergne-rhone-alpes\/saint-etienne_42218\/saint-etienne-pourquoi-les-avions-de-la-patrouille-de-france-vont-survoler-la-ville-ce-jeudi_63128585.html\" target=\"_blank\" class=\"c-link c-link--is-underlined\" rel=\"nofollow noopener\">site Actu.fr<\/a>, depuis\u00a02022, le mois de septembre est d\u00e9di\u00e9 aux cancers du sang.<\/p>\n<p>C\u2019est sur ses r\u00e9seaux sociaux que le Centre hospitalier universitaire (CHU) de Saint-\u00c9tienne a confirm\u00e9 la participation de la Patrouille de France, qui survolera l\u2019\u00e9tablissement m\u00e9dical\u00a0: \u00ab\u00a0Un moment fort rendu possible par l\u2019association ELLYE, pour sensibiliser aux cancers du sang (leuc\u00e9mies, lymphomes, my\u00e9lomes) et soutenir les patients ainsi que la recherche\u00a0\u00bb.<\/p>\n<p>Une tra\u00een\u00e9e de fum\u00e9e rouge<\/p>\n<p>Habituellement, le panache de fum\u00e9e rel\u00e2ch\u00e9 par les avions de la Patrouille de France repr\u00e9sente le drapeau tricolore. Mais dans le cadre de \u00ab\u00a0Septembre Rouge\u00a0\u00bb, il se pourrait que cette fois la fum\u00e9e soit exclusivement rouge.<\/p>\n<p>Une tr\u00e8s belle initiative qui permettra de sensibiliser \u00e0 ces <a href=\"https:\/\/www.20minutes.fr\/dossier\/cancer\" class=\"c-link c-link--is-underlined\" rel=\"nofollow noopener\" target=\"_blank\">cancers<\/a> du sang dont on parle encore trop peu. La Patrouille de France sera ensuite pr\u00e9sente au Meeting a\u00e9rien international de Roanne, qui se d\u00e9roulera le dimanche 14\u00a0septembre.<\/p>\n","protected":false},"excerpt":{"rendered":"Ce jeudi 11\u00a0septembre, plusieurs avions de la Patrouille de France vont survoler le ciel de la ville de&hellip;\n","protected":false},"author":2,"featured_media":377769,"comment_status":"","ping_status":"","sticky":false,"template":"","format":"standard","meta":{"footnotes":""},"categories":[9653],"tags":[1111,47,11,2430,101,1777,674,1011,27,3367,12,25,2431,4001,104],"class_list":{"0":"post-377768","1":"post","2":"type-post","3":"status-publish","4":"format-standard","5":"has-post-thumbnail","7":"category-saint-etienne","8":"tag-actu","9":"tag-actualite","10":"tag-actualites","11":"tag-auvergne-rhone-alpes","12":"tag-cancer","13":"tag-eu","14":"tag-europe","15":"tag-fr","16":"tag-france","17":"tag-loire","18":"tag-news","19":"tag-republique-francaise","20":"tag-rhone-alpes","21":"tag-saint-etienne","22":"tag-societe"},"share_on_mastodon":{"url":"https:\/\/pubeurope.com\/@fr\/115174508139235436","error":""},"_links":{"self":[{"href":"https:\/\/www.europesays.com\/fr\/wp-json\/wp\/v2\/posts\/377768","targetHints":{"allow":["GET"]}}],"collection":[{"href":"https:\/\/www.europesays.com\/fr\/wp-json\/wp\/v2\/posts"}],"about":[{"href":"https:\/\/www.europesays.com\/fr\/wp-json\/wp\/v2\/types\/post"}],"author":[{"embeddable":true,"href":"https:\/\/www.europesays.com\/fr\/wp-json\/wp\/v2\/users\/2"}],"replies":[{"embeddable":true,"href":"https:\/\/www.europesays.com\/fr\/wp-json\/wp\/v2\/comments?post=377768"}],"version-history":[{"count":0,"href":"https:\/\/www.europesays.com\/fr\/wp-json\/wp\/v2\/posts\/377768\/revisions"}],"wp:featuredmedia":[{"embeddable":true,"href":"https:\/\/www.europesays.com\/fr\/wp-json\/wp\/v2\/media\/377769"}],"wp:attachment":[{"href":"https:\/\/www.europesays.com\/fr\/wp-json\/wp\/v2\/media?parent=377768"}],"wp:term":[{"taxonomy":"category","embeddable":true,"href":"https:\/\/www.europesays.com\/fr\/wp-json\/wp\/v2\/categories?post=377768"},{"taxonomy":"post_tag","embeddable":true,"href":"https:\/\/www.europesays.com\/fr\/wp-json\/wp\/v2\/tags?post=377768"}],"curies":[{"name":"wp","href":"https:\/\/api.w.org\/{rel}","templated":true}]}}