{"id":377780,"date":"2025-09-09T13:16:20","date_gmt":"2025-09-09T13:16:20","guid":{"rendered":"https:\/\/www.europesays.com\/fr\/377780\/"},"modified":"2025-09-09T13:16:20","modified_gmt":"2025-09-09T13:16:20","slug":"blocage-lfi-appelle-a-la-desobeissance-civile-et-au-rassemblement-pacifique","status":"publish","type":"post","link":"https:\/\/www.europesays.com\/fr\/377780\/","title":{"rendered":"blocage, LFI \u00ab\u00a0appelle \u00e0 la d\u00e9sob\u00e9issance civile et au rassemblement pacifique\u00a0\u00bb"},"content":{"rendered":"<p>\nAntoine Bertrand, co-chef de file LFI pour les municipales de 2026 \u00e0 Montpellier, ne manquera pas de participer au \u00ab\u00a0blocage national\u00a0\u00bb du 10 septembre. Il s&rsquo;explique.<\/p>\n<p>\n\u00a9 Linda Mansouri \/ InfOccitanie. Antoine Bertrand, co chef de file  LFI municipales Montpellier.<\/p>\n<p><a data-no-instant=\"1\" href=\"https:\/\/www.nimes-metropole.fr\/index.php?id=1885\" rel=\"noopener nofollow\" class=\"a2t-link\" aria-label=\"686-image\" target=\"_blank\"><img decoding=\"async\" src=\"https:\/\/www.europesays.com\/fr\/wp-content\/uploads\/2025\/09\/686-image.jpeg\" alt=\"\"  \/><\/a>InfOccitanie : Pourriez-vous vous pr\u00e9senter en quelques mots ?<\/p>\n<p>Antoine Bertrand : J\u2019ai 28 ans, je suis petit-fils d\u2019exil\u00e9s r\u00e9publicains espagnols, j\u2019habite \u00e0 Montpellier. J\u2019ai commenc\u00e9 la politique au lyc\u00e9e en 2012, \u00e0 l\u2019\u00e9poque o\u00f9 F.Hollande d\u00e9clarait \u00ab\u00a0la finance est mon ennemie\u00a0\u00bb et appliquait aussit\u00f4t exactement l\u2019inverse. Mon engagement s\u2019est renforc\u00e9 au gr\u00e9 des ann\u00e9es, autour d\u2019une rupture sur le plan \u00e9cologique, social\u2026 Je suis directeur de cabinet du maire de Grabels, Ren\u00e9 Revol (LFI, \u00e9galement vice-pr\u00e9sident en charge des d\u00e9chets \u00e0 la M\u00e9tropole, ndlr). Je suis \u00e9galement secr\u00e9taire national du <a href=\"https:\/\/www.lepartidegauche.fr\" target=\"_blank\" rel=\"nofollow noopener\">Parti de Gauche <\/a>et l\u2019un des chefs de file LFI pour les municipales \u00e0 Montpellier.<\/p>\n<p>InfOccitanie : <a href=\"https:\/\/infoccitanie.fr\/chute-du-gouvernement-les-socialistes-auront-lhumilite-de-la-situation-carole-delga\/\" rel=\"nofollow noopener\" target=\"_blank\">F.Bayrou<\/a> est tomb\u00e9 hier, LFI jubile ?<\/p>\n<p>Antoine Bertrand : C\u2019est un soulagement, m\u00eame un moment de bonheur. Nous \u00e9tions 250 hier devant la mairie de Montpellier pour le pot de d\u00e9part. La morale : celui qui voulait faire les poches aux Fran\u00e7ais \u00e0 travers un budget d\u2019aust\u00e9rit\u00e9 s\u2019est pris une gifle, \u00e0 l\u2019image de celle qu\u2019il a donn\u00e9e \u00e0 un jeune il y a quelques ann\u00e9es dans un quartier\u2026 C\u2019est une victoire populaire, le d\u00e9but d\u2019un mouvement social qui va continuer le 18 avec les mouvements syndicaux. Ce n\u2019est pas Barnier ou Bayrou le probl\u00e8me, c\u2019est la 5e R\u00e9publique, la crise institutionnelle, \u00e9conomique et sociale. Macron doit partir.<\/p>\n<p>InfOccitanie : Revenons \u00e0 l\u2019\u00e9chelle locale. 4 co-chefs de file pour LFI aux municipales, l\u2019image est assez brouillonne strat\u00e9giquement\u2026 Vous n\u2019avez pas r\u00e9ussi \u00e0 vous entendre ?<\/p>\n<p>Antoine Bertrand : Vous savez, ce n\u2019est pas rare, LFI a plusieurs co-chefs de file \u00e0 Lyon ou Marseille. Au contraire, la diversit\u00e9 des composantes de notre mouvement est respect\u00e9e pour mener au front la bataille, contrairement \u00e0 d\u2019autres partis o\u00f9 c\u2019est la guerre. Nous avons<a href=\"https:\/\/infoccitanie.fr\/entretien-politique-livia-jampy-cheffe-de-file-lfi-a-montpellier-la-volonte-de-representer-la-jeunesse\/\" rel=\"nofollow noopener\" target=\"_blank\"> Livia Jampy <\/a>qui porte la question de la jeunesse, <a href=\"https:\/\/infoccitanie.fr\/montpellier-rhany-slimane-lamende-infligee-par-michael-delafosse-est-une-repression-politique\/\" rel=\"nofollow noopener\" target=\"_blank\">Rhany Slimane <\/a>porte-voix notamment des quartiers d\u00e9laiss\u00e9s, moi-m\u00eame qui d\u00e9fend le logement ou la gratuit\u00e9 des cantines scolaires\u2026 Sans compter la d\u00e9put\u00e9e <a href=\"https:\/\/infoccitanie.fr\/montpellier-la-deputee-lfi-nathalie-oziol-denonce-une-tentative-dinstrumentalisation-de-boualem-sansal\/\" rel=\"nofollow noopener\" target=\"_blank\">Nathalie Oziol,<\/a> l\u2019une des mieux \u00e9lues de France. On s\u2019entend tous tr\u00e8s bien, on se voit r\u00e9guli\u00e8rement autour de la r\u00e9daction d\u2019un programme de rupture pour Montpellier.<\/p>\n<p>InfOccitanie : Le plus compliqu\u00e9 se profile, qui sera t\u00eate de liste LFI \u00e0 Montpellier ?<\/p>\n<p>Antoine Bertrand : Notre liste sera la plus large, de rupture. Notre processus interne passera par la consultation de centaines de militants issus de nos groupes d\u2019actions actifs, mais \u00e9galement d\u2019associations, de la soci\u00e9t\u00e9 civile\u2026 On veut faire l\u2019union des partis, des peuples aussi et surtout. On tend la mains \u00e0 tout ceux qui s\u2019inscrivent dans un programme de rupture avec M.Delafosse. La t\u00eate de liste viendra apr\u00e8s.<\/p>\n<p>InfOccitanie : Certaines formations politiques accusent LFI de r\u00e9cup\u00e9ration politique pour le 10 septembre\u2026<\/p>\n<p>Antoine Bertrand : Nous n\u2019avons pas dit que nous \u00e9tions les organisateurs mais les soutiens ! LFI est pr\u00e9sente partout o\u00f9 il est question de davantage de justice fiscale, sociale, de bifurcation \u00e9cologique, en somme les mots d\u2019ordre du 10 septembre. Au Corum la derni\u00e8re fois, nous \u00e9tions 400 lors des assembl\u00e9es pour discuter des actions du 10, nous avions commenc\u00e9 avec 50 personnes en juillet dernier.<\/p>\n<p>InfOccitanie : J.L M\u00e9lenchon appelle \u00e0 \u00ab\u00a0tout bloquer\u00a0\u00bb, l\u00e0 ou le PS et les Communistes se contentent de \u00ab\u00a0soutenir\u00a0\u00bb le mouvement du 10. Les mots  ont un sens\u2026.<\/p>\n<p>Antoine Bertrand : LFI est un mouvement de terrain, on ne se contente pas de participer \u00e0 distance et de publier deux tweets. Il y a une note du 19 juillet dernier de Jean-Luc M\u00e9lenchon qui r\u00e9sonne avec le mouvement, d\u2019un point de vue anti-capitaliste, critique de la 5e R\u00e9publique, col\u00e8re sociale\u2026 On ne peut pas continuer avec un ministre tous les six mois, il faut la destitution d\u2019Emmanuel Macron et nous allons relancer la p\u00e9tition en ce sens \u00e0 l\u2019Assembl\u00e9e.<\/p>\n<p>InfOccitanie : Quelles actions sont pr\u00e9vues ?<\/p>\n<p>Antoine Bertrand : Je rappelle que la libert\u00e9 de manifester est constitutionnelle. Autre pr\u00e9cision, les m\u00e9dias vont focaliser sur ce qu\u2019ils vont appeler des \u00ab\u00a0violences\u00a0\u00bb alors que ce sont des d\u00e9gradations d\u2019un point de vue du droit. LFI appelle \u00e0 un rassemblement pacifique et \u00e0 la d\u00e9sob\u00e9issance civile. Le 10, ce sont aussi des actions solidaires, une cantine populaire pour les piquets de gr\u00e8ve. Il y a des op\u00e9rations de chariots gratuits ou de p\u00e9ages gratuits. Un piquet de gr\u00e8ve est pr\u00e9vu d\u00e8s 7h \u00e0 Rondelet, un rassemblement \u00e0 11h sur la Com\u00e9die, des actions \u00e0 Lod\u00e8ve, B\u00e9darieux, S\u00e8te, B\u00e9ziers, etc.<\/p>\n<p>InfOccitanie : La violence et les \u00e9meutes peuvent \u00e9galement d\u00e9jouer les sc\u00e9narios\u2026<\/p>\n<p>InfOccitanie : J\u2019ai vu que B.Retailleau appelait \u00e0 la plus grande fermet\u00e9. Que veulent-ils concr\u00e8tement ? La r\u00e9pression et la violence de l\u2019\u00e9poque des gilets jaunes ? Emp\u00eacher la col\u00e8re sociale de s\u2019exprimer ne r\u00e9glera jamais l\u2019impasse d\u00e9mocratique dans laquelle nous sommes, bien au contraire\u2026 Je le r\u00e9p\u00e8te, LFI appelle \u00e0 un rassemblement pacifique et \u00e0 la d\u00e9sob\u00e9issance civile, c\u2019est important. Les militants Insoumis sont form\u00e9s, ils ne se livrent pas \u00e0 des actions ill\u00e9gales.<\/p>\n<p>InfOccitanie : Des drapeaux de la Palestine pourraient flotter le 10. Que r\u00e9pondez-vous \u00e0 ceux qui hurlent \u00e0 l\u2019import d\u2019un conflit qui \u00ab\u00a0ne concerne pas la France\u00a0\u00bb ?<\/p>\n<p>Antoine Bertrand : Gloire \u00e0 eux de porter le drapeau de la Palestine. Les mobilisations sont monumentales partout dans le monde et en Europe pour soutenir Gaza et d\u00e9noncer le g\u00e9nocide. Il y a une convergence des luttes pour appeler au respect du cessez-le-feu, de l\u2019arr\u00eat de l\u2019exportation d\u2019armes. Tout ce qui se passe \u00e0 l\u2019international a \u00e9videmment des r\u00e9percussions sur les plans national et local. Quand on voit que le maire de Montpellier poursuit le jumelage avec la ville de <a href=\"https:\/\/infoccitanie.fr\/montpellier-un-nouveau-voeu-pour-mettre-en-pause-le-jumelage-avec-tiberiade-en-israel\/\" rel=\"nofollow noopener\" target=\"_blank\">Tib\u00e9riade<\/a>, c\u2019est absolument insupportable.<\/p>\n<p>Antoine Bertrand : Absolument pas ! Il est tout sauf coh\u00e9rent. Lors de la nomination de Bayrou, il a d\u00e9clar\u00e9 \u00ab\u00a0cela peut nous aider\u00a0\u00bb, il a accueilli en grande pompe le Premier ministre \u00e0 la <a href=\"https:\/\/infoccitanie.fr\/montpellier-le-commissariat-de-la-mosson-nest-pas-mixte-persiste-le-syndicat-un1te\/\" rel=\"nofollow noopener\" target=\"_blank\">Mosson <\/a>pour l\u2019inauguration du commissariat. Aujourd\u2019hui, les socialistes veulent participer \u00e0 un Gouvernement dans lequel oeuvrent la Macronie et LR. Je rappelle que les d\u00e9put\u00e9s socialistes ont \u00e9t\u00e9 \u00e9lus sur le programme du NFP : pas de compromission, l\u2019abrogation de la r\u00e9forme de la retraite, le SMIC \u00e0 1600 euros, etc.<\/p>\n","protected":false},"excerpt":{"rendered":"Antoine Bertrand, co-chef de file LFI pour les municipales de 2026 \u00e0 Montpellier, ne manquera pas de participer&hellip;\n","protected":false},"author":2,"featured_media":377781,"comment_status":"","ping_status":"","sticky":false,"template":"","format":"standard","meta":{"footnotes":""},"categories":[9599],"tags":[1111,11,1777,674,1011,27,780,2208,12,2680,25],"class_list":{"0":"post-377780","1":"post","2":"type-post","3":"status-publish","4":"format-standard","5":"has-post-thumbnail","7":"category-montpellier","8":"tag-actu","9":"tag-actualites","10":"tag-eu","11":"tag-europe","12":"tag-fr","13":"tag-france","14":"tag-lfi","15":"tag-montpellier","16":"tag-news","17":"tag-occitanie","18":"tag-republique-francaise"},"share_on_mastodon":{"url":"https:\/\/pubeurope.com\/@fr\/115174531971623702","error":""},"_links":{"self":[{"href":"https:\/\/www.europesays.com\/fr\/wp-json\/wp\/v2\/posts\/377780","targetHints":{"allow":["GET"]}}],"collection":[{"href":"https:\/\/www.europesays.com\/fr\/wp-json\/wp\/v2\/posts"}],"about":[{"href":"https:\/\/www.europesays.com\/fr\/wp-json\/wp\/v2\/types\/post"}],"author":[{"embeddable":true,"href":"https:\/\/www.europesays.com\/fr\/wp-json\/wp\/v2\/users\/2"}],"replies":[{"embeddable":true,"href":"https:\/\/www.europesays.com\/fr\/wp-json\/wp\/v2\/comments?post=377780"}],"version-history":[{"count":0,"href":"https:\/\/www.europesays.com\/fr\/wp-json\/wp\/v2\/posts\/377780\/revisions"}],"wp:featuredmedia":[{"embeddable":true,"href":"https:\/\/www.europesays.com\/fr\/wp-json\/wp\/v2\/media\/377781"}],"wp:attachment":[{"href":"https:\/\/www.europesays.com\/fr\/wp-json\/wp\/v2\/media?parent=377780"}],"wp:term":[{"taxonomy":"category","embeddable":true,"href":"https:\/\/www.europesays.com\/fr\/wp-json\/wp\/v2\/categories?post=377780"},{"taxonomy":"post_tag","embeddable":true,"href":"https:\/\/www.europesays.com\/fr\/wp-json\/wp\/v2\/tags?post=377780"}],"curies":[{"name":"wp","href":"https:\/\/api.w.org\/{rel}","templated":true}]}}