{"id":377788,"date":"2025-09-09T13:20:14","date_gmt":"2025-09-09T13:20:14","guid":{"rendered":"https:\/\/www.europesays.com\/fr\/377788\/"},"modified":"2025-09-09T13:20:14","modified_gmt":"2025-09-09T13:20:14","slug":"grenoble-laffaire-pierre-streiff-classee-sans-suite-par-le-parquet","status":"publish","type":"post","link":"https:\/\/www.europesays.com\/fr\/377788\/","title":{"rendered":"Grenoble : l&rsquo;affaire Pierre Streiff class\u00e9e sans suite par le parquet"},"content":{"rendered":"<p>Depuis 2024, Pierre Streiff, <a href=\"https:\/\/www.placegrenet.fr\/2021\/11\/29\/pierre-streiff-nouveau-president-de-la-chambre-de-commerce-et-dindustrie-de-grenoble-carrefour-de-toutes-les-energies\/552691\" target=\"_blank\" rel=\"noopener nofollow\">pr\u00e9\u00adsident<\/a> de la Chambre de com\u00admerce et d\u2019industrie (<a href=\"https:\/\/www.grenoble.cci.fr\/\" target=\"_blank\" rel=\"noopener nofollow\">CCI)<\/a> de Grenoble, \u00e9tait <a href=\"https:\/\/www.placegrenet.fr\/2025\/03\/17\/cci-de-grenoble-le-president-pierre-streiff-soupconne-de-harcelement-moral-et-sexuel-contre-sa-directrice-generale\/648580\" target=\"_blank\" rel=\"noopener nofollow\">sous le coup d\u2019une plainte et d\u2019une enqu\u00eate<\/a> ouverte pour des faits pr\u00e9\u00adsu\u00adm\u00e9s de har\u00adc\u00e8\u00adle\u00adment moral et sexuel envers la direc\u00adtrice g\u00e9n\u00e9\u00adrale de l\u2019organisme consu\u00adlaire. Coup de th\u00e9\u00e2tre judi\u00adciaire, lundi 8 sep\u00adtembre 2025\u00a0: \u00ab\u00a0J\u2019ai d\u00e9cid\u00e9 de pro\u00adc\u00e9\u00adder au clas\u00adse\u00adment de l\u2019en\u00adsemble de ces plaintes\u00a0\u00bb, a fait savoir \u00c9tienne Manteaux, pro\u00adcu\u00adreur de la R\u00e9publique de Grenoble, dans un com\u00admu\u00adni\u00adqu\u00e9 trans\u00admis \u00e0 la presse.<\/p>\n<p>L\u2019affaire avait \u00e9clat\u00e9 le 29 novembre 2024, lorsqu\u2019Emmanuelle Rivi\u00e8re, la direc\u00adtrice g\u00e9n\u00e9\u00adrale de la CCI de Grenoble, <a href=\"https:\/\/www.placegrenet.fr\/2025\/03\/17\/cci-de-grenoble-le-president-pierre-streiff-soupconne-de-harcelement-moral-et-sexuel-contre-sa-directrice-generale\/648580\" target=\"_blank\" rel=\"noopener nofollow\">avait d\u00e9pos\u00e9 plainte<\/a> contre son pr\u00e9\u00adsident. Elle lui repro\u00adchait des com\u00adpor\u00adte\u00adments inap\u00adpro\u00adpri\u00e9s et une pres\u00adsion constante sur son tra\u00advail, allant jusqu\u2019\u00e0 \u00e9vo\u00adquer des SMS et mails \u00e0 \u00ab\u00a0conno\u00adta\u00adtion sexuelle expli\u00adcite\u00a0\u00bb.<\/p>\n<p>Dans son sillage, d\u2019autres ten\u00adsions ont \u00e9merg\u00e9 au sein de l\u2019institution, notam\u00adment avec la dif\u00adfu\u00adsion d\u2019une lettre ano\u00adnyme sur le cli\u00admat interne de Grenoble \u00c9cole de mana\u00adge\u00adment (<a href=\"https:\/\/www.grenoble-em.com\/\" target=\"_blank\" rel=\"noopener nofollow\">Gem<\/a>), \u00e9ta\u00adblis\u00adse\u00adment rat\u00adta\u00adch\u00e9 \u00e0 la CCI, mais aucun t\u00e9moi\u00adgnage de sala\u00adri\u00e9 n\u2019a cor\u00adro\u00adbor\u00e9 cette lettre, jug\u00e9e calomnieuse.<\/p>\n<p><a href=\"https:\/\/www.europesays.com\/fr\/wp-content\/uploads\/2025\/07\/FestivalGeopolitique2019CreditJoelKermabon-2.jpg\"><img fetchpriority=\"high\" decoding=\"async\" aria-describedby=\"caption-attachment-232428\" class=\"wp-image-232428 size-full\" src=\"data:image\/svg+xml,%3Csvg%20xmlns=\" http:=\"\" alt=\"Grenoble \u00c9cole de management (Gem). \u00a9 Jo\u00ebl Kermabon - Place Gre'net\" width=\"1000\" height=\"750\" data-lazy- data-lazy- data-lazy-src=\"https:\/\/www.europesays.com\/fr\/wp-content\/uploads\/2025\/07\/FestivalGeopolitique2019CreditJoelKermabon-2.jpg\"\/><\/a><\/p>\n<p id=\"caption-attachment-232428\" class=\"wp-caption-text\">Grenoble \u00c9cole de mana\u00adge\u00adment (Gem). \u00a9 Jo\u00ebl Kermabon \u2013 Place Gre\u2019net<\/p>\n<p>Pierre Streiff, figure locale du BTP et ancien pr\u00e9\u00adsident du Medef Is\u00e8re, avait alors r\u00e9pli\u00adqu\u00e9 en d\u00e9po\u00adsant lui-m\u00eame plainte pour fausses attes\u00adta\u00adtions et har\u00adc\u00e8\u00adle\u00adment moral. Rapidement, l\u2019affaire \u00e9tait sor\u00adtie du strict cadre judi\u00adciaire p\u00e9nal\u00a0: le tri\u00adbu\u00adnal admi\u00adnis\u00adtra\u00adtif de Grenoble avait accord\u00e9, fin 2024, la pro\u00adtec\u00adtion fonc\u00adtion\u00adnelle \u00e0 la direc\u00adtrice g\u00e9n\u00e9\u00adrale, esti\u00admant que cer\u00adtains \u00e9changes de cour\u00adriels consti\u00adtuaient un har\u00adc\u00e8\u00adle\u00adment sexuel. Et en mars 2025, la m\u00eame juri\u00addic\u00adtion appe\u00adlait \u00e0 orga\u00adni\u00adser son retour dans des condi\u00adtions la pla\u00ad\u00e7ant hors de l\u2019autorit\u00e9 directe du pr\u00e9sident.<\/p>\n","protected":false},"excerpt":{"rendered":"Depuis 2024, Pierre Streiff, pr\u00e9\u00adsident de la Chambre de com\u00admerce et d\u2019industrie (CCI) de Grenoble, \u00e9tait sous le&hellip;\n","protected":false},"author":2,"featured_media":377789,"comment_status":"","ping_status":"","sticky":false,"template":"","format":"standard","meta":{"footnotes":""},"categories":[9566],"tags":[1111,11,2430,1777,674,1011,27,2731,12,25],"class_list":{"0":"post-377788","1":"post","2":"type-post","3":"status-publish","4":"format-standard","5":"has-post-thumbnail","7":"category-grenoble","8":"tag-actu","9":"tag-actualites","10":"tag-auvergne-rhone-alpes","11":"tag-eu","12":"tag-europe","13":"tag-fr","14":"tag-france","15":"tag-grenoble","16":"tag-news","17":"tag-republique-francaise"},"share_on_mastodon":{"url":"https:\/\/pubeurope.com\/@fr\/115174547433264653","error":""},"_links":{"self":[{"href":"https:\/\/www.europesays.com\/fr\/wp-json\/wp\/v2\/posts\/377788","targetHints":{"allow":["GET"]}}],"collection":[{"href":"https:\/\/www.europesays.com\/fr\/wp-json\/wp\/v2\/posts"}],"about":[{"href":"https:\/\/www.europesays.com\/fr\/wp-json\/wp\/v2\/types\/post"}],"author":[{"embeddable":true,"href":"https:\/\/www.europesays.com\/fr\/wp-json\/wp\/v2\/users\/2"}],"replies":[{"embeddable":true,"href":"https:\/\/www.europesays.com\/fr\/wp-json\/wp\/v2\/comments?post=377788"}],"version-history":[{"count":0,"href":"https:\/\/www.europesays.com\/fr\/wp-json\/wp\/v2\/posts\/377788\/revisions"}],"wp:featuredmedia":[{"embeddable":true,"href":"https:\/\/www.europesays.com\/fr\/wp-json\/wp\/v2\/media\/377789"}],"wp:attachment":[{"href":"https:\/\/www.europesays.com\/fr\/wp-json\/wp\/v2\/media?parent=377788"}],"wp:term":[{"taxonomy":"category","embeddable":true,"href":"https:\/\/www.europesays.com\/fr\/wp-json\/wp\/v2\/categories?post=377788"},{"taxonomy":"post_tag","embeddable":true,"href":"https:\/\/www.europesays.com\/fr\/wp-json\/wp\/v2\/tags?post=377788"}],"curies":[{"name":"wp","href":"https:\/\/api.w.org\/{rel}","templated":true}]}}