{"id":377794,"date":"2025-09-09T13:23:27","date_gmt":"2025-09-09T13:23:27","guid":{"rendered":"https:\/\/www.europesays.com\/fr\/377794\/"},"modified":"2025-09-09T13:23:27","modified_gmt":"2025-09-09T13:23:27","slug":"gundershoffen-langue-des-signes-couture-philosophie-luniversite-populaire-arrive-a-la-ruche","status":"publish","type":"post","link":"https:\/\/www.europesays.com\/fr\/377794\/","title":{"rendered":"Gundershoffen. Langue des signes, couture, philosophie\u2026 l\u2019Universit\u00e9 populaire arrive \u00e0 \u00ab\u00a0La Ruche\u00a0\u00bb"},"content":{"rendered":"<p>Les machines \u00e0 coudre, les livres de philosophie et les sonorit\u00e9s de la langue alsacienne vont bient\u00f4t se c\u00f4toyer sous le m\u00eame toit. D\u00e8s le mois d\u2019octobre, le tiers-lieu \u00ab\u00a0La Ruche\u00a0\u00bb, int\u00e9gr\u00e9 au sein du <a href=\"https:\/\/www.dna.fr\/economie\/2025\/05\/24\/tiers-lieu-voie-verte-cinq-grands-projets-ont-vu-le-jour-en-cinq-ans\" target=\"_blank\" rel=\"noopener\">nouveau march\u00e9 couvert<\/a> \u00ab\u00a0S\u2019Koppeh\u00fcss\u00a0\u00bb \u00e0 Gundershoffen, accueillera cinq cours choisis par les habitants et dispens\u00e9s par les intervenants de l\u2019Universit\u00e9 populaire europ\u00e9enne de Strasbourg.<\/p>\n<p>L\u2019an dernier, la mairie de Gundershoffen a lanc\u00e9 un sondage aupr\u00e8s de ses administr\u00e9s sur Facebook pour conna\u00eetre les cours qu\u2019ils aimeraient suivre <a href=\"https:\/\/www.dna.fr\/education\/2025\/09\/05\/plus-de-700-cours-a-suivre-l-universite-populaire-europeenne-entame-sa-deuxieme-saison-quai-koch\" target=\"_blank\" rel=\"noopener\">avec l\u2019Universit\u00e9 populaire<\/a>.<\/p>\n<p>  La couture en t\u00eate des sondages<\/p>\n<p>\u00ab\u00a0Il en est ressorti que la couture, par exemple, \u00e9tait l\u2019un des domaines les plus pl\u00e9biscit\u00e9s\u00a0\u00bb, se souvient Val\u00e9rie Lopez, adjointe au maire de la commune en charge de la jeunesse, de la culture et de la communication.<\/p>\n<p>Alors qu\u2019une phase de test a eu lieu au printemps, la v\u00e9ritable rentr\u00e9e se fera d\u2019ici quelques semaines. Parmi les disciplines propos\u00e9es, les habitants pourront choisir entre des cours de couture pour les d\u00e9butants ou les initi\u00e9s donn\u00e9s par Annie Pierre, d\u00e8s mercredi 8\u00a0octobre, mais aussi des s\u00e9ances de philosophie, d\u00e8s jeudi 2\u00a0octobre, pour renouer avec les c\u00e9l\u00e8bres citations de Platon, sous l\u2019\u00e9gide de Bruno De Solere.<\/p>\n<p>Ce n\u2019est pas tout. Christian Buchert, professeur \u00e0 l\u2019Universit\u00e9 populaire depuis six ans, interviendra d\u00e8s mercredi 1er \u00a0octobre pour donner des cours de langue des signes. \u00ab\u00a0C\u2019est un apprentissage qui se r\u00e9v\u00e8le \u00eatre essentiel pour les personnes qui ont une personne sourde dans leur entourage ou qui travaillent dans la petite enfance par exemple. Pour d\u2019autres, c\u2019est un moyen de rester en contact avec des membres de leur famille qui deviennent malentendantes\u00a0\u00bb, indique le professeur.<\/p>\n<p>Il animera aussi, \u00e0 partir du vendredi 3\u00a0octobre, des sessions de \u00ab\u00a0Do in\u00a0\u00bb, un automassage japonais permettant la d\u00e9tente musculaire et respiratoire en cas d\u2019anxi\u00e9t\u00e9 ou de stress. Des <a href=\"https:\/\/www.dna.fr\/culture-loisirs\/2023\/11\/03\/manon-zinck-enseigne-l-alsacien-pour-preserver-la-culture-regionale\" target=\"_blank\" rel=\"noopener\">cours d\u2019alsacien<\/a> seront \u00e9galement propos\u00e9s, d\u00e8s le mois de mars\u00a02026, pour les d\u00e9butants. \u00ab\u00a0On voit de plus en plus de personnes \u00e2g\u00e9es de 40 ou 50 ans qui veulent apprendre la langue parl\u00e9e par leurs parents\u00a0\u00bb, constate Christian Buchert.<\/p>\n<p>  Des cours au plus pr\u00e8s des habitants<\/p>\n<p>L\u2019objectif, pour la maire de Gundershoffen, est de rendre les cours de l\u2019Universit\u00e9 populaire accessibles en quelques minutes, \u00e0 pied ou \u00e0 v\u00e9lo, aux habitants de la commune. En effet, l\u2019association bas\u00e9e \u00e0 Strasbourg est surtout pr\u00e9sente dans les grandes villes, dont Haguenau. \u00ab\u00a0En cr\u00e9ant \u201cLa Ruche\u201d et le nouveau march\u00e9 couvert, le maire, Victor Vogt, s\u2019est dit que ce serait bien d\u2019imaginer un espace o\u00f9 les gens peuvent apprendre\u00a0\u00bb, indique Val\u00e9rie Lopez.<\/p>\n<p>L\u2019option de faire appel \u00e0 l\u2019Universit\u00e9 populaire s\u2019est alors tr\u00e8s vite impos\u00e9e. \u00ab\u00a0Il existe d\u00e9j\u00e0 cette structure qui marche, donc nous n\u2019allions pas cr\u00e9er notre propre syst\u00e8me avec nos propres intervenants\u00a0\u00bb, ajoute-t-elle. La mairie esp\u00e8re d\u00e9sormais avoir assez d\u2019inscriptions pour maintenir tous les cours propos\u00e9s.<\/p>\n<p class=\"note\">Inscriptions sur <a href=\"https:\/\/www.upe-alsace.fr\" target=\"_blank\" rel=\"noopener\">www.upe-alsace.fr<\/a> ou \u00e0 la mairie de Gundershoffen.<\/p>\n","protected":false},"excerpt":{"rendered":"Les machines \u00e0 coudre, les livres de philosophie et les sonorit\u00e9s de la langue alsacienne vont bient\u00f4t se&hellip;\n","protected":false},"author":2,"featured_media":377795,"comment_status":"","ping_status":"","sticky":false,"template":"","format":"standard","meta":{"footnotes":""},"categories":[2820],"tags":[1111,11,4877,1057,1777,674,107,1011,27,775,51145,12,25,30443,104,640],"class_list":{"0":"post-377794","1":"post","2":"type-post","3":"status-publish","4":"format-standard","5":"has-post-thumbnail","7":"category-strasbourg","8":"tag-actu","9":"tag-actualites","10":"tag-edition-haguenau-wissembourg","11":"tag-education","12":"tag-eu","13":"tag-europe","14":"tag-fil-info","15":"tag-fr","16":"tag-france","17":"tag-grand-est","18":"tag-gundershoffen","19":"tag-news","20":"tag-republique-francaise","21":"tag-secteur-de-niederbronn","22":"tag-societe","23":"tag-strasbourg"},"share_on_mastodon":{"url":"https:\/\/pubeurope.com\/@fr\/115174559377244626","error":""},"_links":{"self":[{"href":"https:\/\/www.europesays.com\/fr\/wp-json\/wp\/v2\/posts\/377794","targetHints":{"allow":["GET"]}}],"collection":[{"href":"https:\/\/www.europesays.com\/fr\/wp-json\/wp\/v2\/posts"}],"about":[{"href":"https:\/\/www.europesays.com\/fr\/wp-json\/wp\/v2\/types\/post"}],"author":[{"embeddable":true,"href":"https:\/\/www.europesays.com\/fr\/wp-json\/wp\/v2\/users\/2"}],"replies":[{"embeddable":true,"href":"https:\/\/www.europesays.com\/fr\/wp-json\/wp\/v2\/comments?post=377794"}],"version-history":[{"count":0,"href":"https:\/\/www.europesays.com\/fr\/wp-json\/wp\/v2\/posts\/377794\/revisions"}],"wp:featuredmedia":[{"embeddable":true,"href":"https:\/\/www.europesays.com\/fr\/wp-json\/wp\/v2\/media\/377795"}],"wp:attachment":[{"href":"https:\/\/www.europesays.com\/fr\/wp-json\/wp\/v2\/media?parent=377794"}],"wp:term":[{"taxonomy":"category","embeddable":true,"href":"https:\/\/www.europesays.com\/fr\/wp-json\/wp\/v2\/categories?post=377794"},{"taxonomy":"post_tag","embeddable":true,"href":"https:\/\/www.europesays.com\/fr\/wp-json\/wp\/v2\/tags?post=377794"}],"curies":[{"name":"wp","href":"https:\/\/api.w.org\/{rel}","templated":true}]}}