{"id":377800,"date":"2025-09-09T13:26:12","date_gmt":"2025-09-09T13:26:12","guid":{"rendered":"https:\/\/www.europesays.com\/fr\/377800\/"},"modified":"2025-09-09T13:26:12","modified_gmt":"2025-09-09T13:26:12","slug":"a-laeroport-de-nice-la-moitie-des-vols-annules-dans-la-soiree-et-un-trafic-perturbe-toute-la-journee","status":"publish","type":"post","link":"https:\/\/www.europesays.com\/fr\/377800\/","title":{"rendered":"\u00e0 l\u2019a\u00e9roport de Nice, la moiti\u00e9 des vols annul\u00e9s dans la soir\u00e9e et un trafic perturb\u00e9 toute la journ\u00e9e"},"content":{"rendered":"<p>Le troisi\u00e8me a\u00e9roport de France, o\u00f9 les retards s\u2019accumulent d\u00e9j\u00e0 depuis plusieurs mois en raison du contr\u00f4le a\u00e9rien, va subir de nouvelles difficult\u00e9s avec le mouvement social \u00e0 venir.<\/p>\n<p class=\"fig-paragraph\">L\u2019a\u00e9roport de Nice (Alpes-Maritimes), avec ceux de Corse, va faire partie des a\u00e9roports les plus perturb\u00e9s par\u00a0<a href=\"http:\/\/www.lefigaro.fr\/actualite-france\/blocages-du-10-septembre-les-noirs-scenarios-que-redoutent-les-autorites-20250909\" data-fig-type=\"Article\" data-gtm-custom-categorie=\"navigation\" data-gtm-custom-action=\"crossclick\" data-gtm-custom-label=\"Contextuel\" data-gtm-event=\"customEventSPE\" data-fig-domain=\"LEFIGARO\" target=\"_blank\" rel=\"noopener\">le mouvement de blocage<\/a>\u00a0annonc\u00e9 ce mercredi 10 septembre. La\u00a0<a href=\"http:\/\/www.lefigaro.fr\/social\/un-sacre-braquage-ces-tres-secretes-negociations-entre-la-dgac-et-les-controleurs-aeriens-qui-ont-permis-d-eloigner-les-menaces-de-greve-20240427\" data-fig-type=\"Article\" data-gtm-custom-categorie=\"navigation\" data-gtm-custom-action=\"crossclick\" data-gtm-custom-label=\"Contextuel\" data-gtm-event=\"customEventSPE\" data-fig-domain=\"LEFIGARO\" target=\"_blank\" rel=\"noopener\">direction g\u00e9n\u00e9rale de l\u2019aviation civile (DGAC)<\/a>\u00a0a anticip\u00e9 d\u2019importantes difficult\u00e9s et a d\u2019ores et d\u00e9j\u00e0 annonc\u00e9 dans un communiqu\u00e9 que la moiti\u00e9 des vols dans la soir\u00e9e seront annul\u00e9s \u00e0 Nice.<\/p>\n<p class=\"fig-paragraph\">\u00abLa DGAC a demand\u00e9 aux compagnies a\u00e9riennes de r\u00e9duire leur programme de vols entre 18 heures et minuit de 50% sur les a\u00e9roports de Nice, Bastia, Ajaccio, Figari et Calvi\u00bb, pr\u00e9vient l\u2019autorit\u00e9. Selon la DGAC, cela repr\u00e9senterait une cinquantaine de vols sur cette tranche.<\/p>\n<p>                                    <a class=\"fig-a11y-skip a11y-hidden\" href=\"#fig-a11y-skip-main-inarticle\"><br \/>\n        Passer la publicit\u00e9<br \/>\n    <\/a><\/p>\n<p class=\"fig-paragraph\">Par pr\u00e9vention, il a \u00e9t\u00e9 d\u00e9cid\u00e9 d\u2019appliquer \u00ables dispositions de service minimum\u00bb pour les tours de contr\u00f4le d\u2019Aix-en-Provence et de Marseille, par lesquelles quasiment tous les avions apr\u00e8s leur d\u00e9collage du tarmac ni\u00e7ois entrent en contact.<\/p>\n<p>Retards cumul\u00e9s et perl\u00e9s<\/p>\n<p class=\"fig-paragraph\">La situation dans le ciel devrait dans tous les cas \u00eatre d\u00e9grad\u00e9e tout au long de cette journ\u00e9e du 10 septembre. \u00abEn d\u00e9pit de ces mesures pr\u00e9ventives, des perturbations et des retards sont n\u00e9anmoins \u00e0 pr\u00e9voir sur l\u2019ensemble des a\u00e9roports fran\u00e7ais\u00bb, ajoute la direction g\u00e9n\u00e9rale de l\u2019aviation civile, qui invite ainsi les passagers qui le peuvent \u00ab\u00e0 reporter leur voyage\u00bb.<\/p>\n<p class=\"fig-paragraph\">https:\/\/x.com\/AeroportNice\/status\/1965384697607029094<\/p>\n<p class=\"fig-paragraph\"><a href=\"http:\/\/www.lefigaro.fr\/nice\/aeroport-de-nice-franck-goldnadel-reconduit-comme-president-pour-cinq-ans-20250304\" data-fig-type=\"NewsFlash\" data-gtm-custom-categorie=\"navigation\" data-gtm-custom-action=\"crossclick\" data-gtm-custom-label=\"Contextuel\" data-gtm-event=\"customEventSPE\" data-fig-domain=\"LEFIGARO\" target=\"_blank\" rel=\"noopener\">L\u2019a\u00e9roport international de Nice C\u00f4te d\u2019Azur<\/a>, le troisi\u00e8me a\u00e9roport fran\u00e7ais derri\u00e8re ceux de Roissy et Orly avec pr\u00e8s de 15 millions de voyageurs par an, conna\u00eet\u00a0<a href=\"http:\/\/www.lefigaro.fr\/nice\/l-ete-sera-complique-a-l-aeroport-de-nice-les-retards-se-multiplient-depuis-des-mois-a-cause-du-controle-aerien-20250703\" data-fig-type=\"NewsFlash\" data-gtm-custom-categorie=\"navigation\" data-gtm-custom-action=\"crossclick\" data-gtm-custom-label=\"Contextuel\" data-gtm-event=\"customEventSPE\" data-fig-domain=\"LEFIGARO\" target=\"_blank\" rel=\"noopener\">des retards r\u00e9guliers depuis plusieurs mois<\/a>\u00a0en raison du contr\u00f4le a\u00e9rien, en manque de personnel et dans un contexte social tendu. Pour cette journ\u00e9e de contestation mercredi, la direction de l\u2019a\u00e9roport ni\u00e7ois confirme ainsi des \u00abretards cumul\u00e9s et perl\u00e9s toute la journ\u00e9e\u00bb, comme elle le subit r\u00e9guli\u00e8rement.<\/p>\n<p class=\"fig-paragraph\">Une nouvelle gr\u00e8ve des aiguilleurs du ciel est\u00a0<a href=\"http:\/\/www.lefigaro.fr\/social\/les-controleurs-aeriens-annoncent-une-nouvelle-greve-le-18-septembre-20250828\" data-fig-type=\"NewsFlash\" data-gtm-custom-categorie=\"navigation\" data-gtm-custom-action=\"crossclick\" data-gtm-custom-label=\"Contextuel\" data-gtm-event=\"customEventSPE\" data-fig-domain=\"LEFIGARO\" target=\"_blank\" rel=\"noopener\">aussi pr\u00e9vue le 18 septembre<\/a>\u00a0apr\u00e8s celle du 3 et 4 juillet qui avait perturb\u00e9 de nombreux d\u00e9parts en vacances.<\/p>\n","protected":false},"excerpt":{"rendered":"Le troisi\u00e8me a\u00e9roport de France, o\u00f9 les retards s\u2019accumulent d\u00e9j\u00e0 depuis plusieurs mois en raison du contr\u00f4le a\u00e9rien,&hellip;\n","protected":false},"author":2,"featured_media":377801,"comment_status":"","ping_status":"","sticky":false,"template":"","format":"standard","meta":{"footnotes":""},"categories":[2819],"tags":[1111,11,663,35823,1777,674,1011,27,6151,12,2401,882,25],"class_list":{"0":"post-377800","1":"post","2":"type-post","3":"status-publish","4":"format-standard","5":"has-post-thumbnail","7":"category-nice","8":"tag-actu","9":"tag-actualites","10":"tag-aeroport","11":"tag-controleurs-aeriens","12":"tag-eu","13":"tag-europe","14":"tag-fr","15":"tag-france","16":"tag-greve","17":"tag-news","18":"tag-nice","19":"tag-provence-alpes-cote-dazur","20":"tag-republique-francaise"},"share_on_mastodon":{"url":"https:\/\/pubeurope.com\/@fr\/115174570968435566","error":""},"_links":{"self":[{"href":"https:\/\/www.europesays.com\/fr\/wp-json\/wp\/v2\/posts\/377800","targetHints":{"allow":["GET"]}}],"collection":[{"href":"https:\/\/www.europesays.com\/fr\/wp-json\/wp\/v2\/posts"}],"about":[{"href":"https:\/\/www.europesays.com\/fr\/wp-json\/wp\/v2\/types\/post"}],"author":[{"embeddable":true,"href":"https:\/\/www.europesays.com\/fr\/wp-json\/wp\/v2\/users\/2"}],"replies":[{"embeddable":true,"href":"https:\/\/www.europesays.com\/fr\/wp-json\/wp\/v2\/comments?post=377800"}],"version-history":[{"count":0,"href":"https:\/\/www.europesays.com\/fr\/wp-json\/wp\/v2\/posts\/377800\/revisions"}],"wp:featuredmedia":[{"embeddable":true,"href":"https:\/\/www.europesays.com\/fr\/wp-json\/wp\/v2\/media\/377801"}],"wp:attachment":[{"href":"https:\/\/www.europesays.com\/fr\/wp-json\/wp\/v2\/media?parent=377800"}],"wp:term":[{"taxonomy":"category","embeddable":true,"href":"https:\/\/www.europesays.com\/fr\/wp-json\/wp\/v2\/categories?post=377800"},{"taxonomy":"post_tag","embeddable":true,"href":"https:\/\/www.europesays.com\/fr\/wp-json\/wp\/v2\/tags?post=377800"}],"curies":[{"name":"wp","href":"https:\/\/api.w.org\/{rel}","templated":true}]}}