{"id":377802,"date":"2025-09-09T13:27:29","date_gmt":"2025-09-09T13:27:29","guid":{"rendered":"https:\/\/www.europesays.com\/fr\/377802\/"},"modified":"2025-09-09T13:27:29","modified_gmt":"2025-09-09T13:27:29","slug":"sautron-les-nouveaux-habitants-accueillis","status":"publish","type":"post","link":"https:\/\/www.europesays.com\/fr\/377802\/","title":{"rendered":"Sautron. Les nouveaux habitants accueillis"},"content":{"rendered":"<p>Cette ann\u00e9e, la matin\u00e9e d\u2019accueil aux nouveaux arrivants dans la commune, organis\u00e9e par la mairie, s\u2019est d\u00e9roul\u00e9e samedi dernier. Une cinquantaine de personnes ont r\u00e9pondu favorablement \u00e0 l\u2019invitation.<\/p>\n<p>La matin\u00e9e a d\u00e9but\u00e9 par une balade en bus afin de d\u00e9couvrir tous les endroits importants de la commune avec Murielle Hollevoet, adjointe aux sports, en tant que guide. Marie-C\u00e9cile Gessant, la maire, a pr\u00e9sent\u00e9 une partie des conseillers municipaux ainsi qu\u2019une vid\u00e9o de la ville. L\u2019occasion pour tous ces nouveaux Sautronnais de faire plus ample connaissance avec leurs voisins.<\/p>\n<p>Un environnement qui pla\u00eet<\/p>\n<p>Denise, dynamique et souriante nonag\u00e9naire, a quitt\u00e9 Piriac-sur-Mer pour rejoindre sa fille avec son mari Michel. \u00ab\u00a0Sautron est une ville tr\u00e8s verte et proche de toutes les commodit\u00e9s, on s\u2019y sent bien.\u00a0\u00bb<\/p>\n<p>Christiane et Philippe, retrait\u00e9s tr\u00e8s occup\u00e9s, ont eux laiss\u00e9 Nantes pour se rapprocher de leurs petits-enfants. Enfin, C\u00e9line, Charles et leurs trois\u00a0gar\u00e7ons arrivent d\u2019Auvergne et ont souhait\u00e9 changer d\u2019environnement pour \u00eatre plus pr\u00e8s de la mer.<\/p>\n<p>\u00a0<\/p>\n","protected":false},"excerpt":{"rendered":"Cette ann\u00e9e, la matin\u00e9e d\u2019accueil aux nouveaux arrivants dans la commune, organis\u00e9e par la mairie, s\u2019est d\u00e9roul\u00e9e samedi&hellip;\n","protected":false},"author":2,"featured_media":377803,"comment_status":"","ping_status":"","sticky":false,"template":"","format":"standard","meta":{"footnotes":""},"categories":[2818],"tags":[34706,1111,11,1777,674,1011,27,4021,766,12,2845,2636,25,4334],"class_list":{"0":"post-377802","1":"post","2":"type-post","3":"status-publish","4":"format-standard","5":"has-post-thumbnail","7":"category-nantes","8":"tag-accueillis","9":"tag-actu","10":"tag-actualites","11":"tag-eu","12":"tag-europe","13":"tag-fr","14":"tag-france","15":"tag-habitants","16":"tag-nantes","17":"tag-news","18":"tag-nouveaux","19":"tag-pays-de-la-loire","20":"tag-republique-francaise","21":"tag-sautron"},"share_on_mastodon":{"url":"https:\/\/pubeurope.com\/@fr\/115174574994209700","error":""},"_links":{"self":[{"href":"https:\/\/www.europesays.com\/fr\/wp-json\/wp\/v2\/posts\/377802","targetHints":{"allow":["GET"]}}],"collection":[{"href":"https:\/\/www.europesays.com\/fr\/wp-json\/wp\/v2\/posts"}],"about":[{"href":"https:\/\/www.europesays.com\/fr\/wp-json\/wp\/v2\/types\/post"}],"author":[{"embeddable":true,"href":"https:\/\/www.europesays.com\/fr\/wp-json\/wp\/v2\/users\/2"}],"replies":[{"embeddable":true,"href":"https:\/\/www.europesays.com\/fr\/wp-json\/wp\/v2\/comments?post=377802"}],"version-history":[{"count":0,"href":"https:\/\/www.europesays.com\/fr\/wp-json\/wp\/v2\/posts\/377802\/revisions"}],"wp:featuredmedia":[{"embeddable":true,"href":"https:\/\/www.europesays.com\/fr\/wp-json\/wp\/v2\/media\/377803"}],"wp:attachment":[{"href":"https:\/\/www.europesays.com\/fr\/wp-json\/wp\/v2\/media?parent=377802"}],"wp:term":[{"taxonomy":"category","embeddable":true,"href":"https:\/\/www.europesays.com\/fr\/wp-json\/wp\/v2\/categories?post=377802"},{"taxonomy":"post_tag","embeddable":true,"href":"https:\/\/www.europesays.com\/fr\/wp-json\/wp\/v2\/tags?post=377802"}],"curies":[{"name":"wp","href":"https:\/\/api.w.org\/{rel}","templated":true}]}}