{"id":377818,"date":"2025-09-09T13:35:10","date_gmt":"2025-09-09T13:35:10","guid":{"rendered":"https:\/\/www.europesays.com\/fr\/377818\/"},"modified":"2025-09-09T13:35:10","modified_gmt":"2025-09-09T13:35:10","slug":"des-parents-deleves-bloquent-lecole-des-fabriques-a-marseille","status":"publish","type":"post","link":"https:\/\/www.europesays.com\/fr\/377818\/","title":{"rendered":"des parents d&rsquo;\u00e9l\u00e8ves bloquent l&rsquo;\u00e9cole des Fabriques \u00e0 Marseille"},"content":{"rendered":"<p>\u00ab\u00a0Ma fille a des troubles de l\u2019attention, elle est en CE2 et ne sait ni lire ni \u00e9crire. Comment peut-elle rattraper ce retard dans une classe de 26 \u00e9l\u00e8ves\u00a0? Son avenir, vous en faites quoi\u00a0?\u00a0\u00bb Devant le portail de <a href=\"https:\/\/www.laprovence.com\/article\/region\/48655020765411\/plan-ecoles-a-marseille-trois-nouvelles-classes-aux-fabriques-a-la-rentree\" target=\"_blank\" rel=\"nofollow noopener\">l\u2019\u00e9cole des Fabriques<\/a>, dans le 15e arrondissement de <a href=\"https:\/\/www.laprovence.com\/bouches-du-rhone\/marseille-13055\" target=\"_blank\" rel=\"nofollow noopener\">Marseille<\/a>, ce papa a la gorge nou\u00e9e lorsqu\u2019il s\u2019adresse \u00e0 la repr\u00e9sentante de l\u2019inspection d\u2019acad\u00e9mie, alors que les larmes coulent sur les joues de son enfant.<\/p>\n<p>Comme lui, ils sont plus d\u2019une dizaine \u00e0 crier leur col\u00e8re, devant le tout r\u00e9cent \u00e9tablissement, inaugur\u00e9 en juin dernier, mais fr\u00e9quent\u00e9 par une poign\u00e9e d\u2019\u00e9l\u00e8ves depuis le mois de janvier. Raison de leur courroux\u00a0: des classes de plusieurs niveaux et en sureffectif. \u00ab\u00a0Il y a une classe de CE2\/CM1 \u00e0 27 et une de CM1\/CM2 \u00e0 26, explique Myriam. L\u2019an dernier, il y avait une classe de CM1\/CM2 aussi, sauf qu\u2019au lieu que les CM2 tirent vers le haut les plus petits, c\u2019est l\u2019inverse qui s\u2019est produit. On n\u2019a rien dit, cette fois, on ne va pas se taire.\u00a0\u00bb<\/p>\n<p>Elle assure d\u00e9penser 400\u00a0euros par semaine pour payer \u00e0 son fils, en CE2 dans une classe \u00e0 double niveau, des cours particuliers afin qu\u2019il rattrape son retard. \u00ab\u00a0Quand il rentre le soir et me dit que les CM1 se sont moqu\u00e9s d&#8230;<\/p>\n","protected":false},"excerpt":{"rendered":"\u00ab\u00a0Ma fille a des troubles de l\u2019attention, elle est en CE2 et ne sait ni lire ni \u00e9crire.&hellip;\n","protected":false},"author":2,"featured_media":377819,"comment_status":"","ping_status":"","sticky":false,"template":"","format":"standard","meta":{"footnotes":""},"categories":[2814],"tags":[17,1111,11,23303,9637,51149,154,1777,674,1011,27,4112,884,12,3306,882,16,25,51148],"class_list":{"0":"post-377818","1":"post","2":"type-post","3":"status-publish","4":"format-standard","5":"has-post-thumbnail","7":"category-marseille","8":"tag-17","9":"tag-actu","10":"tag-actualites","11":"tag-bloquent","12":"tag-classes","13":"tag-deleves","14":"tag-des","15":"tag-eu","16":"tag-europe","17":"tag-fr","18":"tag-france","19":"tag-lecole","20":"tag-marseille","21":"tag-news","22":"tag-parents","23":"tag-provence-alpes-cote-dazur","24":"tag-region","25":"tag-republique-francaise","26":"tag-sureffectif"},"share_on_mastodon":{"url":"https:\/\/pubeurope.com\/@fr\/115174606509731548","error":""},"_links":{"self":[{"href":"https:\/\/www.europesays.com\/fr\/wp-json\/wp\/v2\/posts\/377818","targetHints":{"allow":["GET"]}}],"collection":[{"href":"https:\/\/www.europesays.com\/fr\/wp-json\/wp\/v2\/posts"}],"about":[{"href":"https:\/\/www.europesays.com\/fr\/wp-json\/wp\/v2\/types\/post"}],"author":[{"embeddable":true,"href":"https:\/\/www.europesays.com\/fr\/wp-json\/wp\/v2\/users\/2"}],"replies":[{"embeddable":true,"href":"https:\/\/www.europesays.com\/fr\/wp-json\/wp\/v2\/comments?post=377818"}],"version-history":[{"count":0,"href":"https:\/\/www.europesays.com\/fr\/wp-json\/wp\/v2\/posts\/377818\/revisions"}],"wp:featuredmedia":[{"embeddable":true,"href":"https:\/\/www.europesays.com\/fr\/wp-json\/wp\/v2\/media\/377819"}],"wp:attachment":[{"href":"https:\/\/www.europesays.com\/fr\/wp-json\/wp\/v2\/media?parent=377818"}],"wp:term":[{"taxonomy":"category","embeddable":true,"href":"https:\/\/www.europesays.com\/fr\/wp-json\/wp\/v2\/categories?post=377818"},{"taxonomy":"post_tag","embeddable":true,"href":"https:\/\/www.europesays.com\/fr\/wp-json\/wp\/v2\/tags?post=377818"}],"curies":[{"name":"wp","href":"https:\/\/api.w.org\/{rel}","templated":true}]}}