{"id":37782,"date":"2025-04-20T02:36:08","date_gmt":"2025-04-20T02:36:08","guid":{"rendered":"https:\/\/www.europesays.com\/fr\/37782\/"},"modified":"2025-04-20T02:36:08","modified_gmt":"2025-04-20T02:36:08","slug":"previsions-du-dimanche-20-avril-2025-6","status":"publish","type":"post","link":"https:\/\/www.europesays.com\/fr\/37782\/","title":{"rendered":"pr\u00e9visions du dimanche 20 avril 2025"},"content":{"rendered":"<p>Aujourd&rsquo;hui, le thermom\u00e8tre affichera 12\u00b0C en moyenne \u00e0 Lille. Le ciel sera toujours couvert le matin avec des nuages. De la pluie va tomber sur la ville. Une brise de sud-est soufflera l\u00e9g\u00e8rement. Le soleil appara\u00eet l\u00e9g\u00e8rement l&rsquo;apr\u00e8s-midi. Ces \u00e9claircies devraient ravir les habitants. Un temps plus chaud est attendu \u00e9tant donn\u00e9 que les temp\u00e9ratures vont conna\u00eetre une augmentation. Les valeurs s&rsquo;\u00e9chelonneront de 12 \u00e0 16\u00b0C. Le passage de dimanche \u00e0 lundi se fera sous un ciel d\u00e9pourvu de nuages.<\/p>\n<p>Demain, Lille devra encore attendre avant que les nuages ne se dissipent. Il va faire environ 12\u00b0C. De petits nuages seront visibles le matin. Les temp\u00e9ratures seront de 12\u00b0C. Un l\u00e9ger vent de sud-est soufflera. Les nuages \u00e0 pr\u00e9voir demain apr\u00e8s-midi, et un ciel encore maussade. Des pluies \u00e9parses tomberont. Les valeurs afficheront entre 14\u00b0C et 15\u00b0C. Demain soir, toujours des nuages dans le ciel qui emp\u00eachent le soleil d&rsquo;appara\u00eetre. Des pluies \u00e9parses vont tomber. Une l\u00e9g\u00e8re brise de nord-ouest sera ressentie par les habitants.<\/p>\n<p>Le temps des jours qui suivent va \u00e9voluer progressivement. M\u00eame si le mauvais temps persistera quelque peu mardi, il faut pr\u00e9voir une am\u00e9lioration par la suite.<\/p>\n<p><\/p>\n","protected":false},"excerpt":{"rendered":"Aujourd&rsquo;hui, le thermom\u00e8tre affichera 12\u00b0C en moyenne \u00e0 Lille. Le ciel sera toujours couvert le matin avec des&hellip;\n","protected":false},"author":2,"featured_media":37783,"comment_status":"","ping_status":"","sticky":false,"template":"","format":"standard","meta":{"footnotes":""},"categories":[2815],"tags":[1111,11,1777,674,1011,27,811,1307,12,1308,1309,2119,25],"class_list":{"0":"post-37782","1":"post","2":"type-post","3":"status-publish","4":"format-standard","5":"has-post-thumbnail","7":"category-lille","8":"tag-actu","9":"tag-actualites","10":"tag-eu","11":"tag-europe","12":"tag-fr","13":"tag-france","14":"tag-hauts-de-france","15":"tag-lille","16":"tag-news","17":"tag-nord","18":"tag-nord-pas-de-calais","19":"tag-previsions-meteo","20":"tag-republique-francaise"},"share_on_mastodon":{"url":"https:\/\/pubeurope.com\/@fr\/114367967086514453","error":""},"_links":{"self":[{"href":"https:\/\/www.europesays.com\/fr\/wp-json\/wp\/v2\/posts\/37782","targetHints":{"allow":["GET"]}}],"collection":[{"href":"https:\/\/www.europesays.com\/fr\/wp-json\/wp\/v2\/posts"}],"about":[{"href":"https:\/\/www.europesays.com\/fr\/wp-json\/wp\/v2\/types\/post"}],"author":[{"embeddable":true,"href":"https:\/\/www.europesays.com\/fr\/wp-json\/wp\/v2\/users\/2"}],"replies":[{"embeddable":true,"href":"https:\/\/www.europesays.com\/fr\/wp-json\/wp\/v2\/comments?post=37782"}],"version-history":[{"count":0,"href":"https:\/\/www.europesays.com\/fr\/wp-json\/wp\/v2\/posts\/37782\/revisions"}],"wp:featuredmedia":[{"embeddable":true,"href":"https:\/\/www.europesays.com\/fr\/wp-json\/wp\/v2\/media\/37783"}],"wp:attachment":[{"href":"https:\/\/www.europesays.com\/fr\/wp-json\/wp\/v2\/media?parent=37782"}],"wp:term":[{"taxonomy":"category","embeddable":true,"href":"https:\/\/www.europesays.com\/fr\/wp-json\/wp\/v2\/categories?post=37782"},{"taxonomy":"post_tag","embeddable":true,"href":"https:\/\/www.europesays.com\/fr\/wp-json\/wp\/v2\/tags?post=37782"}],"curies":[{"name":"wp","href":"https:\/\/api.w.org\/{rel}","templated":true}]}}