{"id":377820,"date":"2025-09-09T13:36:13","date_gmt":"2025-09-09T13:36:13","guid":{"rendered":"https:\/\/www.europesays.com\/fr\/377820\/"},"modified":"2025-09-09T13:36:13","modified_gmt":"2025-09-09T13:36:13","slug":"manifestation-du-10-septembre-a-quoi-sattendre-a-marseille","status":"publish","type":"post","link":"https:\/\/www.europesays.com\/fr\/377820\/","title":{"rendered":"Manifestation du 10 septembre : \u00e0 quoi s&rsquo;attendre \u00e0 Marseille ?"},"content":{"rendered":"<p><img loading=\"lazy\" decoding=\"async\" alt=\"\u00a9 Shutterstock - Les autoroutes aux abords de Marseille pourraient conna\u00eetre des op\u00e9rations de blocage dans le cadre de la mobilisation du 10 septembre.\" data-zoom-src=\"https:\/\/www.europesays.com\/fr\/wp-content\/uploads\/2025\/09\/initial-bloquons-tout-marseille.jpg\" data-zoomable=\"\" height=\"702\" src=\"https:\/\/www.europesays.com\/fr\/wp-content\/uploads\/2025\/09\/initial-bloquons-tout-marseille.jpg\" width=\"1248\"\/>  <\/p>\n<p class=\"article-desc\">\u00a9 Shutterstock &#8211; Les autoroutes aux abords de Marseille pourraient conna\u00eetre des op\u00e9rations de blocage dans le cadre de la mobilisation du 10 septembre. <\/p>\n<p>Quelle ampleur prendra l&rsquo;appel <strong>\u00ab\u00a0Bloquons Tout\u00a0\u00bb<\/strong> du <strong>10 septembre<\/strong> dans les Bouches-du-Rh\u00f4ne ? Difficile de le savoir avec pr\u00e9cision. Contrairement aux mouvements organis\u00e9s par des syndicats de salari\u00e9s, l&rsquo;appel \u00e0 <a href=\"https:\/\/mesinfos.fr\/greve-du-10-septembre-2025-une-mobilisation-nationale-inedite-228606.html\" rel=\"noopener\" target=\"_blank\">la gr\u00e8ve du 10 septembre est peu structur\u00e9<\/a>. Les appels au rassemblement sont le fait de collectifs plus ou moins organis\u00e9s et repr\u00e9sentatifs, de militants ou de simples citoyens.\u00a0 <\/p>\n<p>Mais au <a href=\"https:\/\/mesinfos.fr\/direct\/suivez-le-discours-de-francois-bayrou-et-le-vote-de-confiance-a-l-assemblee-229464.html\" rel=\"noopener\" target=\"_blank\">lendemain du vote de confiance qui a conduit \u00e0 la chute du gouvernement Bayrou<\/a>, la mobilisation s&rsquo;organise en Provence. <\/p>\n<p>La mobilisation \u00ab\u00a0Bloquons tous\u00a0\u00bb, une organisation anarchique et informelle <\/p>\n<p>Les informations circulent sur les r\u00e9seaux sociaux et des boucles Telegram. Des op\u00e9rations coups de point surprises sont \u00e0 attendre \u00e0 divers endroits des Bouches-du-Rh\u00f4ne, principalement \u00e0 Marseille. Mais l&rsquo;a\u00e9roport de Marseille Provence serait vis\u00e9, ainsi que les infrastructures de transport, comme les gares. <\/p>\n<p>Selon le site Marseille infos autonomes, <strong>la mobilisation du 10 septembre<\/strong> se pr\u00e9pare \u00e0 Marseille. Dimanche, des formations ont \u00e9t\u00e9 organis\u00e9es en vue de la manifestation, comme une sur le th\u00e8me \u00ab\u00a0street medic\u00a0\u00bb, ou une autre sur celui du \u00ab\u00a0d\u00e9placement collectif\u00a0\u00bb. Diverses op\u00e9rations de tractage ont \u00e9t\u00e9 men\u00e9es, afin de mobiliser du monde.<\/p>\n<p>On fait le point sur les informations connues pour cette mobilisation appel\u00e9e \u00ab\u00a0Bloquons tous\u00a0\u00bb et attendues pour le 10 septembre dans les Bouches-du-Rh\u00f4ne et partout en France. <\/p>\n<p> A\u00e9roport, RTM, SNCF&#8230; Quelles perturbations le 10 septembre en Provence ? <\/p>\n<ul>\n<li><strong>Une gr\u00e8ve \u00e0 l&rsquo;a\u00e9roport de Marseille Provence ?<\/strong> <\/li>\n<\/ul>\n<p>Le syndicat Sud a\u00e9rien appelle \u00e0 rejoindre le mouvement du 10 septembre contrairement au SNCTA, le syndicat majoritaire des contr\u00f4leurs a\u00e9riens, qui privil\u00e9gie la date du 18 septembre. Pour la Direction G\u00e9n\u00e9rale de l&rsquo;Aviation Civile (DGAC), des perturbations restent \u00e0 pr\u00e9voir au d\u00e9part et \u00e0 l&rsquo;arriv\u00e9e de l&rsquo;a\u00e9roport de Marseille-Provence. <\/p>\n<ul>\n<li><strong>Des perturbations dans le r\u00e9seau RTM ?<\/strong> <\/li>\n<\/ul>\n<p>La CGT RTM a lanc\u00e9 un appel \u00e0 la mobilisation pour le 10 septembre. Il est difficile de conna\u00eetre l&rsquo;ampleur des cons\u00e9quences sur le r\u00e9seau des transports en commun de la RTM.<\/p>\n<ul>\n<li><strong>Des trains en moins entre Marseille et Toulon ?<\/strong> <\/li>\n<\/ul>\n<p>La mobilisation risque d&rsquo;\u00eatre davantage suivie sur les rails. La CGT Cheminots et Sud Rail appellent \u00e0 la gr\u00e8ve. Si la SNCF a assur\u00e9 que les lignes TGV Inoui et Ouigo ne sont pas touch\u00e9es par le mouvement, les TER risquent d&rsquo;\u00eatre davantage impact\u00e9s. Il est conseill\u00e9 de v\u00e9rifier la bonne circulation des trains la veille \u00e0 partir de 17 h.<\/p>\n<p>  Des blocages sur les axes routiers ?\u00a0 <\/p>\n<p>\u00c0 l&rsquo;instar des gilets jaunes en 2018, des actions sont organis\u00e9es sur les routes. <\/p>\n<ul>\n<li>Du c\u00f4t\u00e9 d&rsquo;<strong>Aubagne<\/strong>, une op\u00e9ration p\u00e9age gratuit devrait avoir lieu d\u00e8s 7 h au p\u00e9age de l&rsquo;\u00c9toile. <\/li>\n<li>\u00c0 quelques kilom\u00e8tres au sud, des blocages urbains sont pr\u00e9vus sur l&rsquo;autoroute Est partant de <strong>Marseille <\/strong>ainsi qu&rsquo;au rond-point du Prado.\u00a0 <\/li>\n<li>A <strong>Aix-en-Provence <\/strong>un appel au p\u00e9age ouvert a \u00e9t\u00e9 lanc\u00e9 pour celui de Fuveau sur l&rsquo;A8.<\/li>\n<\/ul>\n<p> Manifestation au d\u00e9part des R\u00e9form\u00e9s \u00e0 Marseille <\/p>\n<p>Quatre point de rendez-vous sont donn\u00e9s d\u00e8s 6 h30 pour des blocages collectifs : au m\u00e9tro La Rose, sur le parking m\u00e9tro de la Valentine, \u00e0 la porte d&rsquo;Aix ou encore \u00e0 la place Castellane.\u00a0 <\/p>\n<p>C&rsquo;est ensuite au d\u00e9part des R\u00e9form\u00e9s qu&rsquo;une manifestation s&rsquo;\u00e9lancera vers 10 h. Elle se fait \u00e0 l&rsquo;appel de <strong>Solidaire Finances Publiques<\/strong>, du <strong>SNES FSU Education<\/strong> et d&rsquo;autres syndicats.\u00a0 <\/p>\n<p>Le syndicat Solidaire Finances Publique organisera un tractage en gare d&rsquo;Aubagne, \u00e0 8 h, puis sa d\u00e9l\u00e9gation partira pour Marseille. Un autre rassemblement est annonc\u00e9 \u00e0 Marseille \u00e0 8 h, au centre des finances publiques de Marseille Prado toujours \u00e0 l\u2019appel de Solidaires Finances Publiques. Le mouvement se d\u00e9portera ensuite \u00e0 10 h aux R\u00e9form\u00e9s pour rejoindre la manifestation principale.<\/p>\n<p>  Manifestation \u00e0 Aix-en-Provence <\/p>\n<p>\u00c0 Aix-en-Provence une manifestation est annonc\u00e9e vers 12 heures \u00e0 la Rotonde. Un piquet de gr\u00e8ve, lanc\u00e9 \u00e0 l&rsquo;initiative <strong>des syndicats de l&rsquo;\u00e9nergie<\/strong>, se tiendra devant le b\u00e2timent Enedis.\u00a0 <\/p>\n<p>\u00c0 Aubagne des \u00e9changes avec la population <\/p>\n<p>Des tractages auront lieu d\u00e8s 8 h devant la gare avant un d\u00e9part collectif vers la cit\u00e9 phoc\u00e9enne pour s&rsquo;unir au rassemblement organis\u00e9 aux R\u00e9form\u00e9s. Le mouvement Solidaires se rassemblera \u00e0 <strong>Aubagne<\/strong>, \u00e0 17 h devant l\u2019espace des Libert\u00e9s pour \u00e9changer avec la population et \u00e9largir le mouvement. <\/p>\n","protected":false},"excerpt":{"rendered":"\u00a9 Shutterstock &#8211; Les autoroutes aux abords de Marseille pourraient conna\u00eetre des op\u00e9rations de blocage dans le cadre&hellip;\n","protected":false},"author":2,"featured_media":377821,"comment_status":"","ping_status":"","sticky":false,"template":"","format":"standard","meta":{"footnotes":""},"categories":[2814],"tags":[1111,11,1777,674,1011,27,15763,1272,884,12,882,25],"class_list":{"0":"post-377820","1":"post","2":"type-post","3":"status-publish","4":"format-standard","5":"has-post-thumbnail","7":"category-marseille","8":"tag-actu","9":"tag-actualites","10":"tag-eu","11":"tag-europe","12":"tag-fr","13":"tag-france","14":"tag-franu00e7ois-bayrou","15":"tag-manifestations","16":"tag-marseille","17":"tag-news","18":"tag-provence-alpes-cote-dazur","19":"tag-republique-francaise"},"share_on_mastodon":{"url":"https:\/\/pubeurope.com\/@fr\/115174610336286702","error":""},"_links":{"self":[{"href":"https:\/\/www.europesays.com\/fr\/wp-json\/wp\/v2\/posts\/377820","targetHints":{"allow":["GET"]}}],"collection":[{"href":"https:\/\/www.europesays.com\/fr\/wp-json\/wp\/v2\/posts"}],"about":[{"href":"https:\/\/www.europesays.com\/fr\/wp-json\/wp\/v2\/types\/post"}],"author":[{"embeddable":true,"href":"https:\/\/www.europesays.com\/fr\/wp-json\/wp\/v2\/users\/2"}],"replies":[{"embeddable":true,"href":"https:\/\/www.europesays.com\/fr\/wp-json\/wp\/v2\/comments?post=377820"}],"version-history":[{"count":0,"href":"https:\/\/www.europesays.com\/fr\/wp-json\/wp\/v2\/posts\/377820\/revisions"}],"wp:featuredmedia":[{"embeddable":true,"href":"https:\/\/www.europesays.com\/fr\/wp-json\/wp\/v2\/media\/377821"}],"wp:attachment":[{"href":"https:\/\/www.europesays.com\/fr\/wp-json\/wp\/v2\/media?parent=377820"}],"wp:term":[{"taxonomy":"category","embeddable":true,"href":"https:\/\/www.europesays.com\/fr\/wp-json\/wp\/v2\/categories?post=377820"},{"taxonomy":"post_tag","embeddable":true,"href":"https:\/\/www.europesays.com\/fr\/wp-json\/wp\/v2\/tags?post=377820"}],"curies":[{"name":"wp","href":"https:\/\/api.w.org\/{rel}","templated":true}]}}