{"id":377822,"date":"2025-09-09T13:37:11","date_gmt":"2025-09-09T13:37:11","guid":{"rendered":"https:\/\/www.europesays.com\/fr\/377822\/"},"modified":"2025-09-09T13:37:11","modified_gmt":"2025-09-09T13:37:11","slug":"la-cgt-ouvre-ses-locaux-pour-les-journees-du-patrimoine","status":"publish","type":"post","link":"https:\/\/www.europesays.com\/fr\/377822\/","title":{"rendered":"la CGT ouvre ses locaux pour les Journ\u00e9es du Patrimoine"},"content":{"rendered":"<p>                            <img loading=\"lazy\" width=\"770\" height=\"433\" class=\"attachment-article size-article wp-post-image lazyload\" alt=\"CGT drapeau flout\u00e9\" decoding=\"async\" src=\"https:\/\/www.europesays.com\/fr\/wp-content\/uploads\/2025\/04\/360684-ez-CGT-drapeau-floute-770x433.jpg\"  data- data-eio-rwidth=\"770\" data-eio-rheight=\"433\"\/><\/p>\n<p>Photo d\u2019illustration \u00a9 Tim Douet<\/p>\n<p class=\"content\" style=\"font-size:1.2em;font-weight:700\">En marge des Journ\u00e9es europ\u00e9ennes du patrimoine, la CGT ouvrira au public plusieurs de ses locaux rh\u00f4daniens le 20 septembre prochain. <\/p>\n<p>A l&rsquo;occasion des Journ\u00e9es europ\u00e9ennes du patrimoine, la CGT propose au public de venir visiter ses locaux de Villeurbanne, de Vaulx-en-Velin, de Saint-Priest et de Lyon le 20 septembre prochain. <\/p>\n<p>Les participants pourront prendre part \u00e0 une exposition sur l&rsquo;histoire du mouvement ouvrier local et visiter les locaux en pr\u00e9sence d&rsquo;historiens.  <\/p>\n<p>Les locaux du Palais du Travail \u00e0 Villeurbanne, ceux de Vaulx-en-Velin et la Bourse du Travail de Lyon accueilleront le public de 10 h \u00e0 17 h. Les locaux de Saint-Priest seront quant \u00e0 eux ouverts de 11 h \u00e0 15 h. <\/p>\n<p><strong>Lire aussi : <\/strong><\/p>\n","protected":false},"excerpt":{"rendered":"Photo d\u2019illustration \u00a9 Tim Douet En marge des Journ\u00e9es europ\u00e9ennes du patrimoine, la CGT ouvrira au public plusieurs&hellip;\n","protected":false},"author":2,"featured_media":27128,"comment_status":"","ping_status":"","sticky":false,"template":"","format":"standard","meta":{"footnotes":""},"categories":[1889],"tags":[1111,11,2430,1777,674,1011,27,2428,12,25],"class_list":{"0":"post-377822","1":"post","2":"type-post","3":"status-publish","4":"format-standard","5":"has-post-thumbnail","7":"category-lyon","8":"tag-actu","9":"tag-actualites","10":"tag-auvergne-rhone-alpes","11":"tag-eu","12":"tag-europe","13":"tag-fr","14":"tag-france","15":"tag-lyon","16":"tag-news","17":"tag-republique-francaise"},"share_on_mastodon":{"url":"https:\/\/pubeurope.com\/@fr\/115174614392146135","error":""},"_links":{"self":[{"href":"https:\/\/www.europesays.com\/fr\/wp-json\/wp\/v2\/posts\/377822","targetHints":{"allow":["GET"]}}],"collection":[{"href":"https:\/\/www.europesays.com\/fr\/wp-json\/wp\/v2\/posts"}],"about":[{"href":"https:\/\/www.europesays.com\/fr\/wp-json\/wp\/v2\/types\/post"}],"author":[{"embeddable":true,"href":"https:\/\/www.europesays.com\/fr\/wp-json\/wp\/v2\/users\/2"}],"replies":[{"embeddable":true,"href":"https:\/\/www.europesays.com\/fr\/wp-json\/wp\/v2\/comments?post=377822"}],"version-history":[{"count":0,"href":"https:\/\/www.europesays.com\/fr\/wp-json\/wp\/v2\/posts\/377822\/revisions"}],"wp:featuredmedia":[{"embeddable":true,"href":"https:\/\/www.europesays.com\/fr\/wp-json\/wp\/v2\/media\/27128"}],"wp:attachment":[{"href":"https:\/\/www.europesays.com\/fr\/wp-json\/wp\/v2\/media?parent=377822"}],"wp:term":[{"taxonomy":"category","embeddable":true,"href":"https:\/\/www.europesays.com\/fr\/wp-json\/wp\/v2\/categories?post=377822"},{"taxonomy":"post_tag","embeddable":true,"href":"https:\/\/www.europesays.com\/fr\/wp-json\/wp\/v2\/tags?post=377822"}],"curies":[{"name":"wp","href":"https:\/\/api.w.org\/{rel}","templated":true}]}}