{"id":377823,"date":"2025-09-09T13:38:14","date_gmt":"2025-09-09T13:38:14","guid":{"rendered":"https:\/\/www.europesays.com\/fr\/377823\/"},"modified":"2025-09-09T13:38:14","modified_gmt":"2025-09-09T13:38:14","slug":"a-lyon-la-french-fab-aura-prend-son-envol","status":"publish","type":"post","link":"https:\/\/www.europesays.com\/fr\/377823\/","title":{"rendered":"A Lyon, La French Fab AURA prend son envol"},"content":{"rendered":"<p><strong>Fer de lance de la vitalit\u00e9 de l\u2019industrie fran\u00e7aise et de son identit\u00e9, La French Fab a inaugur\u00e9 jeudi 5 septembre son quartier g\u00e9n\u00e9ral, symbole de l\u2019innovation et du dynamisme de l\u2019\u00e9cosyst\u00e8me industriel, en r\u00e9gion AURA. <\/strong><\/p>\n<p>La <a href=\"https:\/\/bigmedia.bpifrance.fr\/nos-actualites\/la-region-auvergne-rhone-alpes-creuset-de-la-filiere-industrielle\" rel=\"nofollow noopener\" target=\"_blank\">premi\u00e8re r\u00e9gion industrielle de France<\/a> d\u00e9tient son propre \u00e9tendard de l\u2019<a href=\"https:\/\/www.lafrenchfab.fr\/2025\/08\/29\/les-bonnes-nouvelles-de-lindustrie-en-aout-laerospatiale-a-le-vent-en-poupe\/\" rel=\"nofollow noopener\" target=\"_blank\">industrie fran\u00e7aise<\/a>. Jeudi 5 septembre, chefs d\u2019entreprises, entrepreneurs industriels, ambassadeurs de La French Fab, acteurs du territoire ainsi que des responsables de Bpifrance ont inaugur\u00e9 le QG de La French Fab dans les locaux de Swarm, un centre d\u2019innovation et de transformation pour l\u2019industrie du futur, \u00e0 Charbonni\u00e8res-les-Bains (Lyon), en r\u00e9gion AURA.<\/p>\n<p><img fetchpriority=\"high\" decoding=\"async\" class=\"alignnone wp-image-43869 size-large\" src=\"https:\/\/www.europesays.com\/fr\/wp-content\/uploads\/2025\/09\/Design-sans-titre-87-1024x683.jpg\" alt=\"\" width=\"1024\" height=\"683\"  \/><\/p>\n<p><a href=\"https:\/\/www.lafrenchfab.fr\/2025\/03\/12\/global-industrie-la-french-fab-appelle-a-lunion-des-forces-pour-donner-ses-chances-a-la-reindustrialisation\/\" rel=\"nofollow noopener\" target=\"_blank\"><strong>Lire aussi \/ Global Industrie : La French Fab appelle \u00e0 l\u2019union des forces pour \u00ab\u00a0donner ses chances \u00e0 la r\u00e9industrialisation\u00a0\u00bb<\/strong><\/a><\/p>\n<p>C\u2019est dans cet espace d\u2019innovation collective que La French Fab, porte-voix de l\u2019industrie fran\u00e7aise en mouvement, sera h\u00e9berg\u00e9e. Acteurs de terrain, dirigeants industriels, ainsi que les institutions, pourront s\u2019y r\u00e9unir afin de partager leurs exp\u00e9riences mais aussi collaborer autour de projets ambitieux pour l\u2019industrie fran\u00e7aise.<\/p>\n<p><strong>Fiert\u00e9 d\u2019agir pour l\u2019avenir de l\u2019industrie fran\u00e7aise\u00a0<\/strong><\/p>\n<p>Alors que la fili\u00e8re traverse des p\u00e9riodes de turbulences mais maintient le cap, cette inauguration r\u00e9v\u00e8le la r\u00e9silience de celles et ceux qui font et incarnent l\u2019industrie fran\u00e7aise : les entrepreneurs et tout l\u2019\u00e9cosyst\u00e8me qui gravitent autour d\u2019eux : r\u00e9seaux locaux, acteurs \u00e9conomiques, institutions etc. Issues de tous secteurs, les <a href=\"https:\/\/www.lafrenchfab.fr\/2025\/08\/11\/industriels-resistants-notre-nouveau-site-nous-a-fait-realiser-des-gains-de-productivite-benoit-houzel\/\" rel=\"nofollow noopener\" target=\"_blank\">dirigeants industriels<\/a> ont mis en lumi\u00e8re leurs croyances en mati\u00e8re d\u2019industrie, leur fiert\u00e9 d\u2019agir au quotidien pour son avenir, qui se joue maintenant.<\/p>\n<p>Ce lancement \u2013 auquel ont notamment assist\u00e9 <a href=\"https:\/\/www.lafrenchfab.fr\/2025\/03\/11\/sylvie-guinard-thimonnier-lindustrie-a-besoin-dimagination-de-talent-et-denvie\/\" rel=\"nofollow noopener\" target=\"_blank\">Sylvie Guinard, dirigeante de PME industrielle Thimonnier<\/a>, Herv\u00e9 de Malliard, PDG de MGA Technologies, Laurent Fiard, Pr\u00e9sident de Visiativ, mais aussi Bruno Voland, PDG de Tra-C Industrie ou Yvan Demars, directeur du r\u00e9seau Auvergne-Rh\u00f4ne-Alpes, Julien Noronha, directeur ex\u00e9cutif en charge de la Communication de Bpifrance ainsi que St\u00e9phane Ndour, le directeur des d\u00e9veloppements et des partenariats de Bpifrance \u2013 repr\u00e9sente une nouvelle \u00e9tape pour le collectif La French Fab.<\/p>\n<p><img loading=\"lazy\" decoding=\"async\" class=\"alignnone wp-image-43874 size-large\" src=\"https:\/\/www.europesays.com\/fr\/wp-content\/uploads\/2025\/09\/Design-sans-titre-86-1024x683.jpg\" alt=\"\" width=\"1024\" height=\"683\"  \/><\/p>\n<p><strong>La French Fab AURA : \u00ab acc\u00e9l\u00e9rateur d\u2019id\u00e9es et de projets \u00bb en commun\u00a0<\/strong><\/p>\n<p>Les diff\u00e9rents intervenants pr\u00e9sents, l\u2019ont r\u00e9p\u00e9t\u00e9 durant ce moment fort : ce nouvel espace est bien plus qu\u2019un lieu de rassemblement ou point de ralliement pour les acteurs industriels du territoire. La French Fab AURA, selon le dirigeant Laurent Fiard (qui a t\u00e9moign\u00e9 sur son compte LinkedIn) servira \u00e0 ses yeux, \u00e0 la fois \u00ab d\u2019acc\u00e9l\u00e9rateur d\u2019id\u00e9es et de projets concrets \u00bb mais aussi de lieu symbolique de valorisation des entreprises industrielles de la r\u00e9gion et de \u00ab vitrine vivante du dynamisme de l\u2019\u00e9cosyst\u00e8me industriel \u00bb fran\u00e7ais. Selon l\u2019un des dirigeants pr\u00e9sents, Patrick Berthet, c\u2019est par la force du collectif que l\u2019industrie peut avancer. Chacun pouvant apporter sa pierre \u00e0 l\u2019\u00e9difice.<\/p>\n<p>L\u2019industrie, c\u2019est avant tout des femmes et des hommes qui se rencontrent, apprennent \u00e0 se conna\u00eetre et construisent ensemble : tels sont les messages et conviction fortes qui sont ressorties de cette soir\u00e9e d\u2019inauguration.<\/p>\n","protected":false},"excerpt":{"rendered":"Fer de lance de la vitalit\u00e9 de l\u2019industrie fran\u00e7aise et de son identit\u00e9, La French Fab a inaugur\u00e9&hellip;\n","protected":false},"author":2,"featured_media":377824,"comment_status":"","ping_status":"","sticky":false,"template":"","format":"standard","meta":{"footnotes":""},"categories":[1889],"tags":[1111,11,51150,2430,51151,1777,674,1011,27,51152,51153,2428,12,51154,25],"class_list":{"0":"post-377823","1":"post","2":"type-post","3":"status-publish","4":"format-standard","5":"has-post-thumbnail","7":"category-lyon","8":"tag-actu","9":"tag-actualites","10":"tag-ambassadeur-french-fab","11":"tag-auvergne-rhone-alpes","12":"tag-collectif-la-french-fab","13":"tag-eu","14":"tag-europe","15":"tag-fr","16":"tag-france","17":"tag-la-fench-fab-industrie","18":"tag-la-french-fab-aura","19":"tag-lyon","20":"tag-news","21":"tag-region-aura-industrie","22":"tag-republique-francaise"},"share_on_mastodon":{"url":"https:\/\/pubeurope.com\/@fr\/115174618247361686","error":""},"_links":{"self":[{"href":"https:\/\/www.europesays.com\/fr\/wp-json\/wp\/v2\/posts\/377823","targetHints":{"allow":["GET"]}}],"collection":[{"href":"https:\/\/www.europesays.com\/fr\/wp-json\/wp\/v2\/posts"}],"about":[{"href":"https:\/\/www.europesays.com\/fr\/wp-json\/wp\/v2\/types\/post"}],"author":[{"embeddable":true,"href":"https:\/\/www.europesays.com\/fr\/wp-json\/wp\/v2\/users\/2"}],"replies":[{"embeddable":true,"href":"https:\/\/www.europesays.com\/fr\/wp-json\/wp\/v2\/comments?post=377823"}],"version-history":[{"count":0,"href":"https:\/\/www.europesays.com\/fr\/wp-json\/wp\/v2\/posts\/377823\/revisions"}],"wp:featuredmedia":[{"embeddable":true,"href":"https:\/\/www.europesays.com\/fr\/wp-json\/wp\/v2\/media\/377824"}],"wp:attachment":[{"href":"https:\/\/www.europesays.com\/fr\/wp-json\/wp\/v2\/media?parent=377823"}],"wp:term":[{"taxonomy":"category","embeddable":true,"href":"https:\/\/www.europesays.com\/fr\/wp-json\/wp\/v2\/categories?post=377823"},{"taxonomy":"post_tag","embeddable":true,"href":"https:\/\/www.europesays.com\/fr\/wp-json\/wp\/v2\/tags?post=377823"}],"curies":[{"name":"wp","href":"https:\/\/api.w.org\/{rel}","templated":true}]}}