{"id":377829,"date":"2025-09-09T13:41:12","date_gmt":"2025-09-09T13:41:12","guid":{"rendered":"https:\/\/www.europesays.com\/fr\/377829\/"},"modified":"2025-09-09T13:41:12","modified_gmt":"2025-09-09T13:41:12","slug":"les-recettes-fiscales-de-letat-en-nette-hausse-au-premier-semestre","status":"publish","type":"post","link":"https:\/\/www.europesays.com\/fr\/377829\/","title":{"rendered":"Les recettes fiscales de l\u2019Etat en nette hausse au premier semestre"},"content":{"rendered":"\n<p class=\"article__paragraph  \">Fran\u00e7ois Bayrou a d\u00e9missionn\u00e9, mardi 9\u00a0septembre, en laissant en suspens tant le probl\u00e8me de la dette que la construction du budget\u00a02026. Mais, au moins, le budget en cours d\u2019ex\u00e9cution semble tenu et, apr\u00e8s plusieurs ann\u00e9es de d\u00e9rapage spectaculaire, l\u2019objectif de d\u00e9ficit public, fix\u00e9 \u00e0\u00a05,4\u00a0% du produit int\u00e9rieur but (PIB) fin 2025, devrait cette fois-ci pouvoir \u00eatre atteint. C\u2019est ce que montrent les recettes fiscales plut\u00f4t encourageantes d\u00e9voil\u00e9es le 9\u00a0septembre par le minist\u00e8re de l\u2019\u00e9conomie et des finances.<\/p>\n<p>                              Lire aussi |  Article r\u00e9serv\u00e9 \u00e0 nos abonn\u00e9s  <a href=\"https:\/\/www.lemonde.fr\/idees\/article\/2025\/09\/09\/la-taxe-zucman-genererait-une-reduction-du-deficit-de-5-milliards-d-euros-pas-de-20-milliards_6640115_3232.html\" class=\"js-article-read-also catcher--favoris__link\" data-premium=\"1\" id=\"article-title-3437076\" rel=\"nofollow noopener\" target=\"_blank\">\u00ab\u00a0La taxe Zucman g\u00e9n\u00e9rerait une r\u00e9duction du d\u00e9ficit de 5\u00a0milliards d\u2019euros, pas de 20\u00a0milliards\u00a0\u00bb<\/a>    <\/p>\n<p>   Lire plus tard  <\/p>\n<p class=\"article__paragraph  \">Au premier semestre, l\u2019Etat a collect\u00e9\u00a0258\u00a0milliards d\u2019euros d\u2019imp\u00f4ts divers, soit, \u00e0 champ constant, 3,8\u00a0% de plus que durant le m\u00eame semestre de 2024. Cette hausse est exactement celle qui \u00e9tait pr\u00e9vue pour les pr\u00e9l\u00e8vements obligatoires sur l\u2019ensemble de l\u2019ann\u00e9e dans le projet de loi de finances adopt\u00e9 dans la douleur \u00e0 la mi-f\u00e9vrier. Elle est sensiblement plus \u00e9lev\u00e9e que celle de l\u2019activit\u00e9 \u00e9conomique, puisque le\u00a0PIB n\u2019a augment\u00e9 que de\u00a02,3\u00a0% durant cette p\u00e9riode, souligne la direction g\u00e9n\u00e9rale des finances publiques dans sa note.<\/p>\n<p class=\"article__paragraph  \">Cette nette croissance des imp\u00f4ts recouvr\u00e9s par Bercy tient d\u2019abord, pour\u00a040\u00a0%, aux recettes des imp\u00f4ts sur la consommation d\u2019\u00e9lectricit\u00e9, de gaz naturel et de charbon. Avec la fin progressive du \u00ab\u00a0bouclier tarifaire\u00a0\u00bb mis en place pour limiter l\u2019augmentation des tarifs de l\u2019\u00e9nergie, apr\u00e8s notamment l\u2019invasion de l\u2019Ukraine par la Russie, les recettes tir\u00e9es des taxes sur la consommation d\u2019\u00e9lectricit\u00e9, de gaz et de charbon ont \u00e9t\u00e9 multipli\u00e9es par\u00a02,5\u00a0en un an. Elles sont pass\u00e9es de 2,5\u00a0milliards d\u2019euros au premier semestre 2024\u00a0\u00e0 6,2\u00a0milliards au premier semestre 2025.<\/p>\n<p>           Reprise du march\u00e9 immobilier           <\/p>\n<p class=\"article__paragraph  \">Les recettes de l\u2019imp\u00f4t sur les soci\u00e9t\u00e9s s\u2019inscrivent \u00e9galement en hausse sensible (+ 6,8\u00a0%), alors que celles des imp\u00f4ts sur le revenu des m\u00e9nages n\u2019ont augment\u00e9 que de 0,7\u00a0%.<\/p>\n<p>                              Lire aussi |  Article r\u00e9serv\u00e9 \u00e0 nos abonn\u00e9s  <a href=\"https:\/\/www.lemonde.fr\/politique\/article\/2025\/08\/05\/budget-deja-100-milliards-d-euros-de-deficit-en-six-mois_6626824_823448.html\" class=\"js-article-read-also catcher--favoris__link\" data-premium=\"1\" id=\"article-title-3433690\" rel=\"nofollow noopener\" target=\"_blank\">Le budget de l\u2019Etat a d\u00e9j\u00e0 accumul\u00e9 100\u00a0milliards d\u2019euros de d\u00e9ficit en six mois<\/a>    <\/p>\n<p>   Lire plus tard  <\/p>\n<p class=\"article__paragraph  \">Enfin, les bons chiffres fiscaux du premier semestre tiennent aussi \u00e0 la croissance de 17,2\u00a0% des droits de mutation \u00e0 titre on\u00e9reux (DMTO), les fameux \u00ab\u00a0frais de notaire\u00a0\u00bb pr\u00e9lev\u00e9s sur les transactions immobili\u00e8res, et des droits d\u2019enregistrement. Cette \u00e9volution positive s\u2019explique par deux facteurs, souligne Bercy. D\u2019une part, la reprise du march\u00e9 immobilier, tant en termes de volume de transactions que de prix. D\u2019autre part, la nouvelle facult\u00e9 accord\u00e9e aux d\u00e9partements d\u2019augmenter de\u00a00,5\u00a0point le taux de la taxe d\u00e9partementale de publicit\u00e9 fonci\u00e8re ou du droit d\u00e9partemental d\u2019enregistrement en\u00a02025.<\/p>\n<p class=\"reading-mode-only \"><strong>Il vous reste 11.67% de cet article \u00e0 lire. La suite est r\u00e9serv\u00e9e aux abonn\u00e9s.<\/strong><\/p>\n","protected":false},"excerpt":{"rendered":"Fran\u00e7ois Bayrou a d\u00e9missionn\u00e9, mardi 9\u00a0septembre, en laissant en suspens tant le probl\u00e8me de la dette que la&hellip;\n","protected":false},"author":2,"featured_media":377830,"comment_status":"","ping_status":"","sticky":false,"template":"","format":"standard","meta":{"footnotes":""},"categories":[1888],"tags":[1111,1928,11,1927,1777,674,1011,27,12,1926,626,1925,25],"class_list":{"0":"post-377829","1":"post","2":"type-post","3":"status-publish","4":"format-standard","5":"has-post-thumbnail","7":"category-paris","8":"tag-actu","9":"tag-actu-paris","10":"tag-actualites","11":"tag-actualites-paris","12":"tag-eu","13":"tag-europe","14":"tag-fr","15":"tag-france","16":"tag-news","17":"tag-news-paris","18":"tag-paris","19":"tag-paris-news","20":"tag-republique-francaise"},"share_on_mastodon":{"url":"https:\/\/pubeurope.com\/@fr\/115174630007794664","error":""},"_links":{"self":[{"href":"https:\/\/www.europesays.com\/fr\/wp-json\/wp\/v2\/posts\/377829","targetHints":{"allow":["GET"]}}],"collection":[{"href":"https:\/\/www.europesays.com\/fr\/wp-json\/wp\/v2\/posts"}],"about":[{"href":"https:\/\/www.europesays.com\/fr\/wp-json\/wp\/v2\/types\/post"}],"author":[{"embeddable":true,"href":"https:\/\/www.europesays.com\/fr\/wp-json\/wp\/v2\/users\/2"}],"replies":[{"embeddable":true,"href":"https:\/\/www.europesays.com\/fr\/wp-json\/wp\/v2\/comments?post=377829"}],"version-history":[{"count":0,"href":"https:\/\/www.europesays.com\/fr\/wp-json\/wp\/v2\/posts\/377829\/revisions"}],"wp:featuredmedia":[{"embeddable":true,"href":"https:\/\/www.europesays.com\/fr\/wp-json\/wp\/v2\/media\/377830"}],"wp:attachment":[{"href":"https:\/\/www.europesays.com\/fr\/wp-json\/wp\/v2\/media?parent=377829"}],"wp:term":[{"taxonomy":"category","embeddable":true,"href":"https:\/\/www.europesays.com\/fr\/wp-json\/wp\/v2\/categories?post=377829"},{"taxonomy":"post_tag","embeddable":true,"href":"https:\/\/www.europesays.com\/fr\/wp-json\/wp\/v2\/tags?post=377829"}],"curies":[{"name":"wp","href":"https:\/\/api.w.org\/{rel}","templated":true}]}}