{"id":377833,"date":"2025-09-09T13:43:29","date_gmt":"2025-09-09T13:43:29","guid":{"rendered":"https:\/\/www.europesays.com\/fr\/377833\/"},"modified":"2025-09-09T13:43:29","modified_gmt":"2025-09-09T13:43:29","slug":"journees-du-matrimoine-et-du-patrimoine-2025","status":"publish","type":"post","link":"https:\/\/www.europesays.com\/fr\/377833\/","title":{"rendered":"Journ\u00e9es du matrimoine et du patrimoine 2025\u00a0:"},"content":{"rendered":"<p>\n  Pour c\u00e9l\u00e9brer les 41e Journ\u00e9es europ\u00e9ennes du patrimoine, les 21 et 22 septembre 2025, plongez au c\u0153ur d&rsquo;une c\u00e9l\u00e9bration artistique et culturelle qui c\u00e9l\u00e8bre la richesse du matrimoine et du patrimoine dans le 12e arrondissement\u00a0! D\u00e9couvrez le programme\u00a0!\n<\/p>\n<p>  MATRIMOINE<\/p>\n<p>  Centre d&rsquo;Etudes d&rsquo;Histoires des Arts et Traditions (CEHAT)<\/p>\n<p>        <a target=\"_blank\" rel=\"noopener\" title=\"Ouvrir l'image dans un nouvel onglet\" href=\"https:\/\/www.europesays.com\/fr\/wp-content\/uploads\/2025\/09\/original-261ecbce814b87e92c8c6a9ef85accf7.jpg\"><br \/>\n          <img decoding=\"async\" alt=\"Affiche de la projection \/ conf\u00e9rence : Artemisia Centileschi, peintre et femme libre au 17e si\u00e8cle\" loading=\"lazy\" src=\"https:\/\/www.europesays.com\/fr\/wp-content\/uploads\/2025\/09\/original-261ecbce814b87e92c8c6a9ef85accf7.jpg\"\/><br \/>\n<\/a>    <\/p>\n<p>  Conf\u00e9rence &#8211; Projection | Artemisia Centileschi, peintre et femme libre au 17e<br \/>\nsi\u00e8cle\n<\/p>\n<p>\n  Jeudi 25 septembre de 18h30 \u00e0 20h \u00e0 la Maison de la vie<br \/>\nassociative et citoyenne.<strong> <br \/><\/strong>Soutenu \u00e0 la Commission Culture de Proximit\u00e9 du 12\u00e8me<strong> <\/strong>\n<\/p>\n<p>\n  Personnalit\u00e9 au destin hors norme, Artemisia Gentileschi est l\u2019une<br \/>\ndes rares artistes femmes du 17eme si\u00e8cle ayant pu vivre de son art, gr\u00e2ce \u00e0<br \/>\nson succ\u00e8s international. Sa vie est un roman et sa peinture caravagesque est<br \/>\ntout particuli\u00e8rement c\u00e9l\u00e9br\u00e9e pour ses figures d\u2019h\u00e9ro\u00efnes et ses portraits.\n<\/p>\n<p>  Le Palais de la Porte Dor\u00e9e<\/p>\n<p>        <a target=\"_blank\" rel=\"noopener\" title=\"Ouvrir l'image dans un nouvel onglet\" href=\"https:\/\/www.europesays.com\/fr\/wp-content\/uploads\/2025\/09\/original-7f5157188e7a00cc15e0d525893c143e.png\"><br \/>\n          <img decoding=\"async\" alt=\"du public attend sur l'esplanade du Palais de la porte dor\u00e9e \" loading=\"lazy\" src=\"https:\/\/www.europesays.com\/fr\/wp-content\/uploads\/2025\/09\/original-7f5157188e7a00cc15e0d525893c143e.png\"\/><br \/>\n<\/a>    <\/p>\n<p>\n  \u00c0 l\u2019occasion de la 41e<br \/>\n\u00e9dition des Journ\u00e9es europ\u00e9ennes du patrimoine, le Palais de la Porte Dor\u00e9e<br \/>\nvous ouvre ses portes pour une d\u00e9couverte in\u00e9dite sous les th\u00e8mes de la mer,<br \/>\ndes circulations et de la place des femmes. Tout au long du week-end, profitez<br \/>\nd\u2019une programmation riche et vari\u00e9e, incluant des visites guid\u00e9es exclusives,<br \/>\ndes ateliers cr\u00e9atifs et des m\u00e9diations scientifiques. Plongez dans un<br \/>\npatrimoine unique qui continue de r\u00e9v\u00e9ler et de chercher ses secrets\u00a0!\n<\/p>\n<p>  Josepha, mod\u00e8le noir des<br \/>\nann\u00e9es 1930<\/p>\n<p>\n  Dimanche 21 septembre<br \/>\n2025 \u00e0 15h et 17h<br \/>Adultes | Dur\u00e9e\u00a0: 1h\n<\/p>\n<p>\n  Qui est Josepha, ce mod\u00e8le<br \/>\nqui a pos\u00e9 pour les artistes du Palais de la Porte Dor\u00e9e\u00a0? \u00c0 travers le<br \/>\ndestin de cette Guadeloup\u00e9enne, descendante d\u2019esclaves, arriv\u00e9e \u00e0 Paris en 1921<br \/>\npour devenir mod\u00e8le, plongez dans la vie de boh\u00e8me et le \u201cParis noir\u201d des<br \/>\nann\u00e9es 1930. <\/p>\n<p>  L\u2019immigration, une histoire au<br \/>\nf\u00e9minin<\/p>\n<p>\n  Cette visite guid\u00e9e vous fait partir \u00e0 la rencontre des r\u00e9cits et<br \/>\nportraits de femmes dans l&rsquo;histoire de l&rsquo;immigration.\n<\/p>\n<p>  Fresques d\u2019hier, images<br \/>\nd\u2019aujourd\u2019hui<\/p>\n<p>\n  Au c\u0153ur de la salle des F\u00eates de l&rsquo;ancien Palais des<br \/>\ncolonies, participez en famille \u00e0 une r\u00e9\u00e9criture de la figure f\u00e9minine.\n<\/p>\n<p>\n  Activit\u00e9s gratuites\u00a0: les<br \/>\ninscriptions se font sur place, d\u00e8s 10h pour les visites du matin, d\u00e8s 12h pour<br \/>\nles visites du d\u00e9but d\u2019apr\u00e8s-midi et \u00e0 14h30 pour le reste de la journ\u00e9e.\n<\/p>\n<p>  Eglise Saint-Esprit<\/p>\n<p>        <a target=\"_blank\" rel=\"noopener\" title=\"Ouvrir l'image dans un nouvel onglet\" href=\"https:\/\/www.europesays.com\/fr\/wp-content\/uploads\/2025\/09\/original-7e6e64ab7a2e7710b33ecf552189294b.jpg\"><br \/>\n          <img decoding=\"async\" alt=\"La nef L'\u00e9glise du Saint-Esprit\" loading=\"lazy\" src=\"https:\/\/www.europesays.com\/fr\/wp-content\/uploads\/2025\/09\/original-7e6e64ab7a2e7710b33ecf552189294b.jpg\"\/><br \/>\n<\/a>    <\/p>\n<p>  Les peintures murales de l&rsquo;\u00e9glise du Saint-Esprit\u00a0: les artistes femmes \u00e0 l&rsquo;honneur<\/p>\n<p>\n  <strong\/>Samedi<br \/>\n20 septembre de 16h \u00e0 17h\n<\/p>\n<p>\n  \u00c0 l&rsquo;occasion<br \/>\ndes Journ\u00e9es europ\u00e9ennes du patrimoine 2025, venez d\u00e9couvrir les peintures<br \/>\nmurales de l&rsquo;\u00e9glise du Saint-Esprit\u00a0!\n<\/p>\n<p>\n  L&rsquo;\u00e9glise du<br \/>\nSaint-Esprit est un chantier embl\u00e9matique des ann\u00e9es 30. Il se distingue par<br \/>\nl&rsquo;ampleur de son programme d\u00e9coratif auquel de tr\u00e8s nombreuses femmes peintres<br \/>\nont particip\u00e9\u00a0: autant d&rsquo;artistes singuli\u00e8res \u00e0 d\u00e9couvrir au cours de<br \/>\ncette visite\n<\/p>\n<p>\n  Gratuit<br \/>\n\u2013 places limit\u00e9s (r\u00e9servation \u00e0 partir du 10 septembre).\n<\/p>\n<p>  PATRIMOINE<\/p>\n<p>  Place de la Nation<\/p>\n<p>        <a target=\"_blank\" rel=\"noopener\" title=\"Ouvrir l'image dans un nouvel onglet\" href=\"https:\/\/www.europesays.com\/fr\/wp-content\/uploads\/2025\/09\/original-1e953d740d67972fefb7e3100f656ef6.jpg\"><br \/>\n          <img decoding=\"async\" alt=\"Une sc\u00e8ne d'insurrection \" loading=\"lazy\" src=\"https:\/\/www.europesays.com\/fr\/wp-content\/uploads\/2025\/09\/original-1e953d740d67972fefb7e3100f656ef6.jpg\"\/><br \/>\n<\/a>    <\/p>\n<p>  Parcours<br \/>\nR\u00e9volution &#8211; quartier de la place de la Nation\n<\/p>\n<p>\n  Samedi 20 septembre de 10h \u00e0 11h\n<\/p>\n<p>\n  \u00c0 l&rsquo;occasion<br \/>\ndes Journ\u00e9es europ\u00e9ennes du patrimoine 2025, partez \u00e0 la d\u00e9couverte du quartier<br \/>\nde la place de la Nation pendant la R\u00e9volution\u00a0!\n<\/p>\n<p>\n  En 1789, cette<br \/>\nvaste place n\u2019est encore qu\u2019un terrain d\u00e9couvert aux portes de Paris\u00a0: la<br \/>\nplace du Tr\u00f4ne. Deux hautes et spectaculaires colonnes \u00e9lev\u00e9es en 1788 et deux<br \/>\npavillons carr\u00e9s signalent la barri\u00e8re d\u2019octroi\u00a0: c\u2019est l\u00e0 qu\u2019il faut<br \/>\npayer la taxe quand on entre en ville avec des marchandises. Lors de la<br \/>\nR\u00e9volution, le peuple s\u2019empare de ce lieu qui incarne cet imp\u00f4t impopulaire et<br \/>\nla barri\u00e8re de p\u00e9age devient la \u00ab\u00a0place du Tr\u00f4ne-Renvers\u00e9\u00a0\u00bb\u2026 En<br \/>\ncompagnie d&rsquo;un historien, partez \u00e0 la d\u00e9couverte du quartier de la place de la<br \/>\nNation pendant la R\u00e9volution\u00a0!\n<\/p>\n<p>\n  Gratuit\u00a0\u2013 places limit\u00e9s (r\u00e9servation \u00e0 partir du 10 septembre).\n<\/p>\n<p>  Quartier<br \/>\nBel-Air<\/p>\n<p>        <a target=\"_blank\" rel=\"noopener\" title=\"Ouvrir l'image dans un nouvel onglet\" href=\"https:\/\/www.europesays.com\/fr\/wp-content\/uploads\/2025\/09\/original-24ff2a34d2dde46f8a71f514e5478218.jpg\"><br \/>\n          <img decoding=\"async\" alt=\"Des bas reliefs sur le Mus\u00e9e de l'immigration du Palais de la Porte dor\u00e9e\" loading=\"lazy\" src=\"https:\/\/www.europesays.com\/fr\/wp-content\/uploads\/2025\/09\/original-24ff2a34d2dde46f8a71f514e5478218.jpg\"\/><br \/>\n<\/a>    <\/p>\n<p>  Un<br \/>\nquartier du 12e arrondissement &#8211; Le quartier Bel Air<\/p>\n<p>\n  Samedi 20 septembre de 14h \u00e0 15h30\n<\/p>\n<p>\n  \u00c0 l&rsquo;occasion<br \/>\ndes Journ\u00e9es europ\u00e9ennes du patrimoine 2025, partez \u00e0 la d\u00e9couverte du quartier<br \/>\nBel Air\u00a0!<\/p>\n<p>\n  Le quartier de<br \/>\nBel Air appartenait \u00e0 la commune de Saint-Mand\u00e9 jusqu\u2019en 1860. Ce n\u2019est que<br \/>\nsous Napol\u00e9on III qu\u2019il fut int\u00e9gr\u00e9 \u00e0 Paris, avec l\u2019apparition de petits<br \/>\nlotissements et d\u2019immeubles haussmanniens. La visite propose un voyage<br \/>\nhistorique et architectural dans un quartier m\u00e9connu et un brin secret au style \u00e9clectique, entre passages discrets et grandes avenues, depuis les maisons des<br \/>\nanciens faubourgs en passant par les traces des anciens ateliers d&rsquo;artisans<br \/>\njusqu&rsquo;aux immeubles Art nouveau et Art d\u00e9co.\n<\/p>\n<p>\n  Gratuit\u00a0\u2013 places limit\u00e9s (r\u00e9servation \u00e0 partir du 10 septembre).\n<\/p>\n<p>  Vall\u00e9e<br \/>\nde F\u00e9camp<\/p>\n<p>        <a target=\"_blank\" rel=\"noopener\" title=\"Ouvrir l'image dans un nouvel onglet\" href=\"https:\/\/www.europesays.com\/fr\/wp-content\/uploads\/2025\/09\/original-c2d2f7e8d2b29c4963f071f3c96184f8.jpg\"><br \/>\n          <img decoding=\"async\" alt=\"Une fontaine parisienne orn\u00e9e de lions\" loading=\"lazy\" src=\"https:\/\/www.europesays.com\/fr\/wp-content\/uploads\/2025\/09\/original-c2d2f7e8d2b29c4963f071f3c96184f8.jpg\"\/><br \/>\n<\/a>    <\/p>\n<p>  Un<br \/>\nquartier du 12e arrondissement &#8211; La Vall\u00e9e de F\u00e9camp<\/p>\n<p>\n  Samedi 20 septembre 2025 de 16h \u00e0 17h30\n<\/p>\n<p>\n  \u00c0 l&rsquo;occasion des<br \/>\nJourn\u00e9es europ\u00e9ennes du patrimoine 2025, partez \u00e0 la d\u00e9couverte d&rsquo;un quartier<br \/>\ndu 12e arrondissement\u00a0!\n<\/p>\n<p>\n  Le 12e arrondissement<br \/>\nde Paris est n\u00e9 en 1860 par la volont\u00e9 de Napol\u00e9on III d&rsquo;annexer \u00e0 des<br \/>\nquartiers de l&rsquo;ancien Paris une partie des communes limitrophes de Bercy et de<br \/>\nSt Mand\u00e9. La Vall\u00e9e de F\u00e9camp suivait alors le cours du ruisseau de Montreuil.<br \/>\nLa visite propose une s\u00e9lection des curiosit\u00e9s historiques et des richesses<br \/>\narchitecturales secr\u00e8tes ou monumentales de ce vaste quartier, depuis la<br \/>\ngigantesque \u00e9glise du Saint-Esprit, en passant par les habitations bons march\u00e9<br \/>\nHBM, les vestiges des manufactures, jusqu&rsquo;aux immeubles Art nouveau.\n<\/p>\n<p>\n  Gratuit<br \/>\n\u2013 places limit\u00e9s (r\u00e9servation \u00e0 partir du 10 septembre).\n<\/p>\n<p>  Pavillons de Bercy<\/p>\n<p>        <a target=\"_blank\" rel=\"noopener\" title=\"Ouvrir l'image dans un nouvel onglet\" href=\"https:\/\/www.europesays.com\/fr\/wp-content\/uploads\/2025\/09\/original-d297664e67a9edc9951d7276d00343ed.jpg\"><br \/>\n          <img decoding=\"async\" alt=\"le public attend le d\u00e9but d'une conf\u00e9rence au Mus\u00e9e des arts forains\" loading=\"lazy\" src=\"https:\/\/www.europesays.com\/fr\/wp-content\/uploads\/2025\/09\/original-d297664e67a9edc9951d7276d00343ed.jpg\"\/><br \/>\n<\/a>    <\/p>\n<p>  Conf\u00e9rences<\/p>\n<p>\n  Conf\u00e9rences<br \/>\ngratuites sur inscription. Elles n\u2019incluent pas la visite du mus\u00e9e.\n<\/p>\n<p>\n  Ces<br \/>\nconf\u00e9rences s\u2019adressent principalement aux adultes et passionn\u00e9\u00b7e\u00b7s de<br \/>\npatrimoine.\n<\/p>\n<p>\n  Vendredi<br \/>\n19 septembre \u00e0 17h30\n<\/p>\n<p>\n  Sujet<br \/>\n: L\u2019architecture des constructions foraines\n<\/p>\n<p>  Visites<br \/>\nguid\u00e9es \n<\/p>\n<p>\n  Visites men\u00e9es par les guides-com\u00e9dien\u00b7ne\u00b7s du pavillon de Bercy, qui vous feront d\u00e9couvrir l\u2019Histoire, les objets, les spectacles\u2026 et actionnerons m\u00eame les man\u00e8ges centenaires du mus\u00e9e\u00a0!\n<\/p>\n<p>\n  Tarif<br \/>\nsp\u00e9cial JEP\u00a0: 12\u00a0\u20ac (au lieu de 18\u00a0\u20ac)\n<\/p>\n<p>\n  Visites<br \/>\nrecommand\u00e9es \u00e0 partir de 5 ans<br \/>Dur\u00e9e\u00a0: 1h30\n<\/p>\n<p>  Palais de la Porte Dor\u00e9e<\/p>\n<p>        <a target=\"_blank\" rel=\"noopener\" title=\"Ouvrir l'image dans un nouvel onglet\" href=\"https:\/\/www.europesays.com\/fr\/wp-content\/uploads\/2025\/09\/original-7f5157188e7a00cc15e0d525893c143e.png\"><br \/>\n          <img decoding=\"async\" alt=\"du public attend sur l'esplanade du Palais de la porte dor\u00e9e \" loading=\"lazy\" src=\"https:\/\/www.europesays.com\/fr\/wp-content\/uploads\/2025\/09\/original-7f5157188e7a00cc15e0d525893c143e.png\"\/><br \/>\n<\/a>    <\/p>\n<p>\n  \u00c0 l\u2019occasion de la 42e<br \/>\n\u00e9dition des Journ\u00e9es europ\u00e9ennes du patrimoine, le Palais de la Porte Dor\u00e9e met<br \/>\n\u00e0 l\u2019honneur son architecture embl\u00e9matique. Chef-d&rsquo;\u0153uvre de l\u2019Art d\u00e9co, ce<br \/>\nmonument, construit pour l\u2019Exposition coloniale internationale de 1931, vous<br \/>\nouvre grand ses portes, le temps d\u2019un week-end riche en d\u00e9couvertes. Que vous<br \/>\nsoyez en famille ou entre amis, laissez-vous guider par une programmation<br \/>\nvari\u00e9e\u00a0: visites th\u00e9matiques, exploration des coulisses, m\u00e9diations flash,<br \/>\nateliers ludiques et visites adapt\u00e9es aux plus jeunes. Une belle occasion de<br \/>\n(re)d\u00e9couvrir le Palais, l\u2019Aquarium tropical et le Mus\u00e9e de l\u2019histoire de<br \/>\nl\u2019immigration.\n<\/p>\n<p>\n  Les activit\u00e9s sont gratuites sur inscription (sur place<br \/>\nuniquement)\u00a0: \u00e0 partir de 10h pour les visites du matin, \u00e0 partir de 12h<br \/>\npour les visites du d\u00e9but d\u2019apr\u00e8s-midi, et de 14h30 pour le reste de la<br \/>\njourn\u00e9e.\n<\/p>\n<p>  La Cin\u00e9math\u00e8que<\/p>\n<p>        <a target=\"_blank\" rel=\"noopener\" title=\"Ouvrir l'image dans un nouvel onglet\" href=\"https:\/\/www.europesays.com\/fr\/wp-content\/uploads\/2025\/09\/original-5d36ce0ddeee933f319f387ccb568d1a.jpg\"><br \/>\n          <img decoding=\"async\" alt=\"Des enfants en pleine exposition \u00e0 la Cin\u00e9math\u00e8que\" loading=\"lazy\" src=\"https:\/\/www.europesays.com\/fr\/wp-content\/uploads\/2025\/09\/original-5d36ce0ddeee933f319f387ccb568d1a.jpg\"\/><br \/>\n<\/a>    <\/p>\n<p>  Les Voyages fantastiques de Monsieur M\u00e9li\u00e8s<\/p>\n<p>        <a target=\"_blank\" rel=\"noopener\" title=\"Ouvrir l'image dans un nouvel onglet\" href=\"https:\/\/www.europesays.com\/fr\/wp-content\/uploads\/2025\/09\/original-fbf987d49a2ba5a893f8a432f0ceabad.jpg\"><br \/>\n          <img decoding=\"async\" alt=\"Des enfants participent \u00e0 un atelier au Mus\u00e9e M\u00e9li\u00e8s\" loading=\"lazy\" src=\"https:\/\/www.europesays.com\/fr\/wp-content\/uploads\/2025\/09\/original-fbf987d49a2ba5a893f8a432f0ceabad.jpg\"\/><br \/>\n<\/a>    <\/p>\n<p>\n  Samedi 20 et<br \/>\ndimanche 21 septembre 2025\n<\/p>\n<p>\n  Deux journ\u00e9es au mus\u00e9e et dans les<br \/>\nstudios pour un voyage fantastique au c\u0153ur de l\u2019univers de M\u00e9li\u00e8s, des d\u00e9buts<br \/>\ndu cin\u00e9ma et de l\u2019invention des trucages et des effets sp\u00e9ciaux.\n<\/p>\n<p>  Le Mus\u00e9e M\u00e9li\u00e8s<\/p>\n<p>        <a target=\"_blank\" rel=\"noopener\" title=\"Ouvrir l'image dans un nouvel onglet\" href=\"https:\/\/www.europesays.com\/fr\/wp-content\/uploads\/2025\/09\/original-4e398b5f69910669eb0ff492229e3af7.jpg\"><br \/>\n          <img decoding=\"async\" alt=\"Des enfants visitent le Mus\u00e9e M\u00e9li\u00e8s\" loading=\"lazy\" src=\"https:\/\/www.europesays.com\/fr\/wp-content\/uploads\/2025\/09\/original-4e398b5f69910669eb0ff492229e3af7.jpg\"\/><br \/>\n<\/a>    <\/p>\n<p>\n  Samedi et dimanche de 11h \u00e0 20h.\n<\/p>\n<p>\n  Magicien et inventeur des trucages, Georges M\u00e9li\u00e8s est le guide<br \/>\nid\u00e9al pour parcourir l\u2019histoire du cin\u00e9ma et des effets sp\u00e9ciaux, de Metropolis<br \/>\n\u00e0 Hugo Cabret, du Voyage dans la Lune \u00e0 Star Wars.\n<\/p>\n<p>\n  \u00c0 travers un parcours jalonn\u00e9 d\u2019appareils interactifs, de films<br \/>\nin\u00e9dits, d\u2019accessoires, de costumes et d\u2019affiches rares, le Mus\u00e9e M\u00e9li\u00e8s offre<br \/>\nun fabuleux voyage entre plaisir et \u00e9merveillement.\n<\/p>\n<p>  Les temps forts des journ\u00e9es<\/p>\n<p>\n  <strong>\u00ab\u00a0L\u2019extraordinaire voyage du S\u00e9l\u00e9nite\u00a0\u00bb, enqu\u00eate<br \/>\nimmersive au c\u0153ur du Mus\u00e9e.<\/strong>\n<\/p>\n<p>        <a target=\"_blank\" rel=\"noopener\" title=\"Ouvrir l'image dans un nouvel onglet\" href=\"https:\/\/www.europesays.com\/fr\/wp-content\/uploads\/2025\/09\/original-e4c0adede35bd81517e901ce2dcf5cb4.jpg\"><br \/>\n          <img decoding=\"async\" alt=\"Un animateur lors de la visite de le l'exposition L'extraordinaire voyage du S\u00e9l\u00e9nite\" loading=\"lazy\" src=\"https:\/\/www.europesays.com\/fr\/wp-content\/uploads\/2025\/09\/original-e4c0adede35bd81517e901ce2dcf5cb4.jpg\"\/><br \/>\n<\/a>    <\/p>\n<p>\n  Samedi et dimanche entre 14h et 17h dans le Mus\u00e9e M\u00e9li\u00e8s.\n<\/p>\n<p>\n  A partir de 7 ans. Dur\u00e9e 1h.\n<\/p>\n<p>\n  Embarquez pour un voyage fantastique lors d&rsquo;une enqu\u00eate<br \/>\nimmersive au mus\u00e9e M\u00e9li\u00e8s. Interrogez nos com\u00e9diens-membres d\u2019\u00e9quipage et<br \/>\ncollectez les indices pour d\u00e9couvrir le secret du myst\u00e9rieux S\u00e9l\u00e9nite\u00a0!\n<\/p>\n<p>\n  Un voyage \u00e0 faire seul ou \u00e0 plusieurs, entre amis, en famille.\n<\/p>\n<p>\n  <strong>Un peu de magie sur les visages\u00a0:<\/strong>\n<\/p>\n<p>        <a target=\"_blank\" rel=\"noopener\" title=\"Ouvrir l'image dans un nouvel onglet\" href=\"https:\/\/www.europesays.com\/fr\/wp-content\/uploads\/2025\/09\/original-3d692a1c2db45d93b3d26baa683e83f0.jpg\"><br \/>\n          <img decoding=\"async\" alt=\"Une maquilleuse maquille une enfant\" loading=\"lazy\" src=\"https:\/\/www.europesays.com\/fr\/wp-content\/uploads\/2025\/09\/original-3d692a1c2db45d93b3d26baa683e83f0.jpg\"\/><br \/>\n<\/a>    <\/p>\n<p>\n  Samedi et dimanche entre 14h et 17h. Gratuit. Sur la Mezzanine.\n<\/p>\n<p>\n  Les \u00e9tudiants de l\u2019ITM maquillent les enfants en s\u2019inspirant des<br \/>\nfilms de M\u00e9li\u00e8s.\n<\/p>\n<p>\n  <strong>Voyage \u00e0 travers les d\u00e9cors de cin\u00e9ma\u00a0!<\/strong>\n<\/p>\n<p>        <a target=\"_blank\" rel=\"noopener\" title=\"Ouvrir l'image dans un nouvel onglet\" href=\"https:\/\/www.europesays.com\/fr\/wp-content\/uploads\/2025\/09\/original-3100e4ef62bb7914bdebea0b2bd89a33.jpg\"><br \/>\n          <img decoding=\"async\" alt=\"Des maquettes de b\u00e2timent et d'int\u00e9rieur d'appartement servant comme d\u00e9cors de cin\u00e9maau\" loading=\"lazy\" src=\"https:\/\/www.europesays.com\/fr\/wp-content\/uploads\/2025\/09\/original-3100e4ef62bb7914bdebea0b2bd89a33.jpg\"\/><br \/>\n<\/a>    <\/p>\n<p>\n  Samedi de 14h \u00e0 18h. A la Biblioth\u00e8que du film.\n<\/p>\n<p>\n  Une s\u00e9lection de dessins, photographies, revues d\u2019\u00e9poque et<br \/>\nmaquettes donneront un aper\u00e7u d\u2019un m\u00e9tier, chef d\u00e9corateur, et d\u2019une collection<br \/>\nexceptionnelle, en mettant l\u2019accent sur les tendances Art d\u00e9co du d\u00e9cor dans<br \/>\nles films des ann\u00e9es 1920 et 1930, la repr\u00e9sentation de l\u2019architecture au<br \/>\ncin\u00e9ma \u00e0 travers le film Metropolis de Fritz Lang, la construction des d\u00e9cors<br \/>\nen studio et le travail de grands d\u00e9corateurs comme Alexandre Trauner, Jacques<br \/>\nSaulnier et Pierre Guffroy, jusqu\u2019\u00e0 des r\u00e9alisations plus r\u00e9centes de<br \/>\nd\u00e9corateurs contemporains.\n<\/p>\n<p>\n  Gratuit sans r\u00e9servation\n<\/p>\n<p>  Biblioth\u00e8que Sorbonne Nouvelle<\/p>\n<p>        <a target=\"_blank\" rel=\"noopener\" title=\"Ouvrir l'image dans un nouvel onglet\" href=\"https:\/\/www.europesays.com\/fr\/wp-content\/uploads\/2025\/09\/original-b6cab87344364dc9165472dcaae72199.png\"><br \/>\n          <img decoding=\"async\" alt=\"Une salle de biblioth\u00e8que universitaire\" loading=\"lazy\" src=\"https:\/\/www.europesays.com\/fr\/wp-content\/uploads\/2025\/09\/original-b6cab87344364dc9165472dcaae72199.png\"\/><br \/>\n<\/a>    <\/p>\n<p>\n  Samedi 20 septembre de 10h \u00e0 17h &#8212;- Devant la Biblioth\u00e8que\n<\/p>\n<p>\n  Visite guid\u00e9e et comment\u00e9e de la Biblioth\u00e8que Sorbonne<br \/>\nNouvelle (BSN) suivie d\u2019une projection d\u2019extraits de films de la Cin\u00e9math\u00e8que<br \/>\nCentrale de l\u2019Enseignement Public et d\u2019une s\u00e9lection de documents patrimoniaux<br \/>\nautour de l\u2019architecture.\n<\/p>\n<p>\n  Un d\u00e9part de visite toutes les heures entre 10h et<br \/>\n16h, sans r\u00e9servation.\n<\/p>\n<p>  Partenaires<br \/>\ndu PassCulture12<\/p>\n<p>  Cit\u00e9 de l\u2019architecture<\/p>\n<p>  Le toit-terrasse de<br \/>\nla Cit\u00e9\u00a0: selfie sur Paris\u00a0!\n<\/p>\n<p>\n  Samedi et dimanche de 11h \u00e0 17h, toutes les heures.<br \/>Dur\u00e9e\u00a0: 45\u00a0min.\n<\/p>\n<p>\n  Depuis les<br \/>\nterrasses de la Cit\u00e9 habituellement inaccessibles, admirez les monuments<br \/>\nembl\u00e9matiques de la capitale d\u2019une mani\u00e8re in\u00e9dite\u00a0!\n<\/p>\n<p>\n  Inscription sur place, le jour m\u00eame 15<br \/>\nminutes avant la visite. Jauge restreinte \/ sous r\u00e9serve de conditions<br \/>\nclimatiques favorables.\n<\/p>\n<p>\n  Accessible aux personnes d\u00e9ficientes<br \/>\nvisuelles\n<\/p>\n<p>  La slow visite\u00a0:<br \/>\nsieste mus\u00e9ale \n<\/p>\n<p>\n  Samedi et dimanche \u00e0 14h30, 15h30, 16h30 et 17h30<br \/>Dur\u00e9e\u00a0: 30\u00a0min\n<\/p>\n<p>\n  Il est des<br \/>\nlieux dans la Cit\u00e9 qui se pr\u00eatent \u00e0 la contemplation m\u00e9ditative. Allongez-vous<br \/>\nsous la Coupole de Cahors, fermez les yeux et laissez-vous \u00ab\u00a0bercer\u00a0\u00bb par<br \/>\nle doux chuchotement de notre m\u00e9diatrice.\n<\/p>\n<p>\n  Posture allong\u00e9e au sol (mobilit\u00e9 n\u00e9cessaire)\n<\/p>\n<p>\n  Accessible aux personnes d\u00e9ficientes visuelles et d\u00e9ficientes intellectuelles\n<\/p>\n<p>\n  Inscription sur place, le jour m\u00eame 15 minutes<br \/>\navant la visite<\/p>\n","protected":false},"excerpt":{"rendered":"Pour c\u00e9l\u00e9brer les 41e Journ\u00e9es europ\u00e9ennes du patrimoine, les 21 et 22 septembre 2025, plongez au c\u0153ur d&rsquo;une&hellip;\n","protected":false},"author":2,"featured_media":377834,"comment_status":"","ping_status":"","sticky":false,"template":"","format":"standard","meta":{"footnotes":""},"categories":[1888],"tags":[11,1777,674,1011,27,12,626,25],"class_list":{"0":"post-377833","1":"post","2":"type-post","3":"status-publish","4":"format-standard","5":"has-post-thumbnail","7":"category-paris","8":"tag-actualites","9":"tag-eu","10":"tag-europe","11":"tag-fr","12":"tag-france","13":"tag-news","14":"tag-paris","15":"tag-republique-francaise"},"share_on_mastodon":{"url":"https:\/\/pubeurope.com\/@fr\/115174638888043142","error":""},"_links":{"self":[{"href":"https:\/\/www.europesays.com\/fr\/wp-json\/wp\/v2\/posts\/377833","targetHints":{"allow":["GET"]}}],"collection":[{"href":"https:\/\/www.europesays.com\/fr\/wp-json\/wp\/v2\/posts"}],"about":[{"href":"https:\/\/www.europesays.com\/fr\/wp-json\/wp\/v2\/types\/post"}],"author":[{"embeddable":true,"href":"https:\/\/www.europesays.com\/fr\/wp-json\/wp\/v2\/users\/2"}],"replies":[{"embeddable":true,"href":"https:\/\/www.europesays.com\/fr\/wp-json\/wp\/v2\/comments?post=377833"}],"version-history":[{"count":0,"href":"https:\/\/www.europesays.com\/fr\/wp-json\/wp\/v2\/posts\/377833\/revisions"}],"wp:featuredmedia":[{"embeddable":true,"href":"https:\/\/www.europesays.com\/fr\/wp-json\/wp\/v2\/media\/377834"}],"wp:attachment":[{"href":"https:\/\/www.europesays.com\/fr\/wp-json\/wp\/v2\/media?parent=377833"}],"wp:term":[{"taxonomy":"category","embeddable":true,"href":"https:\/\/www.europesays.com\/fr\/wp-json\/wp\/v2\/categories?post=377833"},{"taxonomy":"post_tag","embeddable":true,"href":"https:\/\/www.europesays.com\/fr\/wp-json\/wp\/v2\/tags?post=377833"}],"curies":[{"name":"wp","href":"https:\/\/api.w.org\/{rel}","templated":true}]}}