{"id":377835,"date":"2025-09-09T13:44:10","date_gmt":"2025-09-09T13:44:10","guid":{"rendered":"https:\/\/www.europesays.com\/fr\/377835\/"},"modified":"2025-09-09T13:44:10","modified_gmt":"2025-09-09T13:44:10","slug":"tetes-de-cochons-deposees-devant-des-mosquees-ce-que-lon-sait","status":"publish","type":"post","link":"https:\/\/www.europesays.com\/fr\/377835\/","title":{"rendered":"T\u00eates de cochons d\u00e9pos\u00e9es devant des mosqu\u00e9es : ce que l\u2019on sait"},"content":{"rendered":"<p class=\"article-p mdl\">Des <strong>t\u00eates de cochon <\/strong>ont \u00e9t\u00e9 d\u00e9couvertes ce mardi 9 septembre devant plusieurs mosqu\u00e9es de l&rsquo;agglom\u00e9ration parisienne et de la capitale. C&rsquo;est le pr\u00e9fet de police de Paris, Laurent Nu\u00f1ez, qui en a fait l&rsquo;annonce sur son compte X d\u00e9non\u00e7ant \u00ab\u00a0des actes abjects\u00a0\u00bb, suscitant l&rsquo;indignation imm\u00e9diate de l&rsquo;ensemble de la classe politique.\u00a0<\/p>\n<p class=\"article-p mdl\">Ces t\u00eates de porc, animal consid\u00e9r\u00e9 comme impur par l&rsquo;islam,<a class=\"link\" href=\"https:\/\/www.rtl.fr\/actu\/justice-faits-divers\/des-actes-abjects-des-tetes-de-cochon-decouvertes-devant-des-mosquees-franciliennes-annonce-laurent-nunez-7900539346\" title=\"&quot;Des actes abjects&quot; : des t\u00eates de cochon d\u00e9couvertes devant des mosqu\u00e9es franciliennes, annonce Laurent Nu\u00f1ez\" target=\"_blank\" rel=\"noopener\"> ont notamment \u00e9t\u00e9 d\u00e9couvertes sur la voie publique \u00e0 Paris,<\/a>\u00a0en Seine-Saint-Denis et dans les Hauts-de-Seine. \u00ab\u00a0Une enqu\u00eate a imm\u00e9diatement \u00e9t\u00e9 ouverte\u00a0\u00bb, a ajout\u00e9 le pr\u00e9fet de police, assurant que \u00ab\u00a0tout (\u00e9tait) mis en \u0153uvre pour retrouver les auteurs de ces actes abjects\u00a0\u00bb.\u00a0<\/p>\n<p class=\"article-p mdl\">Le pr\u00e9fet des Hauts-de-Seine a \u00e9galement d\u00e9nonc\u00e9 sur X des \u00ab\u00a0actes inacceptables\u00a0\u00bb tandis qu&rsquo;<strong>Aurore Berg\u00e9, ministre d\u00e9l\u00e9gu\u00e9e charg\u00e9e de la Lutte contre les discriminations<\/strong>, \u00ab\u00a0s&rsquo;est entretenue avec le recteur de la\u00a0<a class=\"link\" href=\"https:\/\/www.rtl.fr\/actu\/politique\/islam-sur-rtl-le-recteur-de-la-grande-mosquee-de-paris-appelle-les-politiques-a-arreter-d-instrumentaliser-les-musulmans-7900517221\" title=\"Islam : sur RTL, le recteur de la Grande Mosqu\u00e9e de Paris appelle les politiques \u00e0 &quot;arr\u00eater d&#039;instrumentaliser&quot; les musulmans\" target=\"_blank\" rel=\"noopener\">grande mosqu\u00e9e de Paris<\/a>\u00a0pour exprimer la solidarit\u00e9 du gouvernement \u00e0 l&rsquo;\u00e9gard de nos compatriotes musulmans apr\u00e8s que six mosqu\u00e9es \u00e0 Paris et en petite couronne aient fait l&rsquo;objet d&rsquo;actes abjects\u00a0\u00bb, a indiqu\u00e9 son entourage.<\/p>\n<blockquote class=\"twitter-tweet\">\n<p lang=\"fr\" dir=\"ltr\">Ce matin t\u00f4t, des t\u00eates de cochon ont \u00e9t\u00e9 d\u00e9couvertes sur la voie publique devant l&rsquo;entr\u00e9e de plusieurs mosqu\u00e9es de l&rsquo;agglom\u00e9ration. Une enqu\u00eate a imm\u00e9diatement \u00e9t\u00e9 ouverte. Tout est mis en \u0153uvre pour retrouver les auteurs de ces actes abjects. <a href=\"https:\/\/t.co\/h08ufL97pj\">pic.twitter.com\/h08ufL97pj<\/a><\/p>\n<p>\u2014 Laurent Nu\u00f1ez (@NunezLaurent) <a href=\"https:\/\/twitter.com\/NunezLaurent\/status\/1965314434248954039?ref_src=twsrc%5Etfw\" target=\"_blank\" rel=\"noopener\">September 9, 2025<\/a><\/p><\/blockquote>\n<p>Le parquet de Paris saisi, une enqu\u00eate \u00ab\u00a0imm\u00e9diatement\u00a0\u00bb ouverte<\/p>\n<p class=\"article-p mdl\">En d\u00e9but d&rsquo;apr\u00e8s-midi,\u00a0le parquet de Bobigny s\u2019est dessaisi au profit du <strong>parquet de Paris<\/strong>, pour des faits similaires \u00e0 Montreuil, ainsi que le parquet de Cr\u00e9teil pour des faits \u00e0 Gentilly.\u00a0<\/p>\n<p class=\"article-p mdl\">Selon les premi\u00e8res constatations des enqu\u00eateurs, <strong>plusieurs des t\u00eates de cochon supportaient une inscription\u00a0\u00ab\u00a0MACRON\u00a0\u00bb \u00e9crite \u00e0 l\u2019encre bleue.\u00a0<\/strong><br \/>\u00a0<br \/>L\u2019enqu\u00eate, qui a \u00e9t\u00e9 confi\u00e9e \u00e0 la brigade criminelle, est ouverte pour les infractions de \u00ab\u00a0<strong>provocation publique \u00e0 la haine ou \u00e0 la violence en raison de l&rsquo;origine, l&rsquo;ethnie, la nation, la race ou la religion<\/strong>\u00a0\u00bb (d\u00e9lit faisant encourir 1 an d\u2019emprisonnement et 45.000 euros d\u2019amende) et pour \u00ab\u00a0<strong>violence sans incapacit\u00e9 commise en raison de la race, l&rsquo;ethnie, la nation ou la religion<\/strong>\u00a0\u00bb (d\u00e9lit faisant encourir la peine de 3 ans d\u2019emprisonnement et 45\u00a0000 euros d\u2019amende), a ajout\u00e9 le parquet.\u00a0<\/p>\n<p>            Quelles sont les mosqu\u00e9es qui ont \u00e9t\u00e9 prises pour cible ?<\/p>\n<p class=\"article-p mdl\">Le pr\u00e9fet de police, Laurent Nu\u00f1ez, a indiqu\u00e9 qu&rsquo;au moins \u00ab\u00a0neuf t\u00eates de cochon ont \u00e9t\u00e9 retrouv\u00e9es devant des mosqu\u00e9es\u00a0\u00bb, \u00ab\u00a0quatre \u00e0 Paris et cinq en petite couronne\u00a0\u00bb et n&rsquo;a pas exclu \u00ab\u00a0qu&rsquo;on en d\u00e9couvre d&rsquo;autres\u00a0\u00bb.<\/p>\n<p class=\"article-p mdl\">Selon le parquet de Paris, \u00e0 la mi-journ\u00e9e, les faits vis\u00e9s par cette enqu\u00eate sont localis\u00e9s \u00e0 proximit\u00e9 imm\u00e9diate des<strong> mosqu\u00e9es franciliennes suivantes :<\/strong><\/p>\n<p class=\"article-p mdl\">Les inscriptions \u00ab\u00a0MACRON\u00a0\u00bb ont \u00e9t\u00e9 constat\u00e9es\u00a0au 47 rue de Javel, 28 rue Myrha,\u00a0 17 rue Etienne Marey, 70 rue des Sorins et 51 rue Racine.<\/p>\n<p>            \u00ab\u00a0Des actions d&rsquo;ing\u00e9rence \u00e9trang\u00e8res\u00a0\u00bb ?<\/p>\n<p class=\"article-p mdl\">Lors d&rsquo;un point presse tenu \u00e0 la mi-journ\u00e9e, le pr\u00e9fet de police, Laurent Nu\u00f1ez a envisag\u00e9 l&rsquo;hypoth\u00e8se d&rsquo;une s\u00e9rie<strong> d&rsquo;actes malveillants d&rsquo;ing\u00e9rence \u00e9trang\u00e8re<\/strong>. \u00ab\u00a0On ne peut s&#8217;emp\u00eacher de faire des rapprochements avec des actions pr\u00e9c\u00e9dentes (&#8230;) dont il a \u00e9t\u00e9 av\u00e9r\u00e9 que c&rsquo;\u00e9taient des actions d&rsquo;ing\u00e9rence \u00e9trang\u00e8re\u00a0\u00bb, a-t-il d\u00e9clar\u00e9, appelant toutefois \u00e0 rester \u00ab\u00a0tr\u00e8s prudent\u00a0\u00bb.<\/p>\n<p>Il faisait r\u00e9f\u00e9rence \u00e0 de pr\u00e9c\u00e9dentes affaires, attribu\u00e9es de possibles ing\u00e9rences \u00e9trang\u00e8res. En novembre 2023, la France avait mis en cause un r\u00e9seau russe\u00a0dans \u00ab\u00a0l&rsquo;amplification artificielle et la primo-diffusion sur les r\u00e9seaux sociaux\u00a0<a class=\"link\" href=\"https:\/\/www.rtl.fr\/actu\/justice-faits-divers\/etoiles-de-david-taguees-en-region-parisienne-ce-que-l-on-sait-sur-le-commanditaire-presume-7900318618\" target=\"_blank\" rel=\"noopener\">des photos des tags repr\u00e9sentant des \u00e9toiles de David\u00a0\u00bb \u00e0 Paris<\/a>. Apr\u00e8s plusieurs dizaines de tags,\u00a0<a class=\"link\" href=\"https:\/\/www.rtl.fr\/actu\/justice-faits-divers\/etoiles-de-david-taguees-en-region-parisienne-un-couple-de-moldaves-en-situation-irreguliere-interpelle-7900315706\" title=\"\u00c9toiles de David tagu\u00e9es en r\u00e9gion parisienne : un couple de Moldaves en situation irr\u00e9guli\u00e8re interpell\u00e9\" target=\"_blank\" rel=\"noopener\">un couple moldave avait \u00e9t\u00e9 arr\u00eat\u00e9<\/a>.<\/p>\n<p>Par ailleurs, quatre hommes de nationalit\u00e9 bulgare seront jug\u00e9s \u00e0 l&rsquo;automne \u00e0 Paris\u00a0pour leur r\u00f4le dans\u00a0<a class=\"link\" href=\"https:\/\/www.rtl.fr\/actu\/justice-faits-divers\/cercueils-au-pied-de-la-tour-eiffel-un-lien-etabli-avec-l-affaire-dite-des-mains-rouges-7900391098\" title=\"Cercueils au pied de la Tour Eiffel : un lien \u00e9tabli avec l&#039;affaire dite des &quot;mains rouges&quot;\" target=\"_blank\" rel=\"noopener\">l&rsquo;affaire des \u00ab\u00a0mains rouges\u00a0\u00bb<\/a>\u00a0(tags \u00e0 la port\u00e9e hautement symbolique peints sur le M\u00e9morial de la Shoah en mai 2024) qui avait suscit\u00e9 l&rsquo;indignation, d&rsquo;autant plus qu&rsquo;elle semble s&rsquo;inscrire dans une strat\u00e9gie de d\u00e9stabilisation politique \u00e0 plus grande \u00e9chelle.<\/p>\n<p>    Indignation g\u00e9n\u00e9rale de la classe politique<\/p>\n<p class=\"article-p mdl\">\u00ab\u00a0Profanation\u00a0\u00bb, \u00ab\u00a0abjection absolue\u00a0\u00bb; \u00ab\u00a0provocations intol\u00e9rables\u00a0\u00bb: la classe politique s&rsquo;est indign\u00e9e de concert apr\u00e8s la d\u00e9couverte de ces t\u00eates de cochon devant plusieurs mosqu\u00e9es.\u00a0<\/p>\n<p>\u00ab\u00a0C&rsquo;est l&rsquo;indignation (&#8230;) C&rsquo;est absolument inadmissible (&#8230;) j&rsquo;esp\u00e8re qu&rsquo;on retrouvera celles et ceux qui ont pu commettre cette sorte de profanation\u00a0\u00bb, a notamment r\u00e9agi <strong>Bruno Retailleau <\/strong>devant la presse \u00e0 l&rsquo;issue d&rsquo;une r\u00e9union des dirigeants de LR, en d\u00e9but de matin\u00e9e. \u00ab\u00a0La R\u00e9publique, c&rsquo;est la la\u00efcit\u00e9. Mais la la\u00efcit\u00e9, c&rsquo;est pr\u00e9cis\u00e9ment les conditions d&rsquo;une libert\u00e9 pour que chacun puisse exercer le culte\u00a0\u00bb de son choix, a-t-il poursuivi.<\/p>\n<blockquote class=\"twitter-tweet\">\n<p lang=\"fr\" dir=\"ltr\">Tout mon soutien aux responsables et aux fid\u00e8les des mosqu\u00e9es touch\u00e9es par ces provocations insupportables. <\/p>\n<p>S\u2019en prendre \u00e0 des lieux de culte est d\u2019une l\u00e2chet\u00e9 insondable. <a href=\"https:\/\/t.co\/44qFinE7cR\">https:\/\/t.co\/44qFinE7cR<\/a><\/p>\n<p>\u2014 Bruno Retailleau (@BrunoRetailleau) <a href=\"https:\/\/twitter.com\/BrunoRetailleau\/status\/1965325048170050032?ref_src=twsrc%5Etfw\" target=\"_blank\" rel=\"noopener\">September 9, 2025<\/a><\/p><\/blockquote>\n<p class=\"article-p mdl\">La\u00a0<a class=\"link\" href=\"https:\/\/www.rtl.fr\/actu\/politique\/vote-de-confiance-valerie-pecresse-appelle-sur-rtl-a-voter-contre-le-chaos-mais-avoue-ne-pas-etre-a-l-aise-avec-ce-budget-7900535058\" title=\"Vote de confiance : Val\u00e9rie P\u00e9cresse appelle sur RTL \u00e0 voter &quot;contre le chaos&quot;, mais avoue ne pas \u00eatre &quot;\u00e0 l&#039;aise avec ce budget&quot;\" target=\"_blank\" rel=\"noopener\">pr\u00e9sidente LR de la r\u00e9gion Ile-de-France, Val\u00e9rie P\u00e9cresse<\/a>, estime, de son c\u00f4t\u00e9, que la R\u00e9publique devait \u00ab\u00a0prot\u00e9ger les croyants devant les profanations de leurs lieux de culte qui se multiplient\u00a0\u00bb. <strong>Gabriel Attal, pr\u00e9sident de Renaissance<\/strong>, a quant \u00e0 lui exprim\u00e9 son \u00ab\u00a0soutien aux fid\u00e8les et aux responsables de ces mosqu\u00e9es, ainsi qu&rsquo;\u00e0 tous les musulmans de France\u00a0\u00bb. \u00ab\u00a0En France, la haine anti-musulman, comme toutes les haines, n&rsquo;a pas droit de cit\u00e9\u00a0\u00bb, a-t-il martel\u00e9.\u00a0<\/p>\n<p>Enfin, du c\u00f4t\u00e9 du Rassemblement national,\u00a0<a class=\"link\" href=\"https:\/\/www.rtl.fr\/actu\/politique\/proportionnelle-francois-bayrou-se-moque-des-francais-estime-thomas-menage-depute-rn-sur-rtl-7900520134\" title=\"Proportionnelle : Fran\u00e7ois Bayrou &quot;se moque des Fran\u00e7ais&quot;, estime Thomas M\u00e9nag\u00e9, d\u00e9put\u00e9 RN, sur RTL\" target=\"_blank\" rel=\"noopener\">Thomas M\u00e9nag\u00e9, porte-parole du groupe RN<\/a>\u00a0\u00e0 l&rsquo;Assembl\u00e9e, a qualifi\u00e9 cet acte de <strong>\u00ab\u00a0provocations intol\u00e9rables<\/strong>\u00a0\u00bb \u00e0 l&rsquo;encontre des Fran\u00e7ais de confession musulmane.<\/p>\n<p>    \u00c0 gauche, Jean-Luc M\u00e9lenchon d\u00e9nonce \u00ab\u00a0l&rsquo;islamophobie\u00a0\u00bb qui \u00ab\u00a0se d\u00e9cha\u00eene en France\u00a0\u00bb<\/p>\n<p class=\"article-p mdl\">Plusieurs personnalit\u00e9s de gauche ont aussi vivement d\u00e9nonc\u00e9 ces actes. \u00ab\u00a0Au d\u00e9but la fachosph\u00e8re s&rsquo;en prenait aux clandestins, puis est venu le tour des immigr\u00e9s en situation r\u00e9guli\u00e8re, ensuite celui des binationaux, maintenant les Fran\u00e7ais musulmans sur leurs lieux de culte (&#8230;) L&rsquo;identit\u00e9 de la France, c&rsquo;est Libert\u00e9, \u00c9galit\u00e9, Fraternit\u00e9 !\u00a0\u00bb, a d\u00e9plor\u00e9<strong> le premier secr\u00e9taire du Parti socialiste, Olivier Faure.<\/strong><\/p>\n<p>Le s\u00e9nateur communiste, <strong>Ian Brossat<\/strong>, a fait part d&rsquo;une \u00ab\u00a0abjection absolue. Le racisme tisse sa toile haineuse partout. Nous ne devons pas laisser faire !\u00a0\u00bb. \u00ab\u00a0L&rsquo;islamophobie est un cancer de la soci\u00e9t\u00e9. Soutien \u00e0 nos compatriotes musulmans encore une fois vis\u00e9s\u00a0\u00bb, a comment\u00e9 de son c\u00f4t\u00e9 le coordinateur de LFI, Manuel Bompard. \u00ab\u00a0Chauff\u00e9e \u00e0 blanc par le soutien \u00e0 (Benjamin) Netanyahu et les saillies du ministre de l&rsquo;Int\u00e9rieur (&lsquo;\u00c0 bas le voile&rsquo;) et de son entourage pr\u00e9fectoral (&lsquo;Rima Hassan Hamas mafieuse&rsquo;) l&rsquo;islamophobie se d\u00e9cha\u00eene en France\u00a0\u00bb, a d\u00e9nonc\u00e9 le leader insoumis Jean-Luc M\u00e9lenchon.<\/p>\n<blockquote class=\"twitter-tweet\">\n<p lang=\"fr\" dir=\"ltr\">Chauff\u00e9e \u00e0 blanc par le soutien \u00e0 Netanyahu et les saillies du ministre de l&rsquo;int\u00e9rieur (\u00ab \u00c0 bas le voile \u00bb) et de son entourage pr\u00e9fectoral (\u00ab Rima Hassan Hamas maffieuse \u00bb) l&rsquo;islamophobie se d\u00e9cha\u00eene en France. La grossi\u00e8ret\u00e9 imb\u00e9cile de ses actes contre les mosqu\u00e9es souligne la\u2026<\/p>\n<p>\u2014 Jean-Luc M\u00e9lenchon (@JLMelenchon) <a href=\"https:\/\/twitter.com\/JLMelenchon\/status\/1965370104272536005?ref_src=twsrc%5Etfw\" target=\"_blank\" rel=\"noopener\">September 9, 2025<\/a><\/p><\/blockquote>\n<p class=\"article-p mdl\">La France compte entre <strong>cinq et six millions de musulmans <\/strong>pratiquants et non-pratiquants, ce qui fait de l&rsquo;islam la deuxi\u00e8me religion du pays et de la communaut\u00e9 musulmane fran\u00e7aise la premi\u00e8re en Europe.<\/p>\n<p>    La r\u00e9daction vous recommande<\/p>\n<p class=\"s-newsletter__title\">\n                L\u2019actualit\u00e9 par la r\u00e9daction de RTL dans votre bo\u00eete mail.\n            <\/p>\n<p class=\"s-newsletter__subtitle\">\n                Gr\u00e2ce \u00e0 votre compte RTL abonnez-vous \u00e0 la newsletter RTL info pour suivre toute l&rsquo;actualit\u00e9 au quotidien\n            <\/p>\n<p>\n                                    Lire la suite\n                                <\/p>\n<p>                            <script async src=\"https:\/\/platform.twitter.com\/widgets.js\" charset=\"utf-8\"><\/script><\/p>\n","protected":false},"excerpt":{"rendered":"Des t\u00eates de cochon ont \u00e9t\u00e9 d\u00e9couvertes ce mardi 9 septembre devant plusieurs mosqu\u00e9es de l&rsquo;agglom\u00e9ration parisienne et&hellip;\n","protected":false},"author":2,"featured_media":377836,"comment_status":"","ping_status":"","sticky":false,"template":"","format":"standard","meta":{"footnotes":""},"categories":[1888],"tags":[11,1777,674,118,107,1011,27,6269,14577,19920,12,626,25],"class_list":{"0":"post-377835","1":"post","2":"type-post","3":"status-publish","4":"format-standard","5":"has-post-thumbnail","7":"category-paris","8":"tag-actualites","9":"tag-eu","10":"tag-europe","11":"tag-faits-divers","12":"tag-fil-info","13":"tag-fr","14":"tag-france","15":"tag-islamophobie","16":"tag-mosquee","17":"tag-musulmans","18":"tag-news","19":"tag-paris","20":"tag-republique-francaise"},"share_on_mastodon":{"url":"https:\/\/pubeurope.com\/@fr\/115174641839138704","error":""},"_links":{"self":[{"href":"https:\/\/www.europesays.com\/fr\/wp-json\/wp\/v2\/posts\/377835","targetHints":{"allow":["GET"]}}],"collection":[{"href":"https:\/\/www.europesays.com\/fr\/wp-json\/wp\/v2\/posts"}],"about":[{"href":"https:\/\/www.europesays.com\/fr\/wp-json\/wp\/v2\/types\/post"}],"author":[{"embeddable":true,"href":"https:\/\/www.europesays.com\/fr\/wp-json\/wp\/v2\/users\/2"}],"replies":[{"embeddable":true,"href":"https:\/\/www.europesays.com\/fr\/wp-json\/wp\/v2\/comments?post=377835"}],"version-history":[{"count":0,"href":"https:\/\/www.europesays.com\/fr\/wp-json\/wp\/v2\/posts\/377835\/revisions"}],"wp:featuredmedia":[{"embeddable":true,"href":"https:\/\/www.europesays.com\/fr\/wp-json\/wp\/v2\/media\/377836"}],"wp:attachment":[{"href":"https:\/\/www.europesays.com\/fr\/wp-json\/wp\/v2\/media?parent=377835"}],"wp:term":[{"taxonomy":"category","embeddable":true,"href":"https:\/\/www.europesays.com\/fr\/wp-json\/wp\/v2\/categories?post=377835"},{"taxonomy":"post_tag","embeddable":true,"href":"https:\/\/www.europesays.com\/fr\/wp-json\/wp\/v2\/tags?post=377835"}],"curies":[{"name":"wp","href":"https:\/\/api.w.org\/{rel}","templated":true}]}}