{"id":377849,"date":"2025-09-09T13:51:16","date_gmt":"2025-09-09T13:51:16","guid":{"rendered":"https:\/\/www.europesays.com\/fr\/377849\/"},"modified":"2025-09-09T13:51:16","modified_gmt":"2025-09-09T13:51:16","slug":"lue-sattaque-au-gaspillage-alimentaire-et-a-la-fast-fashion","status":"publish","type":"post","link":"https:\/\/www.europesays.com\/fr\/377849\/","title":{"rendered":"L&rsquo;UE s&rsquo;attaque au gaspillage alimentaire et \u00e0 la fast fashion"},"content":{"rendered":"<p class=\"ap-StoryElement ap-StoryElement--mb ap-StoryText\">En premi\u00e8re lecture il y a un an et demi, les eurod\u00e9put\u00e9s avaient vot\u00e9 pour des objectifs plus ambitieux &#8211; 40 et 20% &#8211; mais il a fallu sceller un compromis avec la Commission et les 27 pays membres dans la version d\u00e9finitive.<\/p>\n<p class=\"ap-StoryElement ap-StoryElement--mb ap-StoryText\">Afin d&rsquo;atteindre leurs objectifs, les \u00c9tats pourront choisir des programmes de pr\u00e9vention adapt\u00e9s \u00e0 l&rsquo;organisation de leur secteur agroalimentaire.<\/p>\n<p class=\"ap-StoryElement ap-StoryElement--mb ap-StoryText\">Aucun objectif n&rsquo;est en revanche assign\u00e9 au secteur agricole, ce que d\u00e9noncent des ONG comme le WWF.<\/p>\n<p class=\"ap-StoryElement ap-StoryElement--mb ap-StoryText\">Cette loi vient r\u00e9viser une directive qui existe depuis 2008 sur les d\u00e9chets dans l&rsquo;UE. Et \u00e0 l&rsquo;initiative des eurod\u00e9put\u00e9s, elle y int\u00e8gre un secteur qui n&rsquo;y figurait pas auparavant: l&rsquo;industrie textile.<\/p>\n<p class=\"ap-StoryElement ap-StoryElement--mb ap-StoryText\">Dans une logique de pollueur-payeur, les producteurs du secteur devront s&rsquo;assurer de la collecte, du tri et du recyclage des v\u00eatements en fin de vie et les prendre en charge financi\u00e8rement.<\/p>\n<p class=\"ap-StoryElement ap-StoryElement--mb ap-StoryText\">L\u00e0 encore, il reviendra aux Etats de d\u00e9terminer les \u00e9ventuels frais dont devront s&rsquo;acquitter les producteurs.<\/p>\n<p class=\"ap-StoryElement ap-StoryElement--mb ap-StoryText\">L&rsquo;Union europ\u00e9enne met notamment en avant l&rsquo;impact de la production textile sur la consommation d&rsquo;eau: la fabrication d&rsquo;un t-shirt en coton n\u00e9cessite 2.700 litres d&rsquo;eau douce (en comptant l&rsquo;irrigation agricole), de quoi couvrir les besoins en eau potable d&rsquo;une personne pendant 2 ans et demi.<\/p>\n<p class=\"ap-StoryElement ap-StoryElement--mb ap-StoryText\">Le Parlement europ\u00e9en cible en particulier la mode \u00ab\u00a0ultra \u00e9ph\u00e9m\u00e8re\u00a0\u00bb, la fast fashion, v\u00eatements \u00e0 bas co\u00fbts souvent venus de Chine.<\/p>\n<p class=\"ap-StoryElement ap-StoryElement--mb ap-StoryText\">Bien qu&rsquo;elle s&rsquo;en d\u00e9fende, la plateforme d&rsquo;origine chinoise Shein est r\u00e9guli\u00e8rement pr\u00e9sent\u00e9e comme un embl\u00e8me des d\u00e9rives sociales et environnementales de cette mode.<\/p>\n","protected":false},"excerpt":{"rendered":"En premi\u00e8re lecture il y a un an et demi, les eurod\u00e9put\u00e9s avaient vot\u00e9 pour des objectifs plus&hellip;\n","protected":false},"author":2,"featured_media":377850,"comment_status":"","ping_status":"","sticky":false,"template":"","format":"standard","meta":{"footnotes":""},"categories":[1586],"tags":[11,258,2105,436,1777,674,1779,1011,27,12,25,2422,1778,364],"class_list":{"0":"post-377849","1":"post","2":"type-post","3":"status-publish","4":"format-standard","5":"has-post-thumbnail","7":"category-europe","8":"tag-actualites","9":"tag-alimentation","10":"tag-distribution","11":"tag-environnement","12":"tag-eu","13":"tag-europe","14":"tag-european-union","15":"tag-fr","16":"tag-france","17":"tag-news","18":"tag-republique-francaise","19":"tag-textile","20":"tag-ue","21":"tag-union-europeenne"},"share_on_mastodon":{"url":"https:\/\/pubeurope.com\/@fr\/115174669325261139","error":""},"_links":{"self":[{"href":"https:\/\/www.europesays.com\/fr\/wp-json\/wp\/v2\/posts\/377849","targetHints":{"allow":["GET"]}}],"collection":[{"href":"https:\/\/www.europesays.com\/fr\/wp-json\/wp\/v2\/posts"}],"about":[{"href":"https:\/\/www.europesays.com\/fr\/wp-json\/wp\/v2\/types\/post"}],"author":[{"embeddable":true,"href":"https:\/\/www.europesays.com\/fr\/wp-json\/wp\/v2\/users\/2"}],"replies":[{"embeddable":true,"href":"https:\/\/www.europesays.com\/fr\/wp-json\/wp\/v2\/comments?post=377849"}],"version-history":[{"count":0,"href":"https:\/\/www.europesays.com\/fr\/wp-json\/wp\/v2\/posts\/377849\/revisions"}],"wp:featuredmedia":[{"embeddable":true,"href":"https:\/\/www.europesays.com\/fr\/wp-json\/wp\/v2\/media\/377850"}],"wp:attachment":[{"href":"https:\/\/www.europesays.com\/fr\/wp-json\/wp\/v2\/media?parent=377849"}],"wp:term":[{"taxonomy":"category","embeddable":true,"href":"https:\/\/www.europesays.com\/fr\/wp-json\/wp\/v2\/categories?post=377849"},{"taxonomy":"post_tag","embeddable":true,"href":"https:\/\/www.europesays.com\/fr\/wp-json\/wp\/v2\/tags?post=377849"}],"curies":[{"name":"wp","href":"https:\/\/api.w.org\/{rel}","templated":true}]}}