{"id":377851,"date":"2025-09-09T13:52:11","date_gmt":"2025-09-09T13:52:11","guid":{"rendered":"https:\/\/www.europesays.com\/fr\/377851\/"},"modified":"2025-09-09T13:52:11","modified_gmt":"2025-09-09T13:52:11","slug":"vladimir-poutine-est-pret-a-envahir-dautres-pays-estime-le-president-polonais","status":"publish","type":"post","link":"https:\/\/www.europesays.com\/fr\/377851\/","title":{"rendered":"\u00abVladimir Poutine est pr\u00eat \u00e0 envahir d\u2019autres pays\u00bb, estime le pr\u00e9sident polonais"},"content":{"rendered":"<p><strong>LE POINT SUR LA SITUATION &#8211; <\/strong>Lors d\u2019une conf\u00e9rence \u00e0 Helsinki, le pr\u00e9sident polonais Karol Nawrocki a alert\u00e9 sur la menace d\u2019une nouvelle expansion militaire russe apr\u00e8s l\u2019Ukraine.<\/p>\n<p class=\"fig-paragraph\">Actuellement en visite en Finlande, le pr\u00e9sident polonais Karol Nawrocki s\u2019est entretenu avec son homologue Alexander Stubb\u00a0\u00e0 Helsinki, d\u00e9non\u00e7ant lors d\u2019une conf\u00e9rence de presse les volont\u00e9s expansionnistes de Vladimir Poutine. Il a dans le m\u00eame temps annonc\u00e9 la fermeture de sa fronti\u00e8re commune avec la Bi\u00e9lorussie qui m\u00e8ne actuellement un exercice militaire d\u2019envergure.\u00a0Le Figaro fait le point sur les derniers \u00e9v\u00e8nements li\u00e9s au conflit.<\/p>\n<p>Vladimir Poutine est pr\u00eat \u00e0 envahir d&rsquo;autres pays apr\u00e8s l&rsquo;Ukraine, d\u00e9nonce le pr\u00e9sident Polonais<\/p>\n<p class=\"fig-paragraph\">Mardi le pr\u00e9sident polonais\u00a0<a href=\"http:\/\/www.lefigaro.fr\/international\/pologne-les-enjeux-de-la-rencontre-du-president-karol-nawrocki-avec-donald-trump-a-washington-20250903\" data-fig-type=\"Article\" data-gtm-custom-categorie=\"navigation\" data-gtm-custom-action=\"crossclick\" data-gtm-custom-label=\"Contextuel\" data-gtm-event=\"customEventSPE\" data-fig-domain=\"LEFIGARO\" target=\"_blank\" rel=\"noopener\">Karol Nawrocki<\/a>, en visite en Finlande a d\u00e9clar\u00e9 lors d\u2019une conf\u00e9rence de presse conjointe \u00abnous ne faisons pas confiance aux bonnes intentions de\u00a0<a href=\"http:\/\/www.lefigaro.fr\/international\/guerre-en-ukraine-vladimir-poutine-est-pret-a-envahir-d-autres-pays-estime-le-president-polonais-20250909\" data-fig-type=\"NewsFlash\" data-gtm-custom-categorie=\"navigation\" data-gtm-custom-action=\"crossclick\" data-gtm-custom-label=\"Contextuel\" data-gtm-event=\"customEventSPE\" data-fig-domain=\"LEFIGARO\" target=\"_blank\" rel=\"noopener\">Vladimir Poutine<\/a> \u00bb, avec son homologue finlandais Alexander Stubb \u00e0 Helsinki.<\/p>\n<p>                                    <a class=\"fig-a11y-skip a11y-hidden\" href=\"#fig-a11y-skip-main-inarticle\"><br \/>\n        Passer la publicit\u00e9<br \/>\n    <\/a><\/p>\n<p class=\"fig-paragraph\">Les deux pays membres de l\u2019Otan sont sur le qui-vive depuis l\u2019invasion de l\u2019Ukraine par Moscou en f\u00e9vrier 2022. La\u00a0<a href=\"http:\/\/www.lefigaro.fr\/international\/pologne-les-enjeux-de-la-rencontre-du-president-karol-nawrocki-avec-donald-trump-a-washington-20250903\" data-fig-type=\"Article\" data-gtm-custom-categorie=\"navigation\" data-gtm-custom-action=\"crossclick\" data-gtm-custom-label=\"Contextuel\" data-gtm-event=\"customEventSPE\" data-fig-domain=\"LEFIGARO\" target=\"_blank\" rel=\"noopener\">Pologne\u00a0<\/a>est frontali\u00e8re de l\u2019enclave russe de Kaliningrad, ainsi que de l\u2019Ukraine et du B\u00e9larus alli\u00e9 de Moscou, tandis que la Finlande partage une fronti\u00e8re longue de 1.340 kilom\u00e8tres avec la Russie.<\/p>\n<p class=\"fig-paragraph\">\u00abTout en attendant, bien s\u00fbr, une paix \u00e0 long terme, une paix permanente, qui est n\u00e9cessaire \u00e0 nos r\u00e9gions, nous pensons que Vladimir Poutine est pr\u00eat \u00e0 envahir \u00e9galement d\u2019autres pays\u00bb, a d\u00e9clar\u00e9 le pr\u00e9sident nationaliste polonais r\u00e9cemment \u00e9lu. \u00abC\u2019est exactement la raison pour laquelle nous d\u00e9veloppons nos forces arm\u00e9es, notre partenariat et nos relations avec nos alli\u00e9s\u00bb, a-t-il ajout\u00e9, sans donner d\u2019exemples particuliers.<\/p>\n<p class=\"fig-paragraph\">Il a par ailleurs estim\u00e9 que \u00abl\u2019architecture de s\u00e9curit\u00e9\u00bb dans toute la r\u00e9gion avait chang\u00e9 et que le pr\u00e9sident am\u00e9ricain\u00a0<a href=\"http:\/\/www.lefigaro.fr\/flash-actu\/donald-trump-cree-une-liste-noire-des-pays-detenant-des-americains-20250906\" data-fig-type=\"NewsFlash\" data-gtm-custom-categorie=\"navigation\" data-gtm-custom-action=\"crossclick\" data-gtm-custom-label=\"Contextuel\" data-gtm-event=\"customEventSPE\" data-fig-domain=\"LEFIGARO\" target=\"_blank\" rel=\"noopener\">Donald Trump<\/a>\u00a0\u00e9tait \u00able seul dirigeant du monde libre\u00bb qui pouvait forcer Vladimir Poutine \u00e0 n\u00e9gocier. La semaine derni\u00e8re, Donald Trump a propos\u00e9 d\u2019envoyer davantage de troupes en Pologne alors qu\u2019il accueillait Karol Nawrocki \u00e0 la Maison-Blanche.<\/p>\n<p><strong>La Pologne annonce fermer sa fronti\u00e8re avec la Bi\u00e9lorussie en raison d\u2019un exercice militaire avec la Russie\u00a0<\/strong><\/p>\n<p class=\"fig-paragraph\">Le Premier ministre polonais Donald Tusk a annonc\u00e9 ce mardi la fermeture de la fronti\u00e8re de son pays avec le B\u00e9larus, en r\u00e9ponse aux man\u0153uvres militaires communes russo-b\u00e9larusses. \u00abPour des raisons de s\u00e9curit\u00e9 nationale, nous fermerons les fronti\u00e8res avec le B\u00e9larus, y compris les passages ferroviaires, en lien avec les man\u0153uvres \u2019Zapad\u2019, \u00e0 compter de la nuit de jeudi \u00e0 vendredi, \u00e0 minuit\u00bb, a d\u00e9clar\u00e9 \u00e0 la presse le chef du gouvernement, qualifiant cet exercice d\u2019\u00abagressif\u00bb.<\/p>\n<p class=\"fig-paragraph\">Selon le chef du gouvernement, l\u2019objectif de l\u2019exercice russo-b\u00e9larusse est de simuler l\u2019occupation du \u00abcorridor de Suwalki\u00bb qui s\u2019\u00e9tend le long de la fronti\u00e8re entre la Pologne et la Lituanie, cern\u00e9 par l\u2019enclave russe de Kaliningrad et le B\u00e9larus. Souvent consid\u00e9r\u00e9 comme un \u00abendroit fragile\u00bb de l\u2019Otan, le corridor pourrait \u00eatre la premi\u00e8re cible d\u2019une hypoth\u00e9tique attaque russe.<\/p>\n<p>                                    <a class=\"fig-a11y-skip a11y-hidden\" href=\"#fig-a11y-skip-main-inarticle_mtf\"><br \/>\n        Passer la publicit\u00e9<br \/>\n    <\/a><\/p>\n<p class=\"fig-paragraph\">En ao\u00fbt, le B\u00e9larus avait affirm\u00e9 que, pendant les man\u0153uvres Zapad, il s\u2019entra\u00eenerait \u00e0 d\u00e9ployer des missiles capables d\u2019emporter des charges nucl\u00e9aires Orechnik, un\u00a0missile balistique russe \u00e0 port\u00e9e interm\u00e9diaire utilis\u00e9 en Ukraine.<\/p>\n<p class=\"fig-paragraph\">La Lituanie avait d\u00e9j\u00e0 ferm\u00e9 fin ao\u00fbt son espace a\u00e9rien au-dessus de certaines parties de sa fronti\u00e8re avec le B\u00e9larus apr\u00e8s que des drones militaires ont viol\u00e9 son territoire \u00e0 deux reprises en juillet, ainsi qu\u2019en perspective des exercices militaires communs russo-b\u00e9larusses.<\/p>\n","protected":false},"excerpt":{"rendered":"LE POINT SUR LA SITUATION &#8211; Lors d\u2019une conf\u00e9rence \u00e0 Helsinki, le pr\u00e9sident polonais Karol Nawrocki a alert\u00e9&hellip;\n","protected":false},"author":2,"featured_media":377852,"comment_status":"","ping_status":"","sticky":false,"template":"","format":"standard","meta":{"footnotes":""},"categories":[2],"tags":[11,1011,27,12,2437,25,132,135],"class_list":{"0":"post-377851","1":"post","2":"type-post","3":"status-publish","4":"format-standard","5":"has-post-thumbnail","7":"category-actualites","8":"tag-actualites","9":"tag-fr","10":"tag-france","11":"tag-news","12":"tag-pologne","13":"tag-republique-francaise","14":"tag-russie","15":"tag-vladimir-poutine"},"share_on_mastodon":{"url":"https:\/\/pubeurope.com\/@fr\/115174673276741834","error":""},"_links":{"self":[{"href":"https:\/\/www.europesays.com\/fr\/wp-json\/wp\/v2\/posts\/377851","targetHints":{"allow":["GET"]}}],"collection":[{"href":"https:\/\/www.europesays.com\/fr\/wp-json\/wp\/v2\/posts"}],"about":[{"href":"https:\/\/www.europesays.com\/fr\/wp-json\/wp\/v2\/types\/post"}],"author":[{"embeddable":true,"href":"https:\/\/www.europesays.com\/fr\/wp-json\/wp\/v2\/users\/2"}],"replies":[{"embeddable":true,"href":"https:\/\/www.europesays.com\/fr\/wp-json\/wp\/v2\/comments?post=377851"}],"version-history":[{"count":0,"href":"https:\/\/www.europesays.com\/fr\/wp-json\/wp\/v2\/posts\/377851\/revisions"}],"wp:featuredmedia":[{"embeddable":true,"href":"https:\/\/www.europesays.com\/fr\/wp-json\/wp\/v2\/media\/377852"}],"wp:attachment":[{"href":"https:\/\/www.europesays.com\/fr\/wp-json\/wp\/v2\/media?parent=377851"}],"wp:term":[{"taxonomy":"category","embeddable":true,"href":"https:\/\/www.europesays.com\/fr\/wp-json\/wp\/v2\/categories?post=377851"},{"taxonomy":"post_tag","embeddable":true,"href":"https:\/\/www.europesays.com\/fr\/wp-json\/wp\/v2\/tags?post=377851"}],"curies":[{"name":"wp","href":"https:\/\/api.w.org\/{rel}","templated":true}]}}